{"id":2592,"date":"2023-12-11T20:02:00","date_gmt":"2023-12-11T23:02:00","guid":{"rendered":"https:\/\/revistahubclub.com.br\/portal\/?p=2592"},"modified":"2024-12-15T20:03:21","modified_gmt":"2024-12-15T23:03:21","slug":"emater-lanca-site-de-venda-de-produtos-da-agricultura-familiar","status":"publish","type":"post","link":"https:\/\/revistahubclub.com.br\/portal\/2023\/12\/11\/emater-lanca-site-de-venda-de-produtos-da-agricultura-familiar\/","title":{"rendered":"Emater lan\u00e7a site de venda de produtos da agricultura familiar"},"content":{"rendered":"\n<p id=\"viewer-cdfvi\">Queijos, doces, caf\u00e9, biscoito, cacha\u00e7a, artesanato. Produtos t\u00edpicos do interior de Minas Gerais que fazem muito sucesso entre os consumidores de todo o pa\u00eds. A boa not\u00edcia \u00e9 que agora est\u00e1 mais f\u00e1cil adquirir estes e outros itens, comprando diretamente de quem produz. A <a target=\"_blank\" href=\"https:\/\/www.emater.mg.gov.br\/\" rel=\"noreferrer noopener\">Empresa de Assist\u00eancia T\u00e9cnica e Extens\u00e3o Rural de Minas Gerais (Emater-MG)<\/a> lan\u00e7ou nesta quarta-feira (6\/12) uma plataforma de vendas on-line, com uma ampla variedade de produtos do meio rural.<\/p>\n\n\n\n<p id=\"viewer-dik4913401\">O site \u00c9 do Campo (<a target=\"_blank\" href=\"http:\/\/www.edocampo.com.br\/\" rel=\"noreferrer noopener\">www.edocampo.com.br<\/a>) re\u00fane inicialmente a produ\u00e7\u00e3o de 40 agricultores mineiros. S\u00e3o aproximadamente 250 itens para escolha, que ser\u00e3o entregues no endere\u00e7o escolhido pelo comprador. O \u00c9 do Campo faz parte do Programa de Apoio \u00e0 Comercializa\u00e7\u00e3o Eletr\u00f4nica de Produtos e Servi\u00e7os da Agricultura Familiar desenvolvido pela empresa, com o objetivo de ampliar as vendas da agricultura familiar, gra\u00e7as \u00e0s tecnologias do com\u00e9rcio on-line.<\/p>\n\n\n\n<p id=\"viewer-rldho14413\">Nas pr\u00f3ximas semanas, mais 60 agricultores ter\u00e3o seus produtos inclu\u00eddos na plataforma.\u201cO programa \u00e9 dividido em dois pilares. Um deles \u00e9 a disponibiliza\u00e7\u00e3o desta plataforma de venda para os produtores. Mas n\u00e3o se restringe a isso. O outro pilar \u00e9 o servi\u00e7o de assist\u00eancia t\u00e9cnica e extens\u00e3o rural desenvolvido pela Emater-MG para todos os agricultores familiares que fazem parte do \u00c9 do Campo\u201d, afirma a coordenadora t\u00e9cnica estadual da empresa e gestora do projeto, Rhamillye Bartels.<\/p>\n\n\n\n<p id=\"viewer-bpixq14587\">Ela explica que esta assist\u00eancia t\u00e9cnica funciona como uma chancela. O trabalho dos profissionais da Emater-MG junto aos produtores familiares garante as boas pr\u00e1ticas de produ\u00e7\u00e3o daquilo que \u00e9 colocado \u00e0 venda no \u00c9 do Campo. \u201cOutra quest\u00e3o muito importante \u00e9 a venda sem atravessadores. O nosso objetivo \u00e9 ligar diretamente o produtor ao consumidor final. Ent\u00e3o tudo que est\u00e1 na plataforma \u00e9 produzido e comercializado pelo pr\u00f3prio agricultor\u201d, informa Bartels.<\/p>\n\n\n\n<p id=\"viewer-lwxh014760\">Quem faz as compras no site tem a op\u00e7\u00e3o de pagar com cart\u00e3o de cr\u00e9dito ou pix. Os produtores do \u00c9 do Campo passaram por capacita\u00e7\u00f5es promovidas pela Emater-MG para conhecer a plataforma de venda, saber como cadastrar os produtos, receber os pedidos, enviar a mercadoria e emitir nota fiscal.<\/p>\n\n\n\n<p id=\"viewer-t9a5114183\"><strong>Habilita\u00e7\u00e3o sanit\u00e1ria<\/strong><\/p>\n\n\n\n<p id=\"viewer-qhp1s14266\">A seguran\u00e7a alimentar \u00e9 outra quest\u00e3o levada em considera\u00e7\u00e3o ao selecionar os agricultores que participam do \u00c9 do Campo. Todos os produtos colocados \u00e0 venda possuem algum tipo de habilita\u00e7\u00e3o sanit\u00e1ria, que pode ser federal, estadual ou municipal.A tamb\u00e9m coordenadora t\u00e9cnica estadual da Emater-MG, Thiara Viggiano, explica que esta habilita\u00e7\u00e3o determina para onde o produtor poder\u00e1 vender seus produtos. \u201cNo caso de quem possui a habilita\u00e7\u00e3o sanit\u00e1ria municipal, por exemplo, poder\u00e1 vender apenas para o munic\u00edpio onde produz. Mas a maioria dos produtos ter\u00e1 entrega para todo o Brasil, pois possui habilita\u00e7\u00e3o sanit\u00e1ria federal\u201d, informa.<\/p>\n\n\n\n<p id=\"viewer-d0usc14039\"><strong>Produtores comemoram a iniciativa<\/strong><\/p>\n\n\n\n<p id=\"viewer-e360y14110\">A produtora rural Meire Ribeiro, do munic\u00edpio de Sabar\u00e1, na Regi\u00e3o Metropolitana de Belo Horizonte, est\u00e1 entusiasmada com a cria\u00e7\u00e3o do \u00c9 do Campo. Ela colocou \u00e0 venda na plataforma uma s\u00e9rie de produtos derivados da jabuticaba da marca Sabarabu\u00e7u, como molhos, doces em lata e geleias. Tudo com registro para venda em todo territ\u00f3rio nacional.\u201cMuito bacana a gente ter esta oportunidade de mostrar os nossos produtos para mais pessoas na internet, com o apoio da Emater. \u00c9 sensacional voc\u00ea ter esta chancela de que seu produto \u00e9 bom e de qualidade para oferecer ao p\u00fablico. \u00c9 uma oportunidade maravilhosa\u201d, comemora.A produtora diz que h\u00e1 anos conta com a assist\u00eancia t\u00e9cnica da Emater-MG para ampliar a sua produ\u00e7\u00e3o e criar uma agroind\u00fastria familiar. Tudo come\u00e7ou com um curso de produ\u00e7\u00e3o de geleia e licor de jabuticaba para as mulheres da comunidade. \u201cComecei fazendo 200 potes de geleia dentro de casa. Hoje a gente trabalha com 30 toneladas de jabuticaba por ano. Nos tornamos um dos maiores produtores de derivados de jabuticaba do Brasil\u201d, conta Meire Ribeiro.J\u00e1 no munic\u00edpio de Uberl\u00e2ndia, no Tri\u00e2ngulo Mineiro, uma fam\u00edlia de produtores est\u00e1 comercializando o famoso queijo Minas Artesanal no site \u00c9 do Campo. A produ\u00e7\u00e3o da premiada queijaria Ouro das Gerais \u00e9 de 70 pe\u00e7as por dia. Os queijos da fam\u00edlia j\u00e1 receberam, por exemplo, a medalha de prata do Mundial do Queijo de 2019, em Arax\u00e1, e a medalha de ouro no Pr\u00eamio Queijo Brasil, em 2023, realizado em Santa Catarina.\u201cA expectativa \u00e9 muito boa com o \u00c9 do Campo. Ser\u00e1 uma forma de otimizar nosso tempo e atender melhor o cliente. \u00c9 uma maneira tamb\u00e9m de fidelizar o consumidor, que sabe que o pedido vai ser entregue r\u00e1pido, com o frete mais barato\u201d, afirma o produtor Matheus Loreno.<\/p>\n\n\n\n<p id=\"viewer-er2cw13705\">De acordo com a coordenadora da Emater-MG, Thiara Viggiano, em muitos casos, a comercializa\u00e7\u00e3o on-line est\u00e1 criando uma nova din\u00e2mica nas fam\u00edlias rurais. \u201cH\u00e1 situa\u00e7\u00f5es em que o produtor rural n\u00e3o tem muito conhecimento sobre as ferramentas digitais. Ent\u00e3o os filhos est\u00e3o cuidando desta parte da comercializa\u00e7\u00e3o pela internet. S\u00e3o as pessoas que v\u00e3o ter o maior contato com a plataforma de venda\u201d, relata.<\/p>\n\n\n\n<p id=\"viewer-3v8xa13498\"><strong>Como participar<\/strong><\/p>\n\n\n\n<p id=\"viewer-ne8sb13425\">Os produtores interessados em comercializar no \u00c9 do Campo devem procurar os escrit\u00f3rios da Emater-MG, verificar se atendem os requisitos de participa\u00e7\u00e3o, preencher um cadastro e apresentar os documentos obrigat\u00f3rios conforme a mercadoria a ser vendida.Segundo a Emater-MG, novos produtos ser\u00e3o inclu\u00eddos no site semanalmente, sempre que os agricultores tiverem o cadastro aprovado.<\/p>\n\n\n\n<p id=\"viewer-nvbj413559\"><strong>Anivers\u00e1rio da Emater-MG<\/strong>O lan\u00e7amento do site \u00c9 do Campo faz parte das comemora\u00e7\u00f5es dos 75 anos da Emater-MG, completados no dia 6\/12. A empresa \u00e9 pioneira no servi\u00e7o p\u00fablico de assist\u00eancia t\u00e9cnica e extens\u00e3o rural no pa\u00eds.\u201cEsse \u00e9 mais um projeto estrat\u00e9gico do Governo do Estado. Houve muito empenho e dedica\u00e7\u00e3o. Hoje temos o primeiro marketplace p\u00fablico governamental do Brasil, voltado para valorizar a agricultura familiar\u201d, disse o presidente da Emater-MG, Ot\u00e1vio Maia, durante o lan\u00e7amento do \u00c9 do Campo.O lan\u00e7amento do \u00c9 do Campo fez parte do \u201cSemin\u00e1rio 75 anos da Ater P\u00fablica Governamental: Inova\u00e7\u00f5es e Solu\u00e7\u00f5es\u201d, promovido pela empresa em Caet\u00e9, na Regi\u00e3o Metropolitana de Belo Horizonte, nos dias 5 e 6\/12. Foram debatidos os cen\u00e1rios, desafios e perspectivas para o setor no Brasil. .A Emater-MG est\u00e1 presente em 811 munic\u00edpios mineiros e presta cerca de 2,7 milh\u00f5es de atendimentos por ano, priorizando a agricultura familiar.<\/p>\n","protected":false},"excerpt":{"rendered":"<p>Queijos, doces, caf\u00e9, biscoito, cacha\u00e7a, artesanato. Produtos t\u00edpicos do interior de Minas Gerais que fazem muito sucesso entre os consumidores de todo o pa\u00eds. A boa not\u00edcia \u00e9 que agora<\/p>\n","protected":false},"author":1,"featured_media":0,"comment_status":"open","ping_status":"open","sticky":false,"template":"","format":"standard","meta":{"footnotes":""},"categories":[1],"tags":[],"class_list":["post-2592","post","type-post","status-publish","format-standard","hentry","category-noticias"],"_links":{"self":[{"href":"https:\/\/revistahubclub.com.br\/portal\/wp-json\/wp\/v2\/posts\/2592","targetHints":{"allow":["GET"]}}],"collection":[{"href":"https:\/\/revistahubclub.com.br\/portal\/wp-json\/wp\/v2\/posts"}],"about":[{"href":"https:\/\/revistahubclub.com.br\/portal\/wp-json\/wp\/v2\/types\/post"}],"author":[{"embeddable":true,"href":"https:\/\/revistahubclub.com.br\/portal\/wp-json\/wp\/v2\/users\/1"}],"replies":[{"embeddable":true,"href":"https:\/\/revistahubclub.com.br\/portal\/wp-json\/wp\/v2\/comments?post=2592"}],"version-history":[{"count":1,"href":"https:\/\/revistahubclub.com.br\/portal\/wp-json\/wp\/v2\/posts\/2592\/revisions"}],"predecessor-version":[{"id":2593,"href":"https:\/\/revistahubclub.com.br\/portal\/wp-json\/wp\/v2\/posts\/2592\/revisions\/2593"}],"wp:attachment":[{"href":"https:\/\/revistahubclub.com.br\/portal\/wp-json\/wp\/v2\/media?parent=2592"}],"wp:term":[{"taxonomy":"category","embeddable":true,"href":"https:\/\/revistahubclub.com.br\/portal\/wp-json\/wp\/v2\/categories?post=2592"},{"taxonomy":"post_tag","embeddable":true,"href":"https:\/\/revistahubclub.com.br\/portal\/wp-json\/wp\/v2\/tags?post=2592"}],"curies":[{"name":"wp","href":"https:\/\/api.w.org\/{rel}","templated":true}]}}