{"id":2603,"date":"2023-12-08T20:06:00","date_gmt":"2023-12-08T23:06:00","guid":{"rendered":"https:\/\/revistahubclub.com.br\/portal\/?p=2603"},"modified":"2024-12-15T20:07:08","modified_gmt":"2024-12-15T23:07:08","slug":"conheca-o-catalogo-de-experiencias-turisticas-na-area-rural-lancado-pela-emater","status":"publish","type":"post","link":"https:\/\/revistahubclub.com.br\/portal\/2023\/12\/08\/conheca-o-catalogo-de-experiencias-turisticas-na-area-rural-lancado-pela-emater\/","title":{"rendered":"Conhe\u00e7a o cat\u00e1logo de experi\u00eancias tur\u00edsticas na \u00e1rea rural lan\u00e7ado pela Emater"},"content":{"rendered":"\n<p id=\"viewer-2dasn\">A <a target=\"_blank\" href=\"https:\/\/www.emater.mg.gov.br\/\" rel=\"noreferrer noopener\">Empresa de Assist\u00eancia T\u00e9cnica e Extens\u00e3o Rural do Estado de Minas Gerais (Emater-MG)<\/a> lan\u00e7ou, nesta quarta-feira (6\/12), o Ruralidade Viva \u2013 Cat\u00e1logo de Produtos e Experi\u00eancias Tur\u00edsticas da Agricultura Familiar e Produtores Rurais. Na publica\u00e7\u00e3o virtual, que est\u00e1 dispon\u00edvel no <a target=\"_blank\" href=\"http:\/\/www.emater.mg.gov.br\/\" rel=\"noreferrer noopener\">site da Emater-MG<\/a>, \u00e9 poss\u00edvel ter informa\u00e7\u00f5es sobre dezenas de propriedades que recebem visitantes, organizam roteiros tur\u00edsticos rurais e degusta\u00e7\u00f5es de produtos da agroind\u00fastria, como queijos artesanais, doces, caf\u00e9s e cacha\u00e7as.<\/p>\n\n\n\n<p id=\"viewer-zfc3g10934\">&#8220;O turismo vem para agregar valor \u00e0 produ\u00e7\u00e3o rural. E um dos desafios dos produtores \u00e9 conciliar o trabalho rotineiro nas propriedades, que \u00e9 muito intenso, com o atendimento aos turistas. Por isso, \u00e9 importante que as atividades sejam muito bem planejadas. No cat\u00e1logo, \u00e9 poss\u00edvel obter v\u00e1rias informa\u00e7\u00f5es e as particularidades de cada um, para que as experi\u00eancias sejam as melhores poss\u00edveis&#8221;, afirma a coordenadora estadual de Turismo e Artesanato da Emater-MG, Thatiana Garcia.<\/p>\n\n\n\n<p id=\"viewer-sgsg710707\">Para se ter ideia da diversidade de op\u00e7\u00f5es, com as informa\u00e7\u00f5es do cat\u00e1logo virtual lan\u00e7ado pela Emater-MG, \u00e9 poss\u00edvel agendar desde uma colheita de amoras em uma propriedade em Tiradentes, regi\u00e3o do Campo das Vertentes, com dura\u00e7\u00e3o aproximada de duas horas, at\u00e9 um circuito de dez cachoeiras, que leva cerca de oito dias para ser cumprido. Esta rota das cachoeiras fica em Concei\u00e7\u00e3o do Mato Dentro, na Serra do Espinha\u00e7o. Os cerca de 34 quil\u00f4metros podem ser percorridos a p\u00e9, a cavalo ou de bicicleta.<\/p>\n\n\n\n<p id=\"viewer-8103g10709\"><strong>Parcerias<\/strong><\/p>\n\n\n\n<p id=\"viewer-ub8om10711\">A coordenadora da Emater-MG destaca a import\u00e2ncia das parcerias institucionais para o desenvolvimento do turismo rural em Minas Gerais: &#8220;O trabalho da Emater-MG \u00e9 realizado conjuntamente com as secretarias municipais e estaduais de turismo, cultura e agricultura, que atuam tanto na capacita\u00e7\u00e3o dos produtores rurais, como na organiza\u00e7\u00e3o dos servi\u00e7os. E temos tamb\u00e9m o apoio das inst\u00e2ncias regionais, que s\u00e3o os Circuitos Tur\u00edsticos e as ag\u00eancias de viagens. Hoje, atendemos diretamente cerca de 2 mil produtores nas \u00e1reas de turismo rural e artesanato, mas h\u00e1 um grande potencial de crescimento&#8221;, informa Thatiana Garcia.<\/p>\n\n\n\n<p id=\"viewer-rsk6m10713\">O cat\u00e1logo Ruralidade Viva surgiu a partir de um projeto estrat\u00e9gico da Emater-MG, lan\u00e7ado em fevereiro de 2022. Desde ent\u00e3o, foram promovemos duas capacita\u00e7\u00f5es para os extensionistas da empresa, que atuam diretamente junto aos produtores rurais em diversos munic\u00edpios. A primeira, em parceria com a <a target=\"_blank\" href=\"http:\/\/www.secult.mg.gov.br\/\" rel=\"noreferrer noopener\">Secretaria de Estado de Cultura e Turismo<\/a>, abordou a Introdu\u00e7\u00e3o ao Turismo Rural, enquanto a segunda foi conduzida pela turism\u00f3loga Marina Simi\u00e3o, tendo como temas a Metodologia Patchwork e Turismo Criativo.<\/p>\n\n\n\n<p id=\"viewer-mrcmk10717\"><strong>Prepara\u00e7\u00e3o<\/strong><\/p>\n\n\n\n<p id=\"viewer-cru7210719\">De acordo com Thatiana Garcia, os extensionistas tamb\u00e9m tiveram a oportunidade de vivenciar experi\u00eancias de refer\u00eancia em campo. Uma delas foi realizada na regi\u00e3o de Diamantina, com \u00eanfase no Turismo de Base Comunit\u00e1ria e no resgate cultural do artesanato. A segunda aconteceu em S\u00e3o Jo\u00e3o del-Rei, proporcionando um mergulho profundo no turismo rural como fonte de renda, valoriza\u00e7\u00e3o da mulher e renova\u00e7\u00e3o da juventude rural.<\/p>\n\n\n\n<p id=\"viewer-3cqxl10721\">As a\u00e7\u00f5es do projeto inclu\u00edram ainda semin\u00e1rios de turismo rural, realizados em 11 unidades regionais da Emater-MG (Alfenas, Curvelo, Divin\u00f3polis, Guaxup\u00e9, Ipatinga, Juiz de Fora, Muria\u00e9, Passos, Pouso Alegre, S\u00e3o Jo\u00e3o del-Rei e Te\u00f3filo Otoni), que abrangeram 15 munic\u00edpios e cerca de 1 mil pessoas, entre agricultores familiares, produtores rurais, artes\u00e3os, profissionais da \u00e1rea do turismo e do setor p\u00fablico.&nbsp;Esses semin\u00e1rios foram realizados em parceria com prefeituras e profissionais do setor e abordaram t\u00f3picos como produ\u00e7\u00e3o associada ao turismo rural e oportunidades de neg\u00f3cios.<\/p>\n\n\n\n<p id=\"viewer-to11f10723\">O lan\u00e7amento do cat\u00e1logo Ruralidade Viva integra as comemora\u00e7\u00f5es do anivers\u00e1rio de 75 anos da Emater-MG. De acordo com a coordenadora Thatiana Garcia, a previs\u00e3o \u00e9 de que todos os anos o cat\u00e1logo seja atualizado, com a poss\u00edbilidade de ades\u00e3o de novas propriedades interessadas e que atendam aos requisitos, como habilita\u00e7\u00e3o sanit\u00e1ria e condi\u00e7\u00f5es adequadas de recep\u00e7\u00e3o dos turistas.<\/p>\n\n\n\n<p id=\"viewer-o1u3z12023\"><strong><em>Ag\u00eancia Minas<\/em><\/strong><\/p>\n","protected":false},"excerpt":{"rendered":"<p>A Empresa de Assist\u00eancia T\u00e9cnica e Extens\u00e3o Rural do Estado de Minas Gerais (Emater-MG) lan\u00e7ou, nesta quarta-feira (6\/12), o Ruralidade Viva \u2013 Cat\u00e1logo de Produtos e Experi\u00eancias Tur\u00edsticas da Agricultura<\/p>\n","protected":false},"author":1,"featured_media":2604,"comment_status":"open","ping_status":"open","sticky":false,"template":"","format":"standard","meta":{"footnotes":""},"categories":[1],"tags":[],"class_list":["post-2603","post","type-post","status-publish","format-standard","has-post-thumbnail","hentry","category-noticias"],"_links":{"self":[{"href":"https:\/\/revistahubclub.com.br\/portal\/wp-json\/wp\/v2\/posts\/2603","targetHints":{"allow":["GET"]}}],"collection":[{"href":"https:\/\/revistahubclub.com.br\/portal\/wp-json\/wp\/v2\/posts"}],"about":[{"href":"https:\/\/revistahubclub.com.br\/portal\/wp-json\/wp\/v2\/types\/post"}],"author":[{"embeddable":true,"href":"https:\/\/revistahubclub.com.br\/portal\/wp-json\/wp\/v2\/users\/1"}],"replies":[{"embeddable":true,"href":"https:\/\/revistahubclub.com.br\/portal\/wp-json\/wp\/v2\/comments?post=2603"}],"version-history":[{"count":1,"href":"https:\/\/revistahubclub.com.br\/portal\/wp-json\/wp\/v2\/posts\/2603\/revisions"}],"predecessor-version":[{"id":2605,"href":"https:\/\/revistahubclub.com.br\/portal\/wp-json\/wp\/v2\/posts\/2603\/revisions\/2605"}],"wp:featuredmedia":[{"embeddable":true,"href":"https:\/\/revistahubclub.com.br\/portal\/wp-json\/wp\/v2\/media\/2604"}],"wp:attachment":[{"href":"https:\/\/revistahubclub.com.br\/portal\/wp-json\/wp\/v2\/media?parent=2603"}],"wp:term":[{"taxonomy":"category","embeddable":true,"href":"https:\/\/revistahubclub.com.br\/portal\/wp-json\/wp\/v2\/categories?post=2603"},{"taxonomy":"post_tag","embeddable":true,"href":"https:\/\/revistahubclub.com.br\/portal\/wp-json\/wp\/v2\/tags?post=2603"}],"curies":[{"name":"wp","href":"https:\/\/api.w.org\/{rel}","templated":true}]}}