{"id":2606,"date":"2023-12-08T20:07:00","date_gmt":"2023-12-08T23:07:00","guid":{"rendered":"https:\/\/revistahubclub.com.br\/portal\/?p=2606"},"modified":"2024-12-15T20:07:48","modified_gmt":"2024-12-15T23:07:48","slug":"minas-gerais-fecha-novembro-com-alta-de-156-no-volume-de-empresas-abertas","status":"publish","type":"post","link":"https:\/\/revistahubclub.com.br\/portal\/2023\/12\/08\/minas-gerais-fecha-novembro-com-alta-de-156-no-volume-de-empresas-abertas\/","title":{"rendered":"Minas Gerais fecha novembro com alta de 15,6% no volume de empresas abertas"},"content":{"rendered":"\n<p id=\"viewer-dup49\">Minas Gerais encerrou o m\u00eas de novembro com um total de 6.706 constitui\u00e7\u00f5es empresariais em todo o estado, contra 5.799 em novembro de 2022.<\/p>\n\n\n\n<p id=\"viewer-tat3j3834\">A alta \u00e9 de 15,6%, a quarta maior eleva\u00e7\u00e3o apurada este ano, somente atr\u00e1s de janeiro (27,6% em 2023 em rela\u00e7\u00e3o a 2022), mar\u00e7o (21,7%) e outubro (18,5%).<\/p>\n\n\n\n<p id=\"viewer-7gjy38664\">Os dados constam do relat\u00f3rio mensal de registros mercantis divulgado nesta quinta-feira (7\/12) pela <a target=\"_blank\" href=\"https:\/\/jucemg.mg.gov.br\/\" rel=\"noreferrer noopener\">Junta Comercial de Minas Gerais (Jucemg)<\/a>, autarquia respons\u00e1vel por movimenta\u00e7\u00f5es como abertura, altera\u00e7\u00f5es e encerramentos empresariais.<\/p>\n\n\n\n<p id=\"viewer-ox6153931\">\u201cOs n\u00fameros de novembro mais uma vez mostram que Minas Gerais se firma como um polo atrativo para novos investimentos, com saldo positivo de novos neg\u00f3cios em todas as regi\u00f5es do Estado\u201d, avalia a nova presidente da Jucemg, Patr\u00edcia Vinte Di Iorio.<\/p>\n\n\n\n<p id=\"viewer-mm9ss3980\">Nomeada pelo governador Romeu Zema no in\u00edcio de novembro, Patr\u00edcia Vinte tomou posse no cargo em 27\/11, em solenidade na sede da autarquia, em Belo Horizonte. Na mesma ocasi\u00e3o, tomou posse tamb\u00e9m o novo vice-presidente, Iesser Anis Lauar.<\/p>\n\n\n\n<p id=\"viewer-d7h3q3984\"><strong>Acumulado do ano<\/strong><\/p>\n\n\n\n<p id=\"viewer-iug7c3988\">No acumulado do ano, Minas Gerais j\u00e1 registra 79.367 empresas abertas no Estado, o que representa alta de 10,08% em rela\u00e7\u00e3o ao volume registrado no mesmo per\u00edodo do ano passado, que foi de 72.098 novos neg\u00f3cios.<\/p>\n\n\n\n<p id=\"viewer-vupup3992\"><strong>Encerramentos<\/strong><\/p>\n\n\n\n<p id=\"viewer-aesv43996\">Em rela\u00e7\u00e3o aos encerramentos, novembro deste ano apresentou um total de 3.646 registros baixados em Minas, contra um total de 3.629 no mesmo per\u00edodo de 2022, representando uma varia\u00e7\u00e3o de 0,47%.<\/p>\n\n\n\n<p id=\"viewer-g0d8d4000\">Em rela\u00e7\u00e3o ao acumulado no ano, o balan\u00e7o aponta que houve, de janeiro a novembro, 44.822 encerramentos, contra 42.441 nos mesmos 11 meses do ano passado. A varia\u00e7\u00e3o \u00e9 de 5,62%.<\/p>\n\n\n\n<p id=\"viewer-row0h4004\"><strong>Dados regionais<\/strong><\/p>\n\n\n\n<p id=\"viewer-xb49e4008\">Conforme o relat\u00f3rio da Jucemg, todas as regi\u00f5es de Minas Gerais apresentaram alta no volume de empresas constitu\u00eddas em novembro deste ano em rela\u00e7\u00e3o ao m\u00eas de novembro do ano passado.<\/p>\n\n\n\n<p id=\"viewer-6uuyc4012\">Os maiores \u00edndices foram verificados no Alto Parana\u00edba (38,18%); Tri\u00e2ngulo (33,39%); Noroeste (19,83%); Jequitinhonha (16,95%) e Sul de Minas (16,76%). Em seguida, aparecem a Zona da Mata (13,53%); Central (12,43%); Centro-oeste (11,41%); Rio Doce (7,57%) e Norte de Minas (6,46%).<\/p>\n\n\n\n<p id=\"viewer-zrusu4016\"><strong>Ranking municipal<\/strong><\/p>\n\n\n\n<p id=\"viewer-enwiv4020\">O relat\u00f3rio mensal da Jucemg tamb\u00e9m informa o volume de empresas abertas por munic\u00edpio no m\u00eas de novembro.<\/p>\n\n\n\n<p id=\"viewer-ar98u4024\">Belo Horizonte lidera a listagem, com 1.732 novas empresas constitu\u00eddas no per\u00edodo. Em seguida, aparecem: Uberl\u00e2ndia (448 constitui\u00e7\u00f5es); Contagem (211); Juiz de Fora (199); Montes Claros (138); Uberaba (135); Patos de Minas (127); Betim (109); Governador Valadares (108) e Divin\u00f3polis (98).<\/p>\n\n\n\n<p id=\"viewer-mtk4t4028\">O balan\u00e7o da Jucemg considera empresas de qualquer porte, com exce\u00e7\u00e3o dos microempreendedores individuais (MEIs), cujas inscri\u00e7\u00f5es s\u00e3o realizadas diretamente no Portal do Empreendedor, do Governo Federal, sem passar pelas juntas comerciais estaduais.&nbsp;<\/p>\n","protected":false},"excerpt":{"rendered":"<p>Minas Gerais encerrou o m\u00eas de novembro com um total de 6.706 constitui\u00e7\u00f5es empresariais em todo o estado, contra 5.799 em novembro de 2022. A alta \u00e9 de 15,6%, a<\/p>\n","protected":false},"author":1,"featured_media":2608,"comment_status":"open","ping_status":"open","sticky":false,"template":"","format":"standard","meta":{"footnotes":""},"categories":[1],"tags":[],"class_list":["post-2606","post","type-post","status-publish","format-standard","has-post-thumbnail","hentry","category-noticias"],"_links":{"self":[{"href":"https:\/\/revistahubclub.com.br\/portal\/wp-json\/wp\/v2\/posts\/2606","targetHints":{"allow":["GET"]}}],"collection":[{"href":"https:\/\/revistahubclub.com.br\/portal\/wp-json\/wp\/v2\/posts"}],"about":[{"href":"https:\/\/revistahubclub.com.br\/portal\/wp-json\/wp\/v2\/types\/post"}],"author":[{"embeddable":true,"href":"https:\/\/revistahubclub.com.br\/portal\/wp-json\/wp\/v2\/users\/1"}],"replies":[{"embeddable":true,"href":"https:\/\/revistahubclub.com.br\/portal\/wp-json\/wp\/v2\/comments?post=2606"}],"version-history":[{"count":2,"href":"https:\/\/revistahubclub.com.br\/portal\/wp-json\/wp\/v2\/posts\/2606\/revisions"}],"predecessor-version":[{"id":2609,"href":"https:\/\/revistahubclub.com.br\/portal\/wp-json\/wp\/v2\/posts\/2606\/revisions\/2609"}],"wp:featuredmedia":[{"embeddable":true,"href":"https:\/\/revistahubclub.com.br\/portal\/wp-json\/wp\/v2\/media\/2608"}],"wp:attachment":[{"href":"https:\/\/revistahubclub.com.br\/portal\/wp-json\/wp\/v2\/media?parent=2606"}],"wp:term":[{"taxonomy":"category","embeddable":true,"href":"https:\/\/revistahubclub.com.br\/portal\/wp-json\/wp\/v2\/categories?post=2606"},{"taxonomy":"post_tag","embeddable":true,"href":"https:\/\/revistahubclub.com.br\/portal\/wp-json\/wp\/v2\/tags?post=2606"}],"curies":[{"name":"wp","href":"https:\/\/api.w.org\/{rel}","templated":true}]}}