{"id":2617,"date":"2023-12-07T20:09:00","date_gmt":"2023-12-07T23:09:00","guid":{"rendered":"https:\/\/revistahubclub.com.br\/portal\/?p=2617"},"modified":"2024-12-15T20:09:40","modified_gmt":"2024-12-15T23:09:40","slug":"resultados-do-pacto-pela-alfabetizacao-posicionam-uberlandia-como-uma-das-referencias-no-brasil","status":"publish","type":"post","link":"https:\/\/revistahubclub.com.br\/portal\/2023\/12\/07\/resultados-do-pacto-pela-alfabetizacao-posicionam-uberlandia-como-uma-das-referencias-no-brasil\/","title":{"rendered":"Resultados do Pacto pela Alfabetiza\u00e7\u00e3o posicionam Uberl\u00e2ndia como uma das refer\u00eancias no Brasil"},"content":{"rendered":"\n<p id=\"viewer-6ko45\"><em>74% das crian\u00e7as j\u00e1 saem alfabetizadas no segundo ano escolar<\/em><\/p>\n\n\n\n<p id=\"viewer-bh9dc\">Em 2023, enquanto apenas 36% das crian\u00e7as brasileiras concluem o segundo ano sabendo ler, em Uberl\u00e2ndia, 74% delas alcan\u00e7am a alfabetiza\u00e7\u00e3o. O desempenho dos estudantes do segundo ano em Uberl\u00e2ndia \u00e9 mais que o dobro da m\u00e9dia nacional. Indicadores mostram ainda que 70% das crian\u00e7as do primeiro ano est\u00e3o em condi\u00e7\u00f5es adequadas de alfabetiza\u00e7\u00e3o, considerando decodifica\u00e7\u00e3o, compreens\u00e3o e escrita.<\/p>\n\n\n\n<p id=\"viewer-bud3l\">Esses resultados s\u00e3o atribu\u00eddos ao Pacto pela Alfabetiza\u00e7\u00e3o, iniciativa colaborativa que promove uma educa\u00e7\u00e3o p\u00fablica de qualidade, come\u00e7ando com a alfabetiza\u00e7\u00e3o das crian\u00e7as na idade certa, a fim de garantir avan\u00e7o e melhor aprendizado ao longo da trajet\u00f3ria escolar.<\/p>\n\n\n\n<p id=\"viewer-7rl6u\">Os resultados do segundo ano de implanta\u00e7\u00e3o do Pacto pela Alfabetiza\u00e7\u00e3o em Uberl\u00e2ndia foram apresentados destacando a participa\u00e7\u00e3o de 11 mil crian\u00e7as do primeiro e segundo ano do ensino fundamental de 57 escolas da cidade no programa.<\/p>\n\n\n\n<p id=\"viewer-7mth0\"><strong>Evolu\u00e7\u00e3o constante<\/strong><\/p>\n\n\n\n<p id=\"viewer-f0tij\">A secret\u00e1ria Municipal de Educa\u00e7\u00e3o, Tania Toledo, destaca o avan\u00e7o significativo na alfabetiza\u00e7\u00e3o na cidade. \u201cUberl\u00e2ndia teve um grande avan\u00e7o na alfabetiza\u00e7\u00e3o e o engajamento de toda a comunidade escolar foi fundamental. Temos a ades\u00e3o de todas as escolas e professores da rede municipal. A estrutura\u00e7\u00e3o do ensino aliada \u00e0 gest\u00e3o r\u00e1pida de resultados criou um ambiente que permitiu que as crian\u00e7as n\u00e3o s\u00f3 leiam, mas leiam com flu\u00eancia. Sa\u00edmos \u00e0 frente de v\u00e1rias cidades brasileiras porque tivemos a coragem de implantar um programa novo, ousado, por\u00e9m planejado\u201c, avalia Tania Toledo.<\/p>\n\n\n\n<p id=\"viewer-blkk4\">Esta realidade foi poss\u00edvel porque o Instituto Projeto de Vida (IPV) conectou e envolveu a Prefeitura, o Instituto Raiar e empres\u00e1rios, por meio da Aciub, e todos se engajaram para transformar a realidade, alfabetizando as crian\u00e7as de Uberl\u00e2ndia na idade certa. &#8220;\u00c9 muito gratificante vivenciar as conquistas de resultados t\u00e3o impactantes\u201d, destaca Raquel Garcia, presidente executiva do Instituto Projeto de Vida.<\/p>\n\n\n\n<p id=\"viewer-2evud\">Segundo Jaqueline Machado, diretora-executiva do Instituto Raiar, organiza\u00e7\u00e3o estruturante do Pacto, Uberl\u00e2ndia vive um cen\u00e1rio de alfabetiza\u00e7\u00e3o inspirador para todo o pa\u00eds. &#8220;Como sociedade, precisamos de exemplos que mostrem que \u00e9 poss\u00edvel alfabetizar as crian\u00e7as na idade certa. As organiza\u00e7\u00f5es da sociedade civil devem apoiar as institui\u00e7\u00f5es p\u00fablicas a partir de programas baseados em ci\u00eancia e em evid\u00eancias de resultados, acelerando o amadurecimento das redes para lidar com a complexidade que existe no pa\u00eds para alfabetizar as crian\u00e7as na idade certa\u201d, afirma.<\/p>\n\n\n\n<p id=\"viewer-brtu7\"><strong>Resultados 2022 X 2023<\/strong><\/p>\n\n\n\n<p id=\"viewer-vo27\">\u02dcAs avalia\u00e7\u00f5es realizadas mostram avan\u00e7os not\u00e1veis, com o percentual de crian\u00e7as alfabetizadas j\u00e1 no primeiro ano comparado aos resultados de 2022, subindo de 56% para 70% em 2023 e no segundo ano de 69% para 74%. Comparado ao diagn\u00f3stico aplicado no final de 2021, quando apenas 6% das crian\u00e7as de 1\u00ba ano e 14% das crian\u00e7as de 2\u00ba anos sabiam ler, \u00e9 um avan\u00e7o enorme e s\u00e3o esses dados que tornam Uberl\u00e2ndia uma refer\u00eancia em alfabetiza\u00e7\u00e3o\u201d, refor\u00e7a Raquel Garcia.<\/p>\n\n\n\n<p id=\"viewer-4hn47\">&#8220;A partir do momento que a Prefeitura de Uberl\u00e2ndia optou pelo Pacto pela Alfabetiza\u00e7\u00e3o, proporcionou uma abordagem linear e consistente nas pr\u00e1ticas educacionais de todas as escolas do munic\u00edpio, resultando em igualdade de aprendizado para as crian\u00e7as, permitindo interven\u00e7\u00f5es precisas no momento em que eram necess\u00e1rias\u201d, avalia Ana Maria de Freitas, diretora da Escola Municipal Professora Josiany Fran\u00e7a.<\/p>\n\n\n\n<p id=\"viewer-rp0s\"><strong>Pacto pela Alfabetiza\u00e7\u00e3o<\/strong><\/p>\n\n\n\n<p id=\"viewer-c3qig\">O Pacto pela Alfabetiza\u00e7\u00e3o visa alfabetizar todos os estudantes at\u00e9 o segundo ano do ensino fundamental e recuperar a aprendizagem daqueles que ainda n\u00e3o alcan\u00e7aram essa habilidade e que se encontram no terceiro, quarto e quinto anos, dificultando a continuidade do processo de aprendizagem ou at\u00e9 mesmo excluindo muitos estudantes do contexto escolar.<\/p>\n\n\n\n<p id=\"viewer-iemi\">A implanta\u00e7\u00e3o do Pacto em Uberl\u00e2ndia est\u00e1 em conson\u00e2ncia o Compromisso Nacional Crian\u00e7a Alfabetizada que visa elevar a qualidade da alfabetiza\u00e7\u00e3o, combater o analfabetismo em todo o territ\u00f3rio brasileiro e promover pr\u00e1ticas de alfabetiza\u00e7\u00e3o mais eficazes, a fim de criar melhores condi\u00e7\u00f5es para o ensino e a aprendizagem das habilidades de leitura e de escrita em todo o pa\u00eds.<\/p>\n\n\n\n<p id=\"viewer-r05b\">A metodologia aplicada faz uso de evid\u00eancias e acompanhamentos do desenvolvimento de cada aluno, turma e escola, avaliando conquistas e corrigindo lacunas de aprendizagem quando necess\u00e1rio. O programa ainda oferece capacita\u00e7\u00f5es aos professores, modelagem de gest\u00e3o, qualifica\u00e7\u00e3o dos processos de aprendizagem e incentiva a atua\u00e7\u00e3o em rede com a uni\u00e3o da comunidade escolar pelo ideal de uma educa\u00e7\u00e3o em constante melhorias.<\/p>\n\n\n\n<p id=\"viewer-cn2uh\">Em Uberl\u00e2ndia, a SME estabeleceu parcerias com o Instituto Projeto de Vida (de Uberl\u00e2ndia), co-financiadores do programa que se uniu com empres\u00e1rios e o Instituto Raiar (de Bras\u00edlia), organiza\u00e7\u00e3o estruturante do Pacto pela Alfabetiza\u00e7\u00e3o.<\/p>\n\n\n\n<p id=\"viewer-ak9a3\"><strong>Sobre o Instituto Projeto de Vida<\/strong><\/p>\n\n\n\n<p id=\"viewer-6pc15\">O Instituto Projeto de Vida \u00e9 uma organiza\u00e7\u00e3o social que surgiu em 2018 como forma pr\u00e1tica de dar oportunidades a pessoas, comunidades e escolas atrav\u00e9s da educa\u00e7\u00e3o e da disponibilidade de ferramentas e profissionais que auxiliam no desenvolvimento profissional e humano dos beneficiados pelos nossos programas. O IPV tem como foco levar solu\u00e7\u00f5es que gerem impacto por onde passar. A mudan\u00e7a de vida, cria\u00e7\u00e3o de oportunidades e desenvolvimento pessoal e comportamental de cada beneficiado \u00e9 o que move o instituto.<\/p>\n\n\n\n<p><a href=\"https:\/\/institutoprojetodevida.org\">https:\/\/institutoprojetodevida.org<\/a><\/p>\n","protected":false},"excerpt":{"rendered":"<p>74% das crian\u00e7as j\u00e1 saem alfabetizadas no segundo ano escolar Em 2023, enquanto apenas 36% das crian\u00e7as brasileiras concluem o segundo ano sabendo ler, em Uberl\u00e2ndia, 74% delas alcan\u00e7am a<\/p>\n","protected":false},"author":1,"featured_media":2618,"comment_status":"open","ping_status":"open","sticky":false,"template":"","format":"standard","meta":{"footnotes":""},"categories":[1],"tags":[],"class_list":["post-2617","post","type-post","status-publish","format-standard","has-post-thumbnail","hentry","category-noticias"],"_links":{"self":[{"href":"https:\/\/revistahubclub.com.br\/portal\/wp-json\/wp\/v2\/posts\/2617","targetHints":{"allow":["GET"]}}],"collection":[{"href":"https:\/\/revistahubclub.com.br\/portal\/wp-json\/wp\/v2\/posts"}],"about":[{"href":"https:\/\/revistahubclub.com.br\/portal\/wp-json\/wp\/v2\/types\/post"}],"author":[{"embeddable":true,"href":"https:\/\/revistahubclub.com.br\/portal\/wp-json\/wp\/v2\/users\/1"}],"replies":[{"embeddable":true,"href":"https:\/\/revistahubclub.com.br\/portal\/wp-json\/wp\/v2\/comments?post=2617"}],"version-history":[{"count":1,"href":"https:\/\/revistahubclub.com.br\/portal\/wp-json\/wp\/v2\/posts\/2617\/revisions"}],"predecessor-version":[{"id":2619,"href":"https:\/\/revistahubclub.com.br\/portal\/wp-json\/wp\/v2\/posts\/2617\/revisions\/2619"}],"wp:featuredmedia":[{"embeddable":true,"href":"https:\/\/revistahubclub.com.br\/portal\/wp-json\/wp\/v2\/media\/2618"}],"wp:attachment":[{"href":"https:\/\/revistahubclub.com.br\/portal\/wp-json\/wp\/v2\/media?parent=2617"}],"wp:term":[{"taxonomy":"category","embeddable":true,"href":"https:\/\/revistahubclub.com.br\/portal\/wp-json\/wp\/v2\/categories?post=2617"},{"taxonomy":"post_tag","embeddable":true,"href":"https:\/\/revistahubclub.com.br\/portal\/wp-json\/wp\/v2\/tags?post=2617"}],"curies":[{"name":"wp","href":"https:\/\/api.w.org\/{rel}","templated":true}]}}