{"id":2631,"date":"2023-12-06T20:11:00","date_gmt":"2023-12-06T23:11:00","guid":{"rendered":"https:\/\/revistahubclub.com.br\/portal\/?p=2631"},"modified":"2024-12-15T20:12:16","modified_gmt":"2024-12-15T23:12:16","slug":"cafe-regenerativo-da-regiao-do-cerrado-mineiro-atinge-valor-inedito-de-r-68-mil","status":"publish","type":"post","link":"https:\/\/revistahubclub.com.br\/portal\/2023\/12\/06\/cafe-regenerativo-da-regiao-do-cerrado-mineiro-atinge-valor-inedito-de-r-68-mil\/","title":{"rendered":"Caf\u00e9 regenerativo da Regi\u00e3o do Cerrado Mineiro atinge valor in\u00e9dito de R$ 68 mil"},"content":{"rendered":"\n<p id=\"viewer-dqgik\">Destaque no 11\u00ba Pr\u00eamio Regi\u00e3o do Cerrado Mineiro, Leil\u00e3o Solid\u00e1rio foi uma das principais atra\u00e7\u00f5es do evento<\/p>\n\n\n\n<p id=\"viewer-f4eeo\">Uma das principais atra\u00e7\u00f5es do 11\u00ba Pr\u00eamio Regi\u00e3o do Cerrado Mineiro, o Leil\u00e3o Solid\u00e1rio, registrou um recorde hist\u00f3rico com a saca de caf\u00e9 mais valorizada, arrematada por R$ 68 mil.<\/p>\n\n\n\n<p id=\"viewer-d830a\">O lote especial pertence ao produtor Jos\u00e9 Ricardo de Carvalho, da fazenda Estrela Carvalho, de Coromandel (MG), que obteve o primeiro lugar no Pr\u00eamio, na categoria Natural. A saca de caf\u00e9 regenerativo foi adquirida pelo cons\u00f3rcio formado por Caf\u00e9 Cajub\u00e1, Nutrade, Expocacer, Cafebras e Volcafe.<\/p>\n\n\n\n<p id=\"viewer-e4d6p\">O leil\u00e3o permitiu a aquisi\u00e7\u00e3o presencial dos caf\u00e9s mais bem avaliados nas categorias Cereja Descascado, Fermenta\u00e7\u00e3o Induzida e Natural. Conduzido por Mauro L\u00facio dos Santos, da Investbras Agente Aut\u00f4nomo de Investimentos, o leil\u00e3o incluiu 11 lotes dos 60 ranqueados, sendo cinco da categoria Natural, tr\u00eas da Cereja Descascado e tr\u00eas da Fermenta\u00e7\u00e3o Induzida, totalizando R$ 243 mil em arrecada\u00e7\u00e3o.<\/p>\n\n\n\n<p id=\"viewer-61mfg\">70% do valor total arrecadado ser\u00e1 integralmente doado e dividido entre duas causas importantes. Desse montante, R$ 102.060 ser\u00e1 destinado ao Hospital do Amor de Patroc\u00ednio, que atende pacientes com c\u00e2ncer em diversos munic\u00edpios da Regi\u00e3o do Cerrado Mineiro, e R$ 68.040 ser\u00e3o direcionados aos projetos vencedores do Trof\u00e9u Escola de Atitude. Uma parte do percentual restante ser\u00e1 destinada aos produtores respons\u00e1veis pelos caf\u00e9s.<\/p>\n\n\n\n<p id=\"viewer-b45s6\">&#8220;Desde 1981, temos realizado um trabalho em equipe dedicado \u00e0 recupera\u00e7\u00e3o do Cerrado e participado ativamente de todas as atividades da fazenda. \u00c9 uma satisfa\u00e7\u00e3o imensa. Produzir pode ser simples, mas o desafio est\u00e1 em criar um caf\u00e9 especial&#8221;, avalia o cafeicultor Jos\u00e9 Ricardo de Carvalho.<\/p>\n\n\n\n<p id=\"viewer-2jpha\">De acordo com o diretor superintendente da Expocacer, Sim\u00e3o Pedro de Lima, a qualidade desse caf\u00e9 surpreendeu positivamente. \u201cO pre\u00e7o pago pelos adquirentes reflete o valor agregado, ou seja, a forma de produ\u00e7\u00e3o, colheita e preparo p\u00f3s-colheita. \u00c9 uma forma de reconhecer a dedica\u00e7\u00e3o do produtor. \u00c9 um caf\u00e9 para presentear os amantes da qualidade\u201d, ressalta.<\/p>\n\n\n\n<p id=\"viewer-9tqce\">&#8220;Este caf\u00e9 \u00e9 \u00fanico, n\u00e3o tem pre\u00e7o e sua qualidade \u00e9 excepcional. Por isso, pagamos esse valor pela saca, juntamente com as outras empresas do cons\u00f3rcio. A parceria entre os produtores do Cerrado Mineiro e a ind\u00fastria brasileira, especialmente o Caf\u00e9 Cajub\u00e1, \u00e9 salutar&#8221;, destaca M\u00e1rcio Reis Maia, diretor comercial do Caf\u00e9 Cajub\u00e1.<\/p>\n\n\n\n<p id=\"viewer-bo5k4\">O diretor executivo da Federa\u00e7\u00e3o dos Cafeicultores do Cerrado, Juliano Tarabal, destaca que o caf\u00e9 em quest\u00e3o \u00e9 org\u00e2nico e produzido por meio de pr\u00e1ticas de agricultura regenerativa, representando uma quebra de paradigmas e exemplificando o caminho da sustentabilidade. &#8220;Expressamos nosso agradecimento ao cons\u00f3rcio respons\u00e1vel pela aquisi\u00e7\u00e3o e investimento nesse caf\u00e9\u201d.<\/p>\n\n\n\n<p id=\"viewer-1e4ik\">\u201cParticipamos com muita alegria do cons\u00f3rcio que adquiriu o lote campe\u00e3o por duas quest\u00f5es: contribuir com uma causa social nobre que \u00e9 o Hospital do Amor e para valorizar a dedica\u00e7\u00e3o dos produtores que enxergam na qualidade um diferencial competitivo em seus neg\u00f3cios\u201d, pontua Eust\u00e1quio Miranda, CEO Cafebras.<\/p>\n\n\n\n<p id=\"viewer-a1n88\"><strong>Sobre o Pr\u00eamio<\/strong> O 11\u00ba Pr\u00eamio Regi\u00e3o do Cerrado Mineiro (RCM) \u00e9 promovido anualmente pela Federa\u00e7\u00e3o dos Cafeicultores do Cerrado com o apoio do Sebrae Minas e visa reconhecer e premiar os melhores caf\u00e9s dos 55 munic\u00edpios que comp\u00f5em a Regi\u00e3o, valorizando o esfor\u00e7o dos cafeicultores na produ\u00e7\u00e3o de caf\u00e9s de alta qualidade, al\u00e9m de destacar a responsabilidade e rastreabilidade na produ\u00e7\u00e3o de caf\u00e9 e celebrar a safra anual.<\/p>\n\n\n\n<p id=\"viewer-74ros\">A iniciativa tem a realiza\u00e7\u00e3o das cooperativas Carmocer, Carpec, Coocacer Araguari, Coopadap, Expocacer e MonteCCer, integrando ainda as sete associa\u00e7\u00f5es: ACA, Acarpa, Amoca, Appcer, Assocaf\u00e9, Assogotardo e GRE Caf\u00e9 \u2013 Regi\u00e3o de Arax\u00e1 como apoiadoras.<\/p>\n\n\n\n<p><\/p>\n","protected":false},"excerpt":{"rendered":"<p>Destaque no 11\u00ba Pr\u00eamio Regi\u00e3o do Cerrado Mineiro, Leil\u00e3o Solid\u00e1rio foi uma das principais atra\u00e7\u00f5es do evento Uma das principais atra\u00e7\u00f5es do 11\u00ba Pr\u00eamio Regi\u00e3o do Cerrado Mineiro, o Leil\u00e3o<\/p>\n","protected":false},"author":1,"featured_media":2632,"comment_status":"open","ping_status":"open","sticky":false,"template":"","format":"standard","meta":{"footnotes":""},"categories":[1],"tags":[],"class_list":["post-2631","post","type-post","status-publish","format-standard","has-post-thumbnail","hentry","category-noticias"],"_links":{"self":[{"href":"https:\/\/revistahubclub.com.br\/portal\/wp-json\/wp\/v2\/posts\/2631","targetHints":{"allow":["GET"]}}],"collection":[{"href":"https:\/\/revistahubclub.com.br\/portal\/wp-json\/wp\/v2\/posts"}],"about":[{"href":"https:\/\/revistahubclub.com.br\/portal\/wp-json\/wp\/v2\/types\/post"}],"author":[{"embeddable":true,"href":"https:\/\/revistahubclub.com.br\/portal\/wp-json\/wp\/v2\/users\/1"}],"replies":[{"embeddable":true,"href":"https:\/\/revistahubclub.com.br\/portal\/wp-json\/wp\/v2\/comments?post=2631"}],"version-history":[{"count":1,"href":"https:\/\/revistahubclub.com.br\/portal\/wp-json\/wp\/v2\/posts\/2631\/revisions"}],"predecessor-version":[{"id":2633,"href":"https:\/\/revistahubclub.com.br\/portal\/wp-json\/wp\/v2\/posts\/2631\/revisions\/2633"}],"wp:featuredmedia":[{"embeddable":true,"href":"https:\/\/revistahubclub.com.br\/portal\/wp-json\/wp\/v2\/media\/2632"}],"wp:attachment":[{"href":"https:\/\/revistahubclub.com.br\/portal\/wp-json\/wp\/v2\/media?parent=2631"}],"wp:term":[{"taxonomy":"category","embeddable":true,"href":"https:\/\/revistahubclub.com.br\/portal\/wp-json\/wp\/v2\/categories?post=2631"},{"taxonomy":"post_tag","embeddable":true,"href":"https:\/\/revistahubclub.com.br\/portal\/wp-json\/wp\/v2\/tags?post=2631"}],"curies":[{"name":"wp","href":"https:\/\/api.w.org\/{rel}","templated":true}]}}