{"id":2654,"date":"2023-12-05T20:15:00","date_gmt":"2023-12-05T23:15:00","guid":{"rendered":"https:\/\/revistahubclub.com.br\/portal\/?p=2654"},"modified":"2024-12-15T20:18:11","modified_gmt":"2024-12-15T23:18:11","slug":"curtas-produzidos-no-trakinagem-sao-exibidos-na-ix-mostra-kino-e-na-xiii-mostra-estudantil-de-cinema","status":"publish","type":"post","link":"https:\/\/revistahubclub.com.br\/portal\/2023\/12\/05\/curtas-produzidos-no-trakinagem-sao-exibidos-na-ix-mostra-kino-e-na-xiii-mostra-estudantil-de-cinema\/","title":{"rendered":"Curtas produzidos no Trakinagem s\u00e3o exibidos na IX Mostra Kino e na XIII Mostra Estudantil de Cinema"},"content":{"rendered":"\n<p id=\"viewer-4q6ki\"><em><br>Meteoro e Canal foram selecionados para mostra que acontece de 4 a 6 de dezembro<\/em><\/p>\n\n\n\n<p id=\"viewer-desjn\">Dois curtas-metragens de fic\u00e7\u00e3o do projeto Trakinagem, Cinema e Educa\u00e7\u00e3o, produzidos por alunos das institui\u00e7\u00f5es parceiras Associa\u00e7\u00e3o Desenvolvendo Vida e Miss\u00e3o (ADVEM) e Creches Comunit\u00e1rias Associadas de Uberl\u00e2ndia (CCAU), unidade do bairro Cana\u00e3, foram selecionados para participar da IX Mostra Kino e da XIII Mostra Estudantil de Cinema de Campinas, que acontecem de 4 a 6 de dezembro.<\/p>\n\n\n\n<p id=\"viewer-d037d\">Meteoro e Canal foram dirigidos pelo instrutor Cristiano Barbosa no primeiro bimestre de 2023. A narrativa de cada um \u00e9 muito criativa, traz um contexto divertido, produzido coletivamente. Os cen\u00e1rios usados foram os lugares dispon\u00edveis dentro e no entorno das institui\u00e7\u00f5es parceiras.<\/p>\n\n\n\n<p id=\"viewer-3ek2s\">Canal, por exemplo, \u00e9 um filme de fic\u00e7\u00e3o que mostra como alien\u00edgenas disfar\u00e7ados no cotidiano t\u00eam um plano para invadir a Terra (<a target=\"_blank\" href=\"https:\/\/www.youtube.com\/watch?v=v8dZ7s-NZco\" rel=\"noreferrer noopener\">https:\/\/www.youtube.com\/watch?v=v8dZ7s-NZco<\/a>).<\/p>\n\n\n\n<p id=\"viewer-fl7ka\">J\u00e1 o curta Meteoro se baseia no fragmento que caiu no bairro e Orlando descobre um poder que vem do espa\u00e7o (<a target=\"_blank\" href=\"https:\/\/www.youtube.com\/watch?v=Pwqt3CwfHQU\" rel=\"noreferrer noopener\">https:\/\/www.youtube.com\/watch?v=Pwqt3CwfHQU<\/a>).<\/p>\n\n\n\n<p id=\"viewer-d4amc\">\u201cEssa conquista representa n\u00e3o apenas um reconhecimento do talento e dedica\u00e7\u00e3o dos jovens, mas tamb\u00e9m a valida\u00e7\u00e3o do impacto positivo que o Trakinagem conquistou no circuito de festivais de cinema e educa\u00e7\u00e3o. Ver nossos curtas sendo selecionados para esses eventos de prest\u00edgio nacional \u00e9 um testemunho da qualidade das nossas cria\u00e7\u00f5es, bem como do comprometimento e paix\u00e3o de cada membro da equipe, estudantes e patrocinadores do projeto\u201d, diz Cristiano Barbosa, coordenador do Trakinagem.<\/p>\n\n\n\n<p id=\"viewer-c8dv5\">A gerente do Instituto Algar, Carolina Toffoli Rodrigues, acrescentou que a Mostra Kino e a Mostra Estudantil de Cinema de Campinas s\u00e3o espa\u00e7os importantes para celebrar a diversidade e a criatividade no mundo do cinema. \u201cEstamos muitos felizes com o resultado e a visibilidade do projeto em mostras t\u00e3o respeitadas\u201d, ressalta.<\/p>\n\n\n\n<p id=\"viewer-8khv3\">O projeto Trakinagem Cinema e Educa\u00e7\u00e3o \u00e9 patrocinado pelo Instituto Algar, por meio da Lei Estadual de Incentivo \u00e0 Cultura de Minas Gerais, realizado pela produtora O Sopro do Tempo e Governo de Minas Gerais. Governo Diferente, Estado Eficiente.<\/p>\n\n\n\n<p id=\"viewer-cu64l\"><strong>Sobre o Instituto Algar<\/strong><\/p>\n\n\n\n<p id=\"viewer-mpsq\">H\u00e1 mais de duas d\u00e9cadas, o Instituto Algar se dedica a contribuir com o desenvolvimento de pessoas. De forma colaborativa, unimos esfor\u00e7os e institui\u00e7\u00f5es para desenvolver a comunidade, por meio da educa\u00e7\u00e3o, do esporte, da cultura e do voluntariado. Enxergar o potencial de cada crian\u00e7a, adolescente e jovem dos nossos programas sociais \u00e9 o que nos inspira. Nessa trajet\u00f3ria, mais de meio milh\u00e3o de vidas j\u00e1 foram transformadas. Instituto Algar; conectando pessoas \u00e0s oportunidades.<\/p>\n\n\n\n<p id=\"viewer-a8qgc\"><strong>Sobre a produtora O Sopro do Tempo<\/strong><\/p>\n\n\n\n<p id=\"viewer-44daj\">Produtora de cinema e audiovisual criada em 2009 na cidade de Uberl\u00e2ndia que conta com diversos filmes exibidos e premiados em diversos festivais no Brasil e no exterior. Na sua filmografia consta 16 filmes de curta metragem (13 de fic\u00e7\u00e3o e 3 document\u00e1rios), 06 filmes de longa metragem (1 fic\u00e7\u00e3o e 5 document\u00e1rios) e 01 S\u00e9rie para TV com 10 epis\u00f3dios. \u00c9 tamb\u00e9m realizadora das mostras de cinema Contorno \u2013 Cinema Independente e da Borda, e do Trakinagem Cinema e Educa\u00e7\u00e3o, visando educa\u00e7\u00e3o, forma\u00e7\u00e3o de p\u00fablico e o fomento da cadeia produtiva do cinema. Saiba mais em: <a target=\"_blank\" href=\"http:\/\/www.osoprodotempo.com\/\" rel=\"noreferrer noopener\">www.osoprodotempo.com<\/a>.<\/p>\n","protected":false},"excerpt":{"rendered":"<p>Meteoro e Canal foram selecionados para mostra que acontece de 4 a 6 de dezembro Dois curtas-metragens de fic\u00e7\u00e3o do projeto Trakinagem, Cinema e Educa\u00e7\u00e3o, produzidos por alunos das institui\u00e7\u00f5es<\/p>\n","protected":false},"author":1,"featured_media":2655,"comment_status":"open","ping_status":"open","sticky":false,"template":"","format":"standard","meta":{"footnotes":""},"categories":[1],"tags":[],"class_list":["post-2654","post","type-post","status-publish","format-standard","has-post-thumbnail","hentry","category-noticias"],"_links":{"self":[{"href":"https:\/\/revistahubclub.com.br\/portal\/wp-json\/wp\/v2\/posts\/2654","targetHints":{"allow":["GET"]}}],"collection":[{"href":"https:\/\/revistahubclub.com.br\/portal\/wp-json\/wp\/v2\/posts"}],"about":[{"href":"https:\/\/revistahubclub.com.br\/portal\/wp-json\/wp\/v2\/types\/post"}],"author":[{"embeddable":true,"href":"https:\/\/revistahubclub.com.br\/portal\/wp-json\/wp\/v2\/users\/1"}],"replies":[{"embeddable":true,"href":"https:\/\/revistahubclub.com.br\/portal\/wp-json\/wp\/v2\/comments?post=2654"}],"version-history":[{"count":1,"href":"https:\/\/revistahubclub.com.br\/portal\/wp-json\/wp\/v2\/posts\/2654\/revisions"}],"predecessor-version":[{"id":2656,"href":"https:\/\/revistahubclub.com.br\/portal\/wp-json\/wp\/v2\/posts\/2654\/revisions\/2656"}],"wp:featuredmedia":[{"embeddable":true,"href":"https:\/\/revistahubclub.com.br\/portal\/wp-json\/wp\/v2\/media\/2655"}],"wp:attachment":[{"href":"https:\/\/revistahubclub.com.br\/portal\/wp-json\/wp\/v2\/media?parent=2654"}],"wp:term":[{"taxonomy":"category","embeddable":true,"href":"https:\/\/revistahubclub.com.br\/portal\/wp-json\/wp\/v2\/categories?post=2654"},{"taxonomy":"post_tag","embeddable":true,"href":"https:\/\/revistahubclub.com.br\/portal\/wp-json\/wp\/v2\/tags?post=2654"}],"curies":[{"name":"wp","href":"https:\/\/api.w.org\/{rel}","templated":true}]}}