{"id":2730,"date":"2023-11-27T09:22:00","date_gmt":"2023-11-27T12:22:00","guid":{"rendered":"https:\/\/revistahubclub.com.br\/portal\/?p=2730"},"modified":"2024-12-16T09:23:33","modified_gmt":"2024-12-16T12:23:33","slug":"two-interiores-moveis-planejados-podem-desempenhar-um-papel-significativo-na-valorizacao-de-imoveis","status":"publish","type":"post","link":"https:\/\/revistahubclub.com.br\/portal\/2023\/11\/27\/two-interiores-moveis-planejados-podem-desempenhar-um-papel-significativo-na-valorizacao-de-imoveis\/","title":{"rendered":"TWO Interiores: M\u00f3veis planejados podem desempenhar um papel significativo na valoriza\u00e7\u00e3o de im\u00f3veis"},"content":{"rendered":"\n<p id=\"viewer-b0coj\"><strong>Est\u00e9tica e funcionalidade<\/strong><\/p>\n\n\n\n<p id=\"viewer-8tjai\">Os m\u00f3veis planejados da Two Interiores s\u00e3o projetados de acordo com as necessidades e prefer\u00eancias do propriet\u00e1rio e do espa\u00e7o dispon\u00edvel. Eles s\u00e3o feitos sob medida para se encaixarem perfeitamente e otimizarem o uso do espa\u00e7o. Essa personaliza\u00e7\u00e3o resulta em um layout bem planejado, com m\u00f3veis que se encaixam em todos os espa\u00e7os, proporcionando uma apar\u00eancia esteticamente agrad\u00e1vel e funcional.<\/p>\n\n\n\n<p id=\"viewer-bk3u5\"><strong>Aproveitamento m\u00e1ximo do espa\u00e7o<\/strong> Muitas vezes, os im\u00f3veis t\u00eam espa\u00e7os irregulares, como cantos ou \u00e1reas com tetos inclinados, que podem ser dif\u00edceis de mobiliar com m\u00f3veis convencionais. Os m\u00f3veis planejados podem ser projetados especificamente para esses espa\u00e7os, aproveitando ao m\u00e1ximo cada cent\u00edmetro dispon\u00edvel. Isso aumenta a capacidade de armazenamento e melhora a funcionalidade do im\u00f3vel.<\/p>\n\n\n\n<p id=\"viewer-fg7uv\"><strong>Qualidade e durabilidade<\/strong><\/p>\n\n\n\n<p id=\"viewer-asdvu\">Os m\u00f3veis planejados produzidos pela Two Interiores s\u00e3o feitos com materiais de alta qualidade, como madeira maci\u00e7a, compensado laminado ou MDF (fibra de m\u00e9dia densidade). Esses materiais s\u00e3o mais dur\u00e1veis e resistentes do que os utilizados em m\u00f3veis pr\u00e9-fabricados. A qualidade superior dos m\u00f3veis planejados aumenta sua vida \u00fatil e os torna mais atraentes para potenciais compradores.<\/p>\n\n\n\n<p id=\"viewer-aei17\"><strong>Valor percebido<\/strong><\/p>\n\n\n\n<p id=\"viewer-1nlcp\">A presen\u00e7a de m\u00f3veis planejados com a qualidade da Two Interiores em um im\u00f3vel pode influenciar a percep\u00e7\u00e3o do comprador em rela\u00e7\u00e3o ao valor do im\u00f3vel como um todo. A sensa\u00e7\u00e3o de exclusividade e personaliza\u00e7\u00e3o que esses m\u00f3veis proporcionam pode destacar a propriedade em compara\u00e7\u00e3o com outras op\u00e7\u00f5es dispon\u00edveis no mercado. Al\u00e9m disso, os clientes podem considerar o custo e o tempo necess\u00e1rios para instalar m\u00f3veis personalizados e podem estar dispostos a pagar um pre\u00e7o mais alto por um im\u00f3vel que j\u00e1 inclua esses recursos.<\/p>\n\n\n\n<figure class=\"wp-block-image\"><img decoding=\"async\" src=\"https:\/\/static.wixstatic.com\/media\/faf46e_33ca1ce222d24d66bbbdef9af6a6e6ee~mv2.jpg\/v1\/fill\/w_666,h_317,al_c,q_80,usm_0.66_1.00_0.01,enc_auto\/faf46e_33ca1ce222d24d66bbbdef9af6a6e6ee~mv2.jpg\" alt=\"\"\/><\/figure>\n\n\n\n<p id=\"viewer-bo13e\"><strong>Organiza\u00e7\u00e3o e praticidade<\/strong><\/p>\n\n\n\n<p id=\"viewer-4c6ss\">Os m\u00f3veis planejados da Two Interiores s\u00e3o projetados levando em considera\u00e7\u00e3o a organiza\u00e7\u00e3o e a praticidade. Eles podem incluir recursos como prateleiras ajust\u00e1veis, gavetas com divis\u00f3rias personalizadas, sistemas de armazenamentos ocultos e solu\u00e7\u00f5es inteligentes de organiza\u00e7\u00e3o. Esses recursos facilitam a vida dos moradores e contribuem para um ambiente mais organizado e funcional.<\/p>\n\n\n\n<p id=\"viewer-74td9\">H\u00e1 uma demanda crescente na cidade de Uberl\u00e2ndia e regi\u00e3o por singularidade e exclusividade na produ\u00e7\u00e3o de mobili\u00e1rio. A TWO surgiu ent\u00e3o com o objetivo de atender esta necessidade, entregando personalidade, qualidade e signifi cado em cozinhas, closets, pain\u00e9is e outros m\u00f3veis, equilibrando o trabalho manual da marcenaria com a tecnologia e capacidade da ind\u00fastria.<\/p>\n\n\n\n<figure class=\"wp-block-image\"><img decoding=\"async\" src=\"https:\/\/static.wixstatic.com\/media\/faf46e_d0330ec0990c4eb9bfb1de020accee2a~mv2.jpg\/v1\/fill\/w_666,h_438,al_c,q_80,usm_0.66_1.00_0.01,enc_auto\/faf46e_d0330ec0990c4eb9bfb1de020accee2a~mv2.jpg\" alt=\"\"\/><\/figure>\n\n\n\n<p id=\"viewer-8jgdt\"><strong>A Two Interiores<\/strong><\/p>\n\n\n\n<p id=\"viewer-7gdfd\">Empresa familiar idealizada pelos s\u00f3cios, Jarbas Melo e Luciano Brito, com amplo conhecimento e experi\u00eancia nos setores da constru\u00e7\u00e3o civil e ind\u00fastria moveleira. Juntos, investiram em uma moderna unidade no bairro Cidade Jardim, em Uberl\u00e2ndia, MG, que conta com um impressionante showroom e \u00e1rea produtiva planejada para alcan\u00e7ar 1.000 metros quadrados at\u00e9 2024. Equipada com um parque industrial de \u00faltima gera\u00e7\u00e3o e tecnologia de ponta, a empresa est\u00e1 preparada para atender as demandas do setor.<\/p>\n\n\n\n<p id=\"viewer-al1g0\">Na Two Interiores, as pessoas s\u00e3o o ativo mais valioso. A equipe \u00e9 composta por talentosos profi ssionais, incluindo designers, equipe de vendas, especialistas em marketing e produ\u00e7\u00e3o, todos com ampla experi\u00eancia e comprometidos em proporcionar a melhor experi\u00eancia aos clientes.<\/p>\n\n\n\n<figure class=\"wp-block-image\"><img decoding=\"async\" src=\"https:\/\/static.wixstatic.com\/media\/faf46e_111d8f2a011f4b97acb079ba64c34764~mv2.jpg\/v1\/fill\/w_666,h_495,al_c,q_80,usm_0.66_1.00_0.01,enc_auto\/faf46e_111d8f2a011f4b97acb079ba64c34764~mv2.jpg\" alt=\"\"\/><\/figure>\n\n\n\n<p id=\"viewer-eoq1a\">Al\u00e9m da equipe interna, a Two tem uma ampla rede de profi ssionais, como arquitetos, construtores, designers de interiores, engenheiros e outros parceiros, que confi am seus projetos para que a empresa possa desenvolver.<\/p>\n\n\n\n<p id=\"viewer-c1vff\">A Two tamb\u00e9m est\u00e1 conectada com os melhores prestadores de servi\u00e7os do mercado, como construtores, vidra\u00e7aria, serralheria, estofados, ilumina\u00e7\u00e3o, decora\u00e7\u00e3o e muito mais. Tudo para auxiliar os clientes na realiza\u00e7\u00e3o completa de seus projetos.<\/p>\n","protected":false},"excerpt":{"rendered":"<p>Est\u00e9tica e funcionalidade Os m\u00f3veis planejados da Two Interiores s\u00e3o projetados de acordo com as necessidades e prefer\u00eancias do propriet\u00e1rio e do espa\u00e7o dispon\u00edvel. Eles s\u00e3o feitos sob medida para<\/p>\n","protected":false},"author":1,"featured_media":2731,"comment_status":"open","ping_status":"open","sticky":false,"template":"","format":"standard","meta":{"footnotes":""},"categories":[1],"tags":[],"class_list":["post-2730","post","type-post","status-publish","format-standard","has-post-thumbnail","hentry","category-noticias"],"_links":{"self":[{"href":"https:\/\/revistahubclub.com.br\/portal\/wp-json\/wp\/v2\/posts\/2730","targetHints":{"allow":["GET"]}}],"collection":[{"href":"https:\/\/revistahubclub.com.br\/portal\/wp-json\/wp\/v2\/posts"}],"about":[{"href":"https:\/\/revistahubclub.com.br\/portal\/wp-json\/wp\/v2\/types\/post"}],"author":[{"embeddable":true,"href":"https:\/\/revistahubclub.com.br\/portal\/wp-json\/wp\/v2\/users\/1"}],"replies":[{"embeddable":true,"href":"https:\/\/revistahubclub.com.br\/portal\/wp-json\/wp\/v2\/comments?post=2730"}],"version-history":[{"count":1,"href":"https:\/\/revistahubclub.com.br\/portal\/wp-json\/wp\/v2\/posts\/2730\/revisions"}],"predecessor-version":[{"id":2732,"href":"https:\/\/revistahubclub.com.br\/portal\/wp-json\/wp\/v2\/posts\/2730\/revisions\/2732"}],"wp:featuredmedia":[{"embeddable":true,"href":"https:\/\/revistahubclub.com.br\/portal\/wp-json\/wp\/v2\/media\/2731"}],"wp:attachment":[{"href":"https:\/\/revistahubclub.com.br\/portal\/wp-json\/wp\/v2\/media?parent=2730"}],"wp:term":[{"taxonomy":"category","embeddable":true,"href":"https:\/\/revistahubclub.com.br\/portal\/wp-json\/wp\/v2\/categories?post=2730"},{"taxonomy":"post_tag","embeddable":true,"href":"https:\/\/revistahubclub.com.br\/portal\/wp-json\/wp\/v2\/tags?post=2730"}],"curies":[{"name":"wp","href":"https:\/\/api.w.org\/{rel}","templated":true}]}}