{"id":2737,"date":"2023-11-27T09:24:00","date_gmt":"2023-11-27T12:24:00","guid":{"rendered":"https:\/\/revistahubclub.com.br\/portal\/?p=2737"},"modified":"2024-12-16T09:25:36","modified_gmt":"2024-12-16T12:25:36","slug":"11o-premio-regiao-do-cerrado-mineiro-reconhece-a-excelencia-na-producao-de-cafe","status":"publish","type":"post","link":"https:\/\/revistahubclub.com.br\/portal\/2023\/11\/27\/11o-premio-regiao-do-cerrado-mineiro-reconhece-a-excelencia-na-producao-de-cafe\/","title":{"rendered":"11\u00ba Pr\u00eamio Regi\u00e3o do Cerrado Mineiro reconhece a excel\u00eancia na produ\u00e7\u00e3o de caf\u00e9"},"content":{"rendered":"\n<p>A Federa\u00e7\u00e3o dos Cafeicultores do Cerrado realiza, na quinta-feira (30), cerim\u00f4nia para apresentar os campe\u00f5es do 11\u00ba Pr\u00eamio Regi\u00e3o do Cerrado Mineiro. O evento vai reconhecer e premiar os melhores caf\u00e9s dos 55 munic\u00edpios que comp\u00f5em a Regi\u00e3o, valorizando o esfor\u00e7o dos cafeicultores na produ\u00e7\u00e3o de caf\u00e9s de alta qualidade, al\u00e9m de destacar a responsabilidade e rastreabilidade na produ\u00e7\u00e3o de caf\u00e9 e celebrar a safra anual.<\/p>\n\n\n\n<p id=\"viewer-d02n4\">O Pr\u00eamio \u00e9 promovido pela Federa\u00e7\u00e3o dos Cafeicultores do Cerrado, com apoio do Sebrae Minas. O evento tem a realiza\u00e7\u00e3o das cooperativas Carmocer, Carpec, Coocacer Araguari, Coopadap, Expocacer e MonteCCer, integrando ainda as sete associa\u00e7\u00f5es: ACA, Acarpa, Amoca, Appcer, Assocaf\u00e9, Assogotardo e GRE Caf\u00e9 \u2013 Regi\u00e3o de Arax\u00e1 como apoiadoras.<\/p>\n\n\n\n<p id=\"viewer-9ade3\">Para Juliano Tarabal, diretor executivo da Federa\u00e7\u00e3o dos Cafeicultores do Cerrado, a 11\u00b0 Edi\u00e7\u00e3o do Pr\u00eamio Cerrado Mineiro refor\u00e7a a evolu\u00e7\u00e3o da qualidade e sustentabilidade da Regi\u00e3o e o compromisso com as pessoas, lan\u00e7ando o leil\u00e3o Caf\u00e9 Solid\u00e1rio, que beneficiar\u00e1 o Hospital do C\u00e2ncer em Patroc\u00ednio e as escolas que participam do Trof\u00e9u Escola de Atitude.<\/p>\n\n\n\n<p id=\"viewer-7ovqu\">De acordo com Marcos Alves, gerente do Sebrae Minas na Regional Noroeste e Alto Parana\u00edba, a Regi\u00e3o do Cerrado Mineiro construiu uma reputa\u00e7\u00e3o de produ\u00e7\u00e3o de caf\u00e9s de alta qualidade e o Pr\u00eamio se transformou no principal palco para a apresenta\u00e7\u00e3o desses caf\u00e9s. &#8220;Ano a ano, podemos observar os esfor\u00e7os dos produtores na manuten\u00e7\u00e3o e aumento da qualidade dos gr\u00e3os, com recordes seguidos relacionados \u00e0 pontua\u00e7\u00e3o dos caf\u00e9s. O Sebrae Minas \u00e9 um apoiador da iniciativa desde a primeira edi\u00e7\u00e3o e percebemos a evolu\u00e7\u00e3o no n\u00famero de amostras e o aumento de produtores participantes, fato que valida a chancela de qualidade que se construiu em torno da Regi\u00e3o do Cerrado Mineiro&#8221;, enfatiza.<\/p>\n\n\n\n<p id=\"viewer-177hu\"><strong>Recorde<\/strong><\/p>\n\n\n\n<p id=\"viewer-u4em\">O 11\u00ba Pr\u00eamio Regi\u00e3o do Cerrado Mineiro teve um recorde hist\u00f3rico de amostras de caf\u00e9 inscritas, totalizando 500 inscri\u00e7\u00f5es, superando os 370 cadastros do ano passado. Dividido em tr\u00eas categorias, recebeu 242 inscri\u00e7\u00f5es na categoria Caf\u00e9 Natural, 64 na Cereja Descascado e 194 na Fermenta\u00e7\u00e3o Induzida.<\/p>\n\n\n\n<p id=\"viewer-a40d5\"><strong>Mulher de Atitude e Atitude Sustent\u00e1vel<\/strong><\/p>\n\n\n\n<p id=\"viewer-9ciah\">Desde o ano passado, o Trof\u00e9u Mulher de Atitude homenageia as tr\u00eas melhores cafeicultoras da regi\u00e3o, ressaltando o papel fundamental das mulheres na produ\u00e7\u00e3o de caf\u00e9. A sustentabilidade tamb\u00e9m \u00e9 reconhecida com o Trof\u00e9u Atitude Sustent\u00e1vel, que destaca as boas pr\u00e1ticas agr\u00edcolas implementadas pelos cafeicultores. A competi\u00e7\u00e3o re\u00fane 60 finalistas que apresentam projetos de pr\u00e1ticas sustent\u00e1veis aplicadas em suas propriedades.<\/p>\n\n\n\n<p id=\"viewer-7o5rq\"><strong>Leil\u00e3o Caf\u00e9 Solid\u00e1rio<\/strong><\/p>\n\n\n\n<p id=\"viewer-cqn99\">Uma das suas principais atra\u00e7\u00f5es do evento \u00e9 o Leil\u00e3o Caf\u00e9 Solid\u00e1rio, que permite a aquisi\u00e7\u00e3o presencial dos melhores caf\u00e9s nas categorias Natural, Cereja Descascado e Fermenta\u00e7\u00e3o Induzida, com 11 lotes dispon\u00edveis dos 60 ranqueados. Conduzido por Mauro L\u00facio dos Santos, da Investbras Agente Aut\u00f4nomo de Investimentos, o evento \u00e9 voltado para exportadores e empresas interessadas em apoiar a causa solid\u00e1ria, j\u00e1 que 70% do valor arrecadado no leil\u00e3o ser\u00e1 integralmente doado ao Hospital do Amor de Patroc\u00ednio, que atende pacientes com c\u00e2ncer na Regi\u00e3o, e aos projetos vencedores do Trof\u00e9u Escola de Atitude. Uma parte do percentual restante ser\u00e1 destinada aos produtores de caf\u00e9 respons\u00e1veis pelos lotes leiloados.<\/p>\n\n\n\n<p id=\"viewer-4to18\">O 11\u00ba Pr\u00eamio Regi\u00e3o do Cerrado Mineiro ser\u00e1 transmitido, ao vivo, no YouTube.<\/p>\n\n\n\n<p>Mais informa\u00e7\u00f5es sobre a Regi\u00e3o do Cerrado Mineiro: <a target=\"_blank\" href=\"http:\/\/www.cerradomineiro.org\/\" rel=\"noreferrer noopener\">www.cerradomineiro.org<\/a><\/p>\n","protected":false},"excerpt":{"rendered":"<p>A Federa\u00e7\u00e3o dos Cafeicultores do Cerrado realiza, na quinta-feira (30), cerim\u00f4nia para apresentar os campe\u00f5es do 11\u00ba Pr\u00eamio Regi\u00e3o do Cerrado Mineiro. O evento vai reconhecer e premiar os melhores<\/p>\n","protected":false},"author":1,"featured_media":2738,"comment_status":"open","ping_status":"open","sticky":false,"template":"","format":"standard","meta":{"footnotes":""},"categories":[1],"tags":[],"class_list":["post-2737","post","type-post","status-publish","format-standard","has-post-thumbnail","hentry","category-noticias"],"_links":{"self":[{"href":"https:\/\/revistahubclub.com.br\/portal\/wp-json\/wp\/v2\/posts\/2737","targetHints":{"allow":["GET"]}}],"collection":[{"href":"https:\/\/revistahubclub.com.br\/portal\/wp-json\/wp\/v2\/posts"}],"about":[{"href":"https:\/\/revistahubclub.com.br\/portal\/wp-json\/wp\/v2\/types\/post"}],"author":[{"embeddable":true,"href":"https:\/\/revistahubclub.com.br\/portal\/wp-json\/wp\/v2\/users\/1"}],"replies":[{"embeddable":true,"href":"https:\/\/revistahubclub.com.br\/portal\/wp-json\/wp\/v2\/comments?post=2737"}],"version-history":[{"count":1,"href":"https:\/\/revistahubclub.com.br\/portal\/wp-json\/wp\/v2\/posts\/2737\/revisions"}],"predecessor-version":[{"id":2739,"href":"https:\/\/revistahubclub.com.br\/portal\/wp-json\/wp\/v2\/posts\/2737\/revisions\/2739"}],"wp:featuredmedia":[{"embeddable":true,"href":"https:\/\/revistahubclub.com.br\/portal\/wp-json\/wp\/v2\/media\/2738"}],"wp:attachment":[{"href":"https:\/\/revistahubclub.com.br\/portal\/wp-json\/wp\/v2\/media?parent=2737"}],"wp:term":[{"taxonomy":"category","embeddable":true,"href":"https:\/\/revistahubclub.com.br\/portal\/wp-json\/wp\/v2\/categories?post=2737"},{"taxonomy":"post_tag","embeddable":true,"href":"https:\/\/revistahubclub.com.br\/portal\/wp-json\/wp\/v2\/tags?post=2737"}],"curies":[{"name":"wp","href":"https:\/\/api.w.org\/{rel}","templated":true}]}}