{"id":277,"date":"2024-10-31T14:40:51","date_gmt":"2024-10-31T17:40:51","guid":{"rendered":"https:\/\/revistahubclub.com.br\/portal\/?p=277"},"modified":"2024-12-11T14:41:21","modified_gmt":"2024-12-11T17:41:21","slug":"comercio-pode-funcionar-nos-feriados-de-finados-e-proclamacao-da-republica","status":"publish","type":"post","link":"https:\/\/revistahubclub.com.br\/portal\/2024\/10\/31\/comercio-pode-funcionar-nos-feriados-de-finados-e-proclamacao-da-republica\/","title":{"rendered":"Com\u00e9rcio pode funcionar nos feriados de Finados e Proclama\u00e7\u00e3o da Rep\u00fablica"},"content":{"rendered":"\n<p>A CDL Uberl\u00e2ndia informa que, conforme a Conven\u00e7\u00e3o Coletiva 2023\/2024, firmada entre o Sindicato dos Empregados no Com\u00e9rcio de Uberl\u00e2ndia e Araguari (Secua) e o Sindicato do Com\u00e9rcio de Uberl\u00e2ndia (Sindicom\u00e9rcio), as empresas dos setores de Com\u00e9rcio Varejista de G\u00eaneros Aliment\u00edcios e Afins, assim como o Com\u00e9rcio Varejista de Bens e Servi\u00e7os, \u00a0est\u00e3o autorizadas a abrir nos feriados de 2 de novembro, Dia de Finados, e 15 de novembro, Dia da Proclama\u00e7\u00e3o da Rep\u00fablica. A carga hor\u00e1ria dever\u00e1 ser das 9h \u00e0s 18h e as horas trabalhadas nesses dias devem ser pagas como dobra.<\/p>\n","protected":false},"excerpt":{"rendered":"<p>A CDL Uberl\u00e2ndia informa que, conforme a Conven\u00e7\u00e3o Coletiva 2023\/2024, firmada entre o Sindicato dos Empregados no Com\u00e9rcio de Uberl\u00e2ndia e Araguari (Secua) e o Sindicato do Com\u00e9rcio de Uberl\u00e2ndia<\/p>\n","protected":false},"author":1,"featured_media":278,"comment_status":"open","ping_status":"open","sticky":false,"template":"","format":"standard","meta":{"footnotes":""},"categories":[1],"tags":[],"class_list":["post-277","post","type-post","status-publish","format-standard","has-post-thumbnail","hentry","category-noticias"],"_links":{"self":[{"href":"https:\/\/revistahubclub.com.br\/portal\/wp-json\/wp\/v2\/posts\/277","targetHints":{"allow":["GET"]}}],"collection":[{"href":"https:\/\/revistahubclub.com.br\/portal\/wp-json\/wp\/v2\/posts"}],"about":[{"href":"https:\/\/revistahubclub.com.br\/portal\/wp-json\/wp\/v2\/types\/post"}],"author":[{"embeddable":true,"href":"https:\/\/revistahubclub.com.br\/portal\/wp-json\/wp\/v2\/users\/1"}],"replies":[{"embeddable":true,"href":"https:\/\/revistahubclub.com.br\/portal\/wp-json\/wp\/v2\/comments?post=277"}],"version-history":[{"count":1,"href":"https:\/\/revistahubclub.com.br\/portal\/wp-json\/wp\/v2\/posts\/277\/revisions"}],"predecessor-version":[{"id":279,"href":"https:\/\/revistahubclub.com.br\/portal\/wp-json\/wp\/v2\/posts\/277\/revisions\/279"}],"wp:featuredmedia":[{"embeddable":true,"href":"https:\/\/revistahubclub.com.br\/portal\/wp-json\/wp\/v2\/media\/278"}],"wp:attachment":[{"href":"https:\/\/revistahubclub.com.br\/portal\/wp-json\/wp\/v2\/media?parent=277"}],"wp:term":[{"taxonomy":"category","embeddable":true,"href":"https:\/\/revistahubclub.com.br\/portal\/wp-json\/wp\/v2\/categories?post=277"},{"taxonomy":"post_tag","embeddable":true,"href":"https:\/\/revistahubclub.com.br\/portal\/wp-json\/wp\/v2\/tags?post=277"}],"curies":[{"name":"wp","href":"https:\/\/api.w.org\/{rel}","templated":true}]}}