{"id":2782,"date":"2023-11-23T09:31:00","date_gmt":"2023-11-23T12:31:00","guid":{"rendered":"https:\/\/revistahubclub.com.br\/portal\/?p=2782"},"modified":"2024-12-16T09:32:08","modified_gmt":"2024-12-16T12:32:08","slug":"cdl-uberlandia-faz-levantamento-sobre-o-indice-de-criminalidade-nas-empresas-locais","status":"publish","type":"post","link":"https:\/\/revistahubclub.com.br\/portal\/2023\/11\/23\/cdl-uberlandia-faz-levantamento-sobre-o-indice-de-criminalidade-nas-empresas-locais\/","title":{"rendered":"CDL Uberl\u00e2ndia faz levantamento sobre o \u00edndice de criminalidade nas empresas locais"},"content":{"rendered":"\n<p id=\"viewer-alvh4\"><em>De acordo com a sondagem, 50,8% dos empres\u00e1rios foram v\u00edtimas de furtos simples (sem o emprego de viol\u00eancia ou grave amea\u00e7a) em 2023.<\/em><\/p>\n\n\n\n<p id=\"viewer-ae1ea\">Durante o m\u00eas de outubro, a CDL Uberl\u00e2ndia realizou um levantamento entre as empresas da cidade, para mensurar o \u00edndice de furtos e roubos em estabelecimentos comerciais este ano. De acordo com a sondagem, <strong>50,8%<\/strong> dos empres\u00e1rios foram v\u00edtimas de furtos simples (sem o emprego de viol\u00eancia ou grave amea\u00e7a).<\/p>\n\n\n\n<figure class=\"wp-block-image\"><img decoding=\"async\" src=\"https:\/\/static.wixstatic.com\/media\/d8df41_81c38ce1431e4d91ad441148ca9a1d7c~mv2.png\/v1\/fill\/w_619,h_407,al_c,lg_1,q_85,enc_auto\/d8df41_81c38ce1431e4d91ad441148ca9a1d7c~mv2.png\" alt=\"\"\/><\/figure>\n\n\n\n<p id=\"viewer-1kl7i\"><strong>22,8%<\/strong> dos entrevistados sofreram furtos qualificados (sem uso de amea\u00e7a ou viol\u00eancia, mas com danos, abuso da confian\u00e7a, fraude ou emprego de duas ou mais pessoas).<\/p>\n\n\n\n<figure class=\"wp-block-image\"><img decoding=\"async\" src=\"https:\/\/static.wixstatic.com\/media\/d8df41_22c9ff4a77d0411b945daf92143c10a1~mv2.jpg\/v1\/fill\/w_599,h_405,al_c,lg_1,q_80,enc_auto\/d8df41_22c9ff4a77d0411b945daf92143c10a1~mv2.jpg\" alt=\"\"\/><\/figure>\n\n\n\n<p id=\"viewer-fgn47\">Apenas <strong>0,8%<\/strong> foram expostos a roubos, mediante amea\u00e7a ou uso de viol\u00eancia.<\/p>\n\n\n\n<figure class=\"wp-block-image\"><img decoding=\"async\" src=\"https:\/\/static.wixstatic.com\/media\/d8df41_90310ddeac824d219daf98d934e76de7~mv2.jpg\/v1\/fill\/w_606,h_377,al_c,lg_1,q_80,enc_auto\/d8df41_90310ddeac824d219daf98d934e76de7~mv2.jpg\" alt=\"\"\/><\/figure>\n\n\n\n<p id=\"viewer-2p2j2\">No grupo furtado, a situa\u00e7\u00e3o ocorreu mais de 3 vezes para <strong>55,7%<\/strong> dos empres\u00e1rios, de 1 a 3 vezes para <strong>17,7%<\/strong> e apenas 1 vez para <strong>26,6%.<\/strong><\/p>\n\n\n\n<figure class=\"wp-block-image\"><img decoding=\"async\" src=\"https:\/\/static.wixstatic.com\/media\/d8df41_eaae7aaf550e400ab8f5ad71da4a1660~mv2.jpg\/v1\/fill\/w_602,h_382,al_c,lg_1,q_80,enc_auto\/d8df41_eaae7aaf550e400ab8f5ad71da4a1660~mv2.jpg\" alt=\"\"\/><\/figure>\n\n\n\n<p id=\"viewer-9pl75\">A maioria dos itens furtados foram mercadorias pr\u00f3prias (<strong>78,5%)<\/strong>; equipamentos eletr\u00f4nicos (<strong>19%<\/strong>); dinheiro (<strong>10%<\/strong>) e fios de cobre (<strong>8,9%<\/strong>). Muitos respondentes relataram o furto de v\u00e1rios itens diferentes em uma mesma a\u00e7\u00e3o criminosa.<\/p>\n\n\n\n<figure class=\"wp-block-image\"><img decoding=\"async\" src=\"https:\/\/static.wixstatic.com\/media\/d8df41_6c5cef3ff5484477af6a082808fd747c~mv2.jpg\/v1\/fill\/w_594,h_368,al_c,lg_1,q_80,enc_auto\/d8df41_6c5cef3ff5484477af6a082808fd747c~mv2.jpg\" alt=\"\"\/><\/figure>\n\n\n\n<p id=\"viewer-44miv\">Com rela\u00e7\u00e3o ao volume de artigos furtados, <strong>43,6%<\/strong> dos entrevistados mencionaram perdas acima de 15 itens; <strong>28,2%<\/strong> citaram de 1 a 3 itens, <strong>21,8%<\/strong>, 5 a 10 itens e <strong>6,4%<\/strong> de 10 a 15 itens.<\/p>\n\n\n\n<figure class=\"wp-block-image\"><img decoding=\"async\" src=\"https:\/\/static.wixstatic.com\/media\/d8df41_b4f7d7a961cd455481859a5d901b1e47~mv2.jpg\/v1\/fill\/w_587,h_347,al_c,lg_1,q_80,enc_auto\/d8df41_b4f7d7a961cd455481859a5d901b1e47~mv2.jpg\" alt=\"\"\/><\/figure>\n\n\n\n<p id=\"viewer-8psv1\">Sobre o preju\u00edzo estimado dos eventos, <strong>34,2%<\/strong> calculam uma perda de at\u00e9 R$1.000; <strong>27,8%<\/strong> contabilizam algo entre R$1.000 a R$5 mil; <strong>19%<\/strong> estimam um rombo de R$5 mil a R$10 mil e <strong>19%<\/strong> citam valores acima de R$10 mil.<\/p>\n\n\n\n<p id=\"viewer-5eksc\">Em <strong>64,1%<\/strong> dos casos foi poss\u00edvel identificar os criminosos.<\/p>\n\n\n\n<figure class=\"wp-block-image\"><img decoding=\"async\" src=\"https:\/\/static.wixstatic.com\/media\/d8df41_d54aedcc98e84edfa5e58949a08a7d0a~mv2.jpg\/v1\/fill\/w_608,h_364,al_c,lg_1,q_80,enc_auto\/d8df41_d54aedcc98e84edfa5e58949a08a7d0a~mv2.jpg\" alt=\"\"\/><\/figure>\n\n\n\n<p id=\"viewer-filbe\">Mesmo assim, <strong>68,4%<\/strong> dos empres\u00e1rios n\u00e3o conseguiram reaver os bens furtados.<\/p>\n\n\n\n<p id=\"viewer-69k79\">Ainda de acordo com a sondagem, apenas <strong>38,5%<\/strong> das v\u00edtimas fizeram boletim de ocorr\u00eancia.<\/p>\n\n\n\n<p id=\"viewer-871ce\">\u201cInfelizmente, embora a seguran\u00e7a p\u00fablica da nossa regi\u00e3o, seja respons\u00e1vel por um dos menores \u00edndices de crimes de viol\u00eancia do pa\u00eds, a legisla\u00e7\u00e3o brasileira \u00e9 extremamente leniente com o bandido. Todos os dias recebemos relatos de empres\u00e1rios que identificam o criminoso, a pol\u00edcia consegue conduzir a pris\u00e3o, mas, no dia seguinte, o marginal j\u00e1 est\u00e1 de volta \u00e0s ruas, cometendo os mesmos crimes. Enquanto n\u00e3o houver uma mudan\u00e7a significativa em nossas leis, o crime continuar\u00e1 compensando\u201d, declarou o presidente C\u00edcero Heraldo Novaes.<\/p>\n\n\n\n<p id=\"viewer-6b6ne\">O dirigente tamb\u00e9m reiterou total apoio ao projeto de lei (PL) 3780\/23, recentemente aprovado na C\u00e2mara, que aumenta penas para os crimes de furto, furto qualificado, roubo com les\u00e3o corporal grave, latroc\u00ednio e recepta\u00e7\u00e3o.<\/p>\n\n\n\n<p id=\"viewer-4h0d3\">\u201cO C\u00f3digo Penal brasileiro precisa ser reformulado imediatamente. As empresas e os trabalhadores carecem de uma Justi\u00e7a criminal efetiva e combativa. Al\u00e9m das perdas geradas pelos atos criminosos, os empres\u00e1rios t\u00eam que arcar com investimentos em seguran\u00e7a privada e conviverem com um ambiente hostil. Esperamos que o Senado fa\u00e7a a sua parte, aprovando o PL\u201d, declarou C\u00edcero.<\/p>\n\n\n\n<p id=\"viewer-c3npj\">Conhe\u00e7a as principais mudan\u00e7as propostas pelo projeto de lei:<\/p>\n\n\n\n<figure class=\"wp-block-image\"><img decoding=\"async\" src=\"https:\/\/static.wixstatic.com\/media\/d8df41_0cadcd54eae44d6faa74ab22e0612769~mv2.png\/v1\/fill\/w_666,h_947,al_c,q_90,usm_0.66_1.00_0.01,enc_auto\/d8df41_0cadcd54eae44d6faa74ab22e0612769~mv2.png\" alt=\"\"\/><\/figure>\n","protected":false},"excerpt":{"rendered":"<p>De acordo com a sondagem, 50,8% dos empres\u00e1rios foram v\u00edtimas de furtos simples (sem o emprego de viol\u00eancia ou grave amea\u00e7a) em 2023. Durante o m\u00eas de outubro, a CDL<\/p>\n","protected":false},"author":1,"featured_media":2783,"comment_status":"open","ping_status":"open","sticky":false,"template":"","format":"standard","meta":{"footnotes":""},"categories":[1],"tags":[],"class_list":["post-2782","post","type-post","status-publish","format-standard","has-post-thumbnail","hentry","category-noticias"],"_links":{"self":[{"href":"https:\/\/revistahubclub.com.br\/portal\/wp-json\/wp\/v2\/posts\/2782","targetHints":{"allow":["GET"]}}],"collection":[{"href":"https:\/\/revistahubclub.com.br\/portal\/wp-json\/wp\/v2\/posts"}],"about":[{"href":"https:\/\/revistahubclub.com.br\/portal\/wp-json\/wp\/v2\/types\/post"}],"author":[{"embeddable":true,"href":"https:\/\/revistahubclub.com.br\/portal\/wp-json\/wp\/v2\/users\/1"}],"replies":[{"embeddable":true,"href":"https:\/\/revistahubclub.com.br\/portal\/wp-json\/wp\/v2\/comments?post=2782"}],"version-history":[{"count":1,"href":"https:\/\/revistahubclub.com.br\/portal\/wp-json\/wp\/v2\/posts\/2782\/revisions"}],"predecessor-version":[{"id":2784,"href":"https:\/\/revistahubclub.com.br\/portal\/wp-json\/wp\/v2\/posts\/2782\/revisions\/2784"}],"wp:featuredmedia":[{"embeddable":true,"href":"https:\/\/revistahubclub.com.br\/portal\/wp-json\/wp\/v2\/media\/2783"}],"wp:attachment":[{"href":"https:\/\/revistahubclub.com.br\/portal\/wp-json\/wp\/v2\/media?parent=2782"}],"wp:term":[{"taxonomy":"category","embeddable":true,"href":"https:\/\/revistahubclub.com.br\/portal\/wp-json\/wp\/v2\/categories?post=2782"},{"taxonomy":"post_tag","embeddable":true,"href":"https:\/\/revistahubclub.com.br\/portal\/wp-json\/wp\/v2\/tags?post=2782"}],"curies":[{"name":"wp","href":"https:\/\/api.w.org\/{rel}","templated":true}]}}