{"id":2798,"date":"2023-11-20T09:36:16","date_gmt":"2023-11-20T12:36:16","guid":{"rendered":"https:\/\/revistahubclub.com.br\/portal\/?p=2798"},"modified":"2024-12-16T09:36:53","modified_gmt":"2024-12-16T12:36:53","slug":"federacao-dos-cafeicultores-do-cerrado-promove-leilao-cafe-solidario-durante-11o-premio-rcm","status":"publish","type":"post","link":"https:\/\/revistahubclub.com.br\/portal\/2023\/11\/20\/federacao-dos-cafeicultores-do-cerrado-promove-leilao-cafe-solidario-durante-11o-premio-rcm\/","title":{"rendered":"Federa\u00e7\u00e3o dos Cafeicultores do Cerrado promove Leil\u00e3o Caf\u00e9 Solid\u00e1rio durante 11\u00ba Pr\u00eamio RCM"},"content":{"rendered":"\n<p id=\"viewer-cauf9\"><em>70% dos valores arrecadados ser\u00e3o integralmente doados para entidades com atua\u00e7\u00e3o em sa\u00fade e educa\u00e7\u00e3o<\/em><\/p>\n\n\n\n<p id=\"viewer-4upij\"><\/p>\n\n\n\n<p id=\"viewer-81k6k\">A cafeicultura na Regi\u00e3o do Cerrado Mineiro est\u00e1 comprometida com iniciativas que visam promover a educa\u00e7\u00e3o e melhorar a qualidade de vida das comunidades locais. Sendo assim, o 11\u00ba Pr\u00eamio Regi\u00e3o do Cerrado Mineiro, que acontece no dia 30 de novembro, no Center Convention, em Uberl\u00e2ndia, Minas Gerais, apresenta como uma de suas principais atra\u00e7\u00f5es o Leil\u00e3o Caf\u00e9 Solid\u00e1rio.<\/p>\n\n\n\n<p id=\"viewer-1sk7c\">Em 2023, o Leil\u00e3o Caf\u00e9 Solid\u00e1rio vai permitir que os caf\u00e9s mais bem avaliados nas tr\u00eas categorias do Pr\u00eamio: Natural, Cereja Descascado e Fermenta\u00e7\u00e3o Induzida, sejam adquiridos de forma presencial. O evento ser\u00e1 conduzido por Mauro L\u00facio dos Santos, da Investbras Agente Aut\u00f4nomo de Investimentos, com foco voltado para exportadores, mas tamb\u00e9m aberto a outras empresas interessadas em apoiar a causa e investir na compra das sacas. Dos 60 lotes ranqueados no Pr\u00eamio RCM, ser\u00e3o comercializados no leil\u00e3o um total de 11 lotes, conforme as categorias.<\/p>\n\n\n\n<p id=\"viewer-fo7rv\">70% do valor arrecadado durante a comercializa\u00e7\u00e3o dos caf\u00e9s no leil\u00e3o ser\u00e3o integralmente doados e divididos entre duas causas importantes. Parte dos recursos ir\u00e1 para o Hospital do Amor de Patroc\u00ednio, que atende pacientes com c\u00e2ncer em diversos munic\u00edpios que fazem parte da Regi\u00e3o do Cerrado Mineiro e, a outra parte, ser\u00e1 destinada aos projetos vencedores do Trof\u00e9u Escola de Atitude.<strong> <\/strong>Uma fatia do percentual restante ser\u00e1 destinada aos produtores respons\u00e1veis pelos caf\u00e9s.<\/p>\n\n\n\n<p id=\"viewer-7sjps\">\u201cNa \u00faltima edi\u00e7\u00e3o, o leil\u00e3o arrecadou R$ 629.602 mil, com m\u00e9dia de pre\u00e7o de R$ 15.740 por saca, sendo mais de R$ 80 mil em doa\u00e7\u00f5es, demonstrando o poder da uni\u00e3o em prol de causas nobres. A atra\u00e7\u00e3o alcan\u00e7ou recordes hist\u00f3ricos e a saca de caf\u00e9 mais valorizada foi vendida por R$ 62.017 mil. O 11\u00ba Pr\u00eamio Regi\u00e3o do Cerrado Mineiro e o Leil\u00e3o Caf\u00e9 Solid\u00e1rio n\u00e3o s\u00e3o apenas eventos de destaque no mundo do caf\u00e9, mas tamb\u00e9m fontes de inspira\u00e7\u00e3o e de solidariedade que promovem a intercoopera\u00e7\u00e3o e a Atitude em toda a regi\u00e3o\u201d, destaca Juliano Tarabal, diretor executivo da Federa\u00e7\u00e3o dos Cafeicultores do Cerrado.<\/p>\n\n\n\n<p id=\"viewer-3909m\"><strong>Hospital do Amor<\/strong><\/p>\n\n\n\n<p id=\"viewer-2a3g6\">O Hospital do Amor de Patroc\u00ednio est\u00e1 em fase avan\u00e7ada de constru\u00e7\u00e3o da nova sede, com um amplo e moderno complexo dedicado ao tratamento, diagn\u00f3stico e preven\u00e7\u00e3o do c\u00e2ncer de milhares de pessoas no Tri\u00e2ngulo Mineiro e Alto Parana\u00edba.<\/p>\n\n\n\n<p id=\"viewer-8lkmq\"><strong>Trof\u00e9u Escola de Atitude<\/strong><\/p>\n\n\n\n<p id=\"viewer-8ad7b\">O Trof\u00e9u Escola de Atitude reconhece e apoia projetos educacionais de escolas na regi\u00e3o, indicadas pelas cooperativas filiadas. Este ano, cinco projetos ser\u00e3o escolhidos como os melhores, com uma premia\u00e7\u00e3o dividida da seguinte forma: 50% para o 1\u00ba lugar, 20% para o 2\u00ba lugar, 15% para o 3\u00ba lugar, 10% para o 4\u00ba lugar e 5% para o 5\u00ba lugar.<\/p>\n","protected":false},"excerpt":{"rendered":"<p>70% dos valores arrecadados ser\u00e3o integralmente doados para entidades com atua\u00e7\u00e3o em sa\u00fade e educa\u00e7\u00e3o A cafeicultura na Regi\u00e3o do Cerrado Mineiro est\u00e1 comprometida com iniciativas que visam promover a<\/p>\n","protected":false},"author":1,"featured_media":2799,"comment_status":"open","ping_status":"open","sticky":false,"template":"","format":"standard","meta":{"footnotes":""},"categories":[1],"tags":[],"class_list":["post-2798","post","type-post","status-publish","format-standard","has-post-thumbnail","hentry","category-noticias"],"_links":{"self":[{"href":"https:\/\/revistahubclub.com.br\/portal\/wp-json\/wp\/v2\/posts\/2798","targetHints":{"allow":["GET"]}}],"collection":[{"href":"https:\/\/revistahubclub.com.br\/portal\/wp-json\/wp\/v2\/posts"}],"about":[{"href":"https:\/\/revistahubclub.com.br\/portal\/wp-json\/wp\/v2\/types\/post"}],"author":[{"embeddable":true,"href":"https:\/\/revistahubclub.com.br\/portal\/wp-json\/wp\/v2\/users\/1"}],"replies":[{"embeddable":true,"href":"https:\/\/revistahubclub.com.br\/portal\/wp-json\/wp\/v2\/comments?post=2798"}],"version-history":[{"count":1,"href":"https:\/\/revistahubclub.com.br\/portal\/wp-json\/wp\/v2\/posts\/2798\/revisions"}],"predecessor-version":[{"id":2800,"href":"https:\/\/revistahubclub.com.br\/portal\/wp-json\/wp\/v2\/posts\/2798\/revisions\/2800"}],"wp:featuredmedia":[{"embeddable":true,"href":"https:\/\/revistahubclub.com.br\/portal\/wp-json\/wp\/v2\/media\/2799"}],"wp:attachment":[{"href":"https:\/\/revistahubclub.com.br\/portal\/wp-json\/wp\/v2\/media?parent=2798"}],"wp:term":[{"taxonomy":"category","embeddable":true,"href":"https:\/\/revistahubclub.com.br\/portal\/wp-json\/wp\/v2\/categories?post=2798"},{"taxonomy":"post_tag","embeddable":true,"href":"https:\/\/revistahubclub.com.br\/portal\/wp-json\/wp\/v2\/tags?post=2798"}],"curies":[{"name":"wp","href":"https:\/\/api.w.org\/{rel}","templated":true}]}}