{"id":2819,"date":"2023-11-14T09:40:53","date_gmt":"2023-11-14T12:40:53","guid":{"rendered":"https:\/\/revistahubclub.com.br\/portal\/?p=2819"},"modified":"2024-12-16T09:41:29","modified_gmt":"2024-12-16T12:41:29","slug":"regioes-produtoras-de-cafe-com-origem-controlada-firmam-parceria-com-bsca","status":"publish","type":"post","link":"https:\/\/revistahubclub.com.br\/portal\/2023\/11\/14\/regioes-produtoras-de-cafe-com-origem-controlada-firmam-parceria-com-bsca\/","title":{"rendered":"Regi\u00f5es produtoras de caf\u00e9 com origem controlada firmam parceria com BSCA"},"content":{"rendered":"\n<p id=\"viewer-cisu3\">A Regi\u00e3o do Cerrado Mineiro estabeleceu uma parceria importante com a Associa\u00e7\u00e3o Brasileira de Caf\u00e9s Especiais (BSCA) durante a Semana Internacional de Caf\u00e9 (SIC), em Belo Horizonte. Al\u00e9m da Regi\u00e3o do Cerrado Mineiro, outras doze regi\u00f5es produtoras de caf\u00e9 com indica\u00e7\u00e3o geogr\u00e1fica tamb\u00e9m integram o Termo de Coopera\u00e7\u00e3o: Alta Mogiana, Regi\u00e3o de Pinhal, Regi\u00e3o de Gar\u00e7a, Matas de Rond\u00f4nia, Conillon Capixaba, Caparao, Montanhas do Esp\u00edrito Santo, Matas de Minas, Mantiqueira de Minas, Campo das Vertentes, Sudoeste de Minas e Canastra.<\/p>\n\n\n\n<p id=\"viewer-6n4g\">Juliano Tarabal, diretor executivo da Federa\u00e7\u00e3o dos Cafeicultores do Cerrado, destaca que por meio das iniciativas delineadas no termo de coopera\u00e7\u00e3o, 13 das 15 regi\u00f5es com indica\u00e7\u00e3o geogr\u00e1fica, colaborar\u00e3o com a BSCA para impulsionar uma nova fase na evolu\u00e7\u00e3o da cafeicultura brasileira, por meio de diversas estrat\u00e9gias de promo\u00e7\u00e3o e valoriza\u00e7\u00e3o.<\/p>\n\n\n\n<p id=\"viewer-b8i97\">&#8220;Este termo de coopera\u00e7\u00e3o demonstra uma grande evolu\u00e7\u00e3o na governan\u00e7a do caf\u00e9 brasileiro e ser\u00e1 um grande passo para avan\u00e7armos na promo\u00e7\u00e3o das regi\u00f5es produtoras de caf\u00e9 com origem controlada. S\u00f3 temos que agradecer \u00e0 BSCA pela abertura e lideran\u00e7a na promo\u00e7\u00e3o do caf\u00e9 do Brasil&#8221;, afirma Tarabal.<\/p>\n\n\n\n<p id=\"viewer-equt6\">As principais a\u00e7\u00f5es delineadas no acordo incluem a promo\u00e7\u00e3o das regi\u00f5es no \u00e2mbito da estrat\u00e9gia de marketing da BSCA em feiras internacionais nos Estados Unidos, Europa e \u00c1sia; a participa\u00e7\u00e3o das regi\u00f5es na nova estrat\u00e9gia de marketing do caf\u00e9 brasileiro; a cria\u00e7\u00e3o de um comit\u00ea espec\u00edfico para as regi\u00f5es no \u00e2mbito da governan\u00e7a da BSCA; e, al\u00e9m disso, uma colabora\u00e7\u00e3o no planejamento e realiza\u00e7\u00e3o de viagens \u00e0s origens, trazendo grupos de compradores de outros pa\u00edses.<\/p>\n","protected":false},"excerpt":{"rendered":"<p>A Regi\u00e3o do Cerrado Mineiro estabeleceu uma parceria importante com a Associa\u00e7\u00e3o Brasileira de Caf\u00e9s Especiais (BSCA) durante a Semana Internacional de Caf\u00e9 (SIC), em Belo Horizonte. Al\u00e9m da Regi\u00e3o<\/p>\n","protected":false},"author":1,"featured_media":2820,"comment_status":"open","ping_status":"open","sticky":false,"template":"","format":"standard","meta":{"footnotes":""},"categories":[1],"tags":[],"class_list":["post-2819","post","type-post","status-publish","format-standard","has-post-thumbnail","hentry","category-noticias"],"_links":{"self":[{"href":"https:\/\/revistahubclub.com.br\/portal\/wp-json\/wp\/v2\/posts\/2819","targetHints":{"allow":["GET"]}}],"collection":[{"href":"https:\/\/revistahubclub.com.br\/portal\/wp-json\/wp\/v2\/posts"}],"about":[{"href":"https:\/\/revistahubclub.com.br\/portal\/wp-json\/wp\/v2\/types\/post"}],"author":[{"embeddable":true,"href":"https:\/\/revistahubclub.com.br\/portal\/wp-json\/wp\/v2\/users\/1"}],"replies":[{"embeddable":true,"href":"https:\/\/revistahubclub.com.br\/portal\/wp-json\/wp\/v2\/comments?post=2819"}],"version-history":[{"count":1,"href":"https:\/\/revistahubclub.com.br\/portal\/wp-json\/wp\/v2\/posts\/2819\/revisions"}],"predecessor-version":[{"id":2821,"href":"https:\/\/revistahubclub.com.br\/portal\/wp-json\/wp\/v2\/posts\/2819\/revisions\/2821"}],"wp:featuredmedia":[{"embeddable":true,"href":"https:\/\/revistahubclub.com.br\/portal\/wp-json\/wp\/v2\/media\/2820"}],"wp:attachment":[{"href":"https:\/\/revistahubclub.com.br\/portal\/wp-json\/wp\/v2\/media?parent=2819"}],"wp:term":[{"taxonomy":"category","embeddable":true,"href":"https:\/\/revistahubclub.com.br\/portal\/wp-json\/wp\/v2\/categories?post=2819"},{"taxonomy":"post_tag","embeddable":true,"href":"https:\/\/revistahubclub.com.br\/portal\/wp-json\/wp\/v2\/tags?post=2819"}],"curies":[{"name":"wp","href":"https:\/\/api.w.org\/{rel}","templated":true}]}}