{"id":2822,"date":"2023-11-14T09:41:35","date_gmt":"2023-11-14T12:41:35","guid":{"rendered":"https:\/\/revistahubclub.com.br\/portal\/?p=2822"},"modified":"2024-12-16T09:42:27","modified_gmt":"2024-12-16T12:42:27","slug":"plantas-de-cobertura-protegem-o-solo-em-lavouras","status":"publish","type":"post","link":"https:\/\/revistahubclub.com.br\/portal\/2023\/11\/14\/plantas-de-cobertura-protegem-o-solo-em-lavouras\/","title":{"rendered":"Plantas de cobertura protegem o solo em lavouras"},"content":{"rendered":"\n<p id=\"viewer-foo\">A <a target=\"_blank\" href=\"https:\/\/www.emater.mg.gov.br\/\" rel=\"noreferrer noopener\">Empresa de Assist\u00eancia T\u00e9cnica e Extens\u00e3o Rural de Minas Gerais (Emater-MG) <\/a>est\u00e1 orientando produtores rurais de v\u00e1rios munic\u00edpios do estado a usar as chamadas \u201cplantas de cobertura\u201d, para melhoria do solo e do sistema de produ\u00e7\u00e3o.<\/p>\n\n\n\n<p id=\"viewer-fb0t4\">Al\u00e9m de evitar eros\u00f5es e estragos provocados por chuvas torrenciais, essas plantas tamb\u00e9m servem para buscar nutrientes em camadas mais profundas e aumentar a porosidade do terreno, facilitando a infiltra\u00e7\u00e3o da \u00e1gua.<\/p>\n\n\n\n<p id=\"viewer-2tq9t\">As plantas de cobertura s\u00e3o cultivadas em cons\u00f3rcio com outras culturas, geralmente aquelas com fins comerciais, como caf\u00e9, frut\u00edferas e gr\u00e3os.<\/p>\n\n\n\n<p id=\"viewer-evvkq\">\u201cEssa t\u00e9cnica consiste em plantar um mix de sementes de v\u00e1rias plantas, com caracter\u00edsticas diferentes, e manej\u00e1-las nas entrelinhas dos cafezais ou de outras culturas&#8221;, explica o coordenador de Cafeicultura da Emater-MG, Bernardino Cangussu. Ele completa dizendo que \u00e9 na parte de baixo do solo que existe o grande ganho j\u00e1 que as ra\u00edzes destas plantas de cobertura atingem profundidades distintas. &#8220;Isso favorece a aera\u00e7\u00e3o, quebra a compacta\u00e7\u00e3o do solo e promove a incorpora\u00e7\u00e3o de mat\u00e9ria org\u00e2nica nas camadas mais baixas\u201d, detalha. <strong>Biomassa<\/strong> Cangussu descreve ainda que as plantas de cobertura geram uma biomassa que ajuda na incorpora\u00e7\u00e3o de mat\u00e9ria org\u00e2nica no solo, conhecida como aduba\u00e7\u00e3o verde.<\/p>\n\n\n\n<p id=\"viewer-e0vm1\">Elas tamb\u00e9m contribuem para o controle da temperatura e ainda no equil\u00edbrio do ecossistema local. Com isso, h\u00e1 um aumento da popula\u00e7\u00e3o de inimigos naturais de pragas e redu\u00e7\u00e3o na incid\u00eancia de plantas daninhas. Em 2021, a Emater-MG iniciou no Sul de Minas a implanta\u00e7\u00e3o de 50 unidades demonstrativas do uso de plantas de cobertura em lavouras de caf\u00e9. Desde ent\u00e3o, o trabalho n\u00e3o parou de crescer e hoje abrange outras culturas. \u201cEm 2022, o n\u00famero saltou para 150 unidades demonstrativas, com a utiliza\u00e7\u00e3o tamb\u00e9m em planta\u00e7\u00f5es de hortali\u00e7as e de frutas. Agora em 2023, este projeto ganhou uma grande dimens\u00e3o, com 400 unidades demonstrativas espalhadas em todo o estado, trabalhando com caf\u00e9, horticultura, fruticultura e gr\u00e3os\u201d, informa o coordenador t\u00e9cnico de Culturas da Emater-MG em Alfenas, Kleso Silva Franco J\u00fanior.<\/p>\n\n\n\n<p id=\"viewer-2cqh9\"><strong>As plantas de cobertura<\/strong> As unidades demonstrativas implantadas nas propriedades rurais de produtores volunt\u00e1rios somam 50 hectares em todo o estado. Elas servem de modelo para que agricultores de uma determinada comunidade possam conhecer o sistema. Para isso, a Emater-MG tamb\u00e9m fez parceria com empresa que fornece as sementes das plantas de cobertura. V\u00e1rias esp\u00e9cies s\u00e3o usadas como op\u00e7\u00e3o de plantas de cobertura na \u00e1rea que forma uma unidade demonstrativa. Entre elas a crotal\u00e1ria, o trigo mourisco, o nabo forrageiro, o milheto e o guandu. O mix de plantas de cobertura utilizado depende da cultura principal desenvolvida no terreno. \u201c<\/p>\n\n\n\n<p id=\"viewer-feb26\">A escolha das plantas de cobertura utilizadas nas unidades demonstrativas foi feita pela Emater com a empresa de sementes. O produtor pode verificar as diferen\u00e7as, os benef\u00edcios que cada uma delas proporciona&#8221;, sugere Kleso J\u00fanior. A decis\u00e3o de investir no sistema e tipo de planta prefere utilizar na propriedade \u00e9 do produtor.<\/p>\n\n\n\n<p id=\"viewer-ckkg5\">&#8220;Este trabalho vem ao encontro das pr\u00e1ticas de conserva\u00e7\u00e3o de solo e \u00e1gua, sendo uma das pr\u00e1ticas sustent\u00e1veis mais promissoras e de r\u00e1pida resposta \u00e0s lavouras\u201d, refor\u00e7a. <strong>Acompanhamento<\/strong> Ainda segundo o coordenador, o desenvolvimento das unidades ser\u00e1 acompanhado pelos t\u00e9cnicos da Emater-MG para avalia\u00e7\u00f5es e tamb\u00e9m para realiza\u00e7\u00e3o de eventos t\u00e9cnicos.<\/p>\n\n\n\n<p id=\"viewer-86sft\">O produtor de caf\u00e9 de S\u00e3o Tom\u00e1s de Aquino, no Sul de Minas, Roneido Te\u00f3filo J\u00fanior, implantou uma unidade demonstrativa de um hectare no ano passado. Este ano, as sementes que j\u00e1 estavam no terreno voltaram a germinar. \u201cFoi muito bom, \u2018engordou\u2019 a terra, trouxe mais nutrientes com a massa verde\u201d, afirma o cafeicultor. Ele conta que a propriedade chegou a ser utilizada para a realiza\u00e7\u00e3o de um dia de campo, evento t\u00e9cnico com a visita de v\u00e1rios produtores. O produtor acredita que, futuramente, o sistema poder\u00e1 trazer economia na atividade. \u201cAcho que em alguns anos, vou poder diminuir bastante o uso de fertilizantes na lavoura\u201d, comenta.<\/p>\n","protected":false},"excerpt":{"rendered":"<p>A Empresa de Assist\u00eancia T\u00e9cnica e Extens\u00e3o Rural de Minas Gerais (Emater-MG) est\u00e1 orientando produtores rurais de v\u00e1rios munic\u00edpios do estado a usar as chamadas \u201cplantas de cobertura\u201d, para melhoria<\/p>\n","protected":false},"author":1,"featured_media":2823,"comment_status":"open","ping_status":"open","sticky":false,"template":"","format":"standard","meta":{"footnotes":""},"categories":[1],"tags":[],"class_list":["post-2822","post","type-post","status-publish","format-standard","has-post-thumbnail","hentry","category-noticias"],"_links":{"self":[{"href":"https:\/\/revistahubclub.com.br\/portal\/wp-json\/wp\/v2\/posts\/2822","targetHints":{"allow":["GET"]}}],"collection":[{"href":"https:\/\/revistahubclub.com.br\/portal\/wp-json\/wp\/v2\/posts"}],"about":[{"href":"https:\/\/revistahubclub.com.br\/portal\/wp-json\/wp\/v2\/types\/post"}],"author":[{"embeddable":true,"href":"https:\/\/revistahubclub.com.br\/portal\/wp-json\/wp\/v2\/users\/1"}],"replies":[{"embeddable":true,"href":"https:\/\/revistahubclub.com.br\/portal\/wp-json\/wp\/v2\/comments?post=2822"}],"version-history":[{"count":1,"href":"https:\/\/revistahubclub.com.br\/portal\/wp-json\/wp\/v2\/posts\/2822\/revisions"}],"predecessor-version":[{"id":2824,"href":"https:\/\/revistahubclub.com.br\/portal\/wp-json\/wp\/v2\/posts\/2822\/revisions\/2824"}],"wp:featuredmedia":[{"embeddable":true,"href":"https:\/\/revistahubclub.com.br\/portal\/wp-json\/wp\/v2\/media\/2823"}],"wp:attachment":[{"href":"https:\/\/revistahubclub.com.br\/portal\/wp-json\/wp\/v2\/media?parent=2822"}],"wp:term":[{"taxonomy":"category","embeddable":true,"href":"https:\/\/revistahubclub.com.br\/portal\/wp-json\/wp\/v2\/categories?post=2822"},{"taxonomy":"post_tag","embeddable":true,"href":"https:\/\/revistahubclub.com.br\/portal\/wp-json\/wp\/v2\/tags?post=2822"}],"curies":[{"name":"wp","href":"https:\/\/api.w.org\/{rel}","templated":true}]}}