{"id":2825,"date":"2023-11-14T09:42:31","date_gmt":"2023-11-14T12:42:31","guid":{"rendered":"https:\/\/revistahubclub.com.br\/portal\/?p=2825"},"modified":"2024-12-16T09:43:14","modified_gmt":"2024-12-16T12:43:14","slug":"governo-de-minas-se-reune-com-panasonic-em-busca-de-investimentos-sustentaveis","status":"publish","type":"post","link":"https:\/\/revistahubclub.com.br\/portal\/2023\/11\/14\/governo-de-minas-se-reune-com-panasonic-em-busca-de-investimentos-sustentaveis\/","title":{"rendered":"Governo de Minas se re\u00fane com Panasonic em busca de investimentos sustent\u00e1veis"},"content":{"rendered":"\n<p id=\"viewer-86hs5\">O governador Romeu Zema se reuniu nesta ter\u00e7a-feira (14\/11) com dirigentes da Panasonic na sede da empresa japonesa, em T\u00f3quio. A companhia refor\u00e7ou os planos de expans\u00e3o em Minas Gerais e apresentou seus investimentos em hidrog\u00eanio verde. A Panasonic \u00e9 uma das l\u00edderes mundiais na fabrica\u00e7\u00e3o de eletroeletr\u00f4nicos e est\u00e1 ampliando sua f\u00e1brica em Extrema, no Sul de Minas.<\/p>\n\n\n\n<p id=\"viewer-5rg7q\">O crescimento das opera\u00e7\u00f5es vai resultar em cerca de 250 novos empregos permanentes para os pr\u00f3ximos dois anos no munic\u00edpio. A multinacional \u00e9 um dos exemplos de que uma boa rela\u00e7\u00e3o entre estado e empresa podem potencializar os investimentos e gerar ainda mais empregos para a popula\u00e7\u00e3o.<\/p>\n\n\n\n<p id=\"viewer-bl5a1\"><strong>Atra\u00e7\u00e3o de investimentos<\/strong><\/p>\n\n\n\n<p id=\"viewer-5r1o1\">A miss\u00e3o internacional do <a target=\"_blank\" href=\"https:\/\/www.mg.gov.br\/\" rel=\"noreferrer noopener\">Governo de Minas<\/a> \u00e0 \u00c1sia tem o objetivo de atrair mais investimentos estrangeiros para o estado e, com isso, aumentar a gera\u00e7\u00e3o de empregos e renda de qualidade em Minas.<\/p>\n\n\n\n<p id=\"viewer-ak97l\">Liderada pelo governador Romeu Zema, a comitiva tem realizado diversas reuni\u00f5es com executivos de empresas que se interessam em investir em Minas, bem como aqueles que j\u00e1 possuem neg\u00f3cios no estado e planejam expandir suas opera\u00e7\u00f5es.<\/p>\n\n\n\n<p id=\"viewer-34tv8\">\u201cEstamos aqui discutindo novas possibilidades. A Panasonic est\u00e1 muito preocupada em avan\u00e7ar com solu\u00e7\u00f5es para energias renov\u00e1veis e fabrica\u00e7\u00e3o de produtos ambientalmente sustent\u00e1veis. Ou seja, est\u00e1 completamente alinhada ao desejo do Governo de Minas, que tem como prioridade reduzir as emiss\u00f5es de carbono. Tanto que fomos os primeiros a aderir \u00e0 campanha Race to Zero, onde vamos chegar em 2050 com emiss\u00e3o zero de CO2 na economia mineira\u201d, afirmou o governador.<\/p>\n\n\n\n<p id=\"viewer-davaj\">Com uma s\u00f3lida pol\u00edtica de atra\u00e7\u00e3o de investimentos, na casa dos R$ 380 bilh\u00f5es atra\u00eddos desde 2019, o estado conta com um ambiente de neg\u00f3cios mais simplificado, por meio do programa <a target=\"_blank\" href=\"http:\/\/www.desenvolvimento.mg.gov.br\/inicio\/projetos\/projeto\/1062\" rel=\"noreferrer noopener\">Minas Livre Para Crescer<\/a>, da <a target=\"_blank\" href=\"http:\/\/www.desenvolvimento.mg.gov.br\/\" rel=\"noreferrer noopener\">Secretaria de Desenvolvimento Econ\u00f4mico (Sede)<\/a>. H\u00e1, ainda, uma parceria de sucesso com a <a target=\"_blank\" href=\"https:\/\/www.educacao.mg.gov.br\/\" rel=\"noreferrer noopener\">Secretaria de Estado de Educa\u00e7\u00e3o (SEE\/MG)<\/a> para mapear a necessidade de m\u00e3o de obra e oferecer qualifica\u00e7\u00e3o profissional por meio do programa <a target=\"_blank\" href=\"https:\/\/www.trilhasdefuturo.mg.gov.br\/index.html\" rel=\"noreferrer noopener\">Trilhas de Futuro<\/a>. Outro diferencial mineiro \u00e9 o ecossistema de inova\u00e7\u00e3o em franco crescimento, contando com importantes pol\u00edticas estaduais de incentivo. Aspectos como estes s\u00e3o cruciais para que cada vez mais empresas escolham se instalar em Minas Gerais.<\/p>\n\n\n\n<p id=\"viewer-3vrso\">\u201cEu fiz um pedido aos diretores da Panasonic para que contem aos demais empres\u00e1rios japoneses o sucesso que est\u00e3o tendo em Minas. Estamos tendo muitas reuni\u00f5es com empresas japonesas e o exemplo de quem foi para Minas e est\u00e1 tendo sucesso pode ajudar para que tenham confian\u00e7a no nosso trabalho para levar suas companhias para o Estado\u201d, diz o governador Romeu Zema.<\/p>\n\n\n\n<p id=\"viewer-790j8\"><strong>Contato cont\u00ednuo<\/strong><\/p>\n\n\n\n<p id=\"viewer-6lflh\">O trabalho de atra\u00e7\u00e3o de investimentos n\u00e3o termina quando a empresa se instala em Minas Gerais e inicia suas atividades. \u00c9 preciso que toda a opera\u00e7\u00e3o seja acompanhada de perto, estreitando rela\u00e7\u00f5es e discutindo melhorias, seja pela Sede ou pela pr\u00f3pria <a target=\"_blank\" href=\"https:\/\/www.investminas.mg.gov.br\/\" rel=\"noreferrer noopener\">Invest Minas<\/a>.<\/p>\n\n\n\n<p id=\"viewer-4lg4k\">\u201cPara o Governo de Minas, esta \u00e9 mais uma demonstra\u00e7\u00e3o de que nosso estado est\u00e1 pronto n\u00e3o somente para receber grandes investimentos, como tamb\u00e9m para garantir que as empresas que escolheram o nosso estado tenham ampla capacidade de expandir suas opera\u00e7\u00f5es. Procuramos sempre ouvir as demandas e encaminh\u00e1-las aos setores respons\u00e1veis e, desta forma, constru\u00edmos uma rela\u00e7\u00e3o s\u00f3lida com empresas como a Panasonic\u201d, afirma o secret\u00e1rio de Estado de Desenvolvimento Econ\u00f4mico, Fernando Passalio.<\/p>\n\n\n\n<p id=\"viewer-32m2p\">Essa filosofia \u00e9 um dos fatores que explicam o montante atra\u00eddo pela atual gest\u00e3o estadual desde 2019, com impacto positivo na gera\u00e7\u00e3o de empregos em todo o estado.<\/p>\n\n\n\n<p id=\"viewer-eseo0\">\u201cQuanto mais demonstrarmos preocupa\u00e7\u00e3o com os problemas das empresas, mais os gestores ficam confort\u00e1veis em Minas, sabendo que aqui ser\u00e3o ouvidos e poder\u00e3o ter os pleitos atendidos dentro dos meios legais. E levam isso em considera\u00e7\u00e3o na hora de ampliar suas opera\u00e7\u00f5es ou fazer um novo investimento\u201d, conta o diretor-presidente da Invest Minas, Jo\u00e3o Paulo Braga.<\/p>\n\n\n\n<p id=\"viewer-16qi0\"><strong>Expans\u00e3o da Panasonic<\/strong><\/p>\n\n\n\n<p id=\"viewer-etrlf\">A Panasonic est\u00e1 em Minas Gerais desde 2012, quando a f\u00e1brica atual entrou em opera\u00e7\u00e3o em Extrema. No come\u00e7o, estava prevista somente a fabrica\u00e7\u00e3o de refrigeradores, com cerca de 200 empregados, mas ainda na fase de constru\u00e7\u00e3o a empresa decidiu instalar uma outra linha de montagem, desta vez para m\u00e1quinas de lavar roupas, iniciando a opera\u00e7\u00e3o com mais de 550 empregos. Atualmente, a empresa gera cerca de 1,4 mil empregos na regi\u00e3o.<\/p>\n\n\n\n<p id=\"viewer-55l6j\">Com o sucesso da opera\u00e7\u00e3o em Minas, os executivos agora realizam a amplia\u00e7\u00e3o da unidade com investimentos que devem atingir os R$ 300 milh\u00f5es. Segundo a empresa, com a expans\u00e3o, a companhia vai aumentar a produ\u00e7\u00e3o de geladeiras e lavadoras de roupas, al\u00e9m disso, a iniciativa trar\u00e1 um aumento direto e indireto nos postos de trabalho da regi\u00e3o.<\/p>\n\n\n\n<p id=\"viewer-5q8k9\">\u201cJ\u00e1 h\u00e1 alguns anos a Panasonic se movimenta de acordo com a estrat\u00e9gia de se consolidar entre as marcas l\u00edderes de linha branca no mercado brasileiro\u201d, comenta Sergei Epof, vice-presidente da Panasonic do Brasil.<\/p>\n","protected":false},"excerpt":{"rendered":"<p>O governador Romeu Zema se reuniu nesta ter\u00e7a-feira (14\/11) com dirigentes da Panasonic na sede da empresa japonesa, em T\u00f3quio. A companhia refor\u00e7ou os planos de expans\u00e3o em Minas Gerais<\/p>\n","protected":false},"author":1,"featured_media":2826,"comment_status":"open","ping_status":"open","sticky":false,"template":"","format":"standard","meta":{"footnotes":""},"categories":[1],"tags":[],"class_list":["post-2825","post","type-post","status-publish","format-standard","has-post-thumbnail","hentry","category-noticias"],"_links":{"self":[{"href":"https:\/\/revistahubclub.com.br\/portal\/wp-json\/wp\/v2\/posts\/2825","targetHints":{"allow":["GET"]}}],"collection":[{"href":"https:\/\/revistahubclub.com.br\/portal\/wp-json\/wp\/v2\/posts"}],"about":[{"href":"https:\/\/revistahubclub.com.br\/portal\/wp-json\/wp\/v2\/types\/post"}],"author":[{"embeddable":true,"href":"https:\/\/revistahubclub.com.br\/portal\/wp-json\/wp\/v2\/users\/1"}],"replies":[{"embeddable":true,"href":"https:\/\/revistahubclub.com.br\/portal\/wp-json\/wp\/v2\/comments?post=2825"}],"version-history":[{"count":1,"href":"https:\/\/revistahubclub.com.br\/portal\/wp-json\/wp\/v2\/posts\/2825\/revisions"}],"predecessor-version":[{"id":2827,"href":"https:\/\/revistahubclub.com.br\/portal\/wp-json\/wp\/v2\/posts\/2825\/revisions\/2827"}],"wp:featuredmedia":[{"embeddable":true,"href":"https:\/\/revistahubclub.com.br\/portal\/wp-json\/wp\/v2\/media\/2826"}],"wp:attachment":[{"href":"https:\/\/revistahubclub.com.br\/portal\/wp-json\/wp\/v2\/media?parent=2825"}],"wp:term":[{"taxonomy":"category","embeddable":true,"href":"https:\/\/revistahubclub.com.br\/portal\/wp-json\/wp\/v2\/categories?post=2825"},{"taxonomy":"post_tag","embeddable":true,"href":"https:\/\/revistahubclub.com.br\/portal\/wp-json\/wp\/v2\/tags?post=2825"}],"curies":[{"name":"wp","href":"https:\/\/api.w.org\/{rel}","templated":true}]}}