{"id":2834,"date":"2023-11-13T09:44:39","date_gmt":"2023-11-13T12:44:39","guid":{"rendered":"https:\/\/revistahubclub.com.br\/portal\/?p=2834"},"modified":"2024-12-16T09:46:17","modified_gmt":"2024-12-16T12:46:17","slug":"onda-de-calor-pede-cuidados-por-parte-da-populacao","status":"publish","type":"post","link":"https:\/\/revistahubclub.com.br\/portal\/2023\/11\/13\/onda-de-calor-pede-cuidados-por-parte-da-populacao\/","title":{"rendered":"Onda de calor pede cuidados por parte da popula\u00e7\u00e3o"},"content":{"rendered":"\n<p id=\"viewer-9atd0\">As temperaturas extremas que est\u00e3o atingindo grande parte do pa\u00eds chamam a aten\u00e7\u00e3o para o impacto que as ondas de calor causam no corpo humano, trazendo sintomas como mal-estar, fadiga, dor de cabe\u00e7a, irritabilidade e indisposi\u00e7\u00e3o.<\/p>\n\n\n\n<p id=\"viewer-46l68\">\u201cEssa resposta do organismo frente \u00e0s mudan\u00e7as bruscas de temperatura chama-se estresse t\u00e9rmico e acontece quando o corpo n\u00e3o consegue se termorregular, ou seja, manter sua temperatura m\u00e9dia, que seria em torno de 36,5\u00baC\u201d, explica Silvana Vertematti, pediatra e m\u00e9dica do Esporte do Instituto de Assist\u00eancia M\u00e9dica ao Servidor P\u00fablico Estadual (Iamspe), \u00f3rg\u00e3o vinculado \u00e0 Secretaria de Gest\u00e3o e Governo Digital (SGGD) do Governo de S\u00e3o Paulo.<\/p>\n\n\n\n<p id=\"viewer-er91t\">A m\u00e9dica aponta que alguns grupos merecem mais aten\u00e7\u00e3o nessa situa\u00e7\u00e3o, como as crian\u00e7as e os idosos, pois s\u00e3o mais suscet\u00edveis \u00e0 vasodilata\u00e7\u00e3o no calor e podem apresentar dificuldade na regula\u00e7\u00e3o da temperatura do corpo. Nessas faixas et\u00e1rias tamb\u00e9m \u00e9 comum a falta de percep\u00e7\u00e3o de sede, havendo o risco de desidrata\u00e7\u00e3o.<\/p>\n\n\n\n<p id=\"viewer-6mq1j\">Pessoas com problemas card\u00edacos tamb\u00e9m se encaixam nesse perfil e, caso a doen\u00e7a n\u00e3o esteja controlada, seu quadro pode evoluir para algo mais s\u00e9rio, como um infarto ou acidente vascular cerebral (AVC). Para evitar riscos \u00e0 sa\u00fade, Silvana indica os seguintes cuidados:<\/p>\n\n\n\n<ul class=\"wp-block-list\">\n<li>Mantenha-se hidratado. O suor excessivo leva \u00e0 perda de subst\u00e2ncias que s\u00e3o importantes para a manuten\u00e7\u00e3o do organismo, como sais e eletr\u00f3litos, podendo causar problemas renais. Bebidas geladas ajudam o corpo a se resfriar em situa\u00e7\u00f5es de calor intenso, ent\u00e3o s\u00e3o recomendadas;<\/li>\n\n\n\n<li>Evite a exposi\u00e7\u00e3o ao sol nos hor\u00e1rios das altas temperaturas. O calor interno aumenta a vasodilata\u00e7\u00e3o, diminuindo ainda mais a press\u00e3o. Pessoas com a press\u00e3o baixa podem sentir tonturas e at\u00e9 desmaiar;<\/li>\n\n\n\n<li>N\u00e3o se exercite quando a temperatura estiver elevada, prefira hor\u00e1rios em que o calor n\u00e3o \u00e9 t\u00e3o intenso. Ao praticarmos exerc\u00edcios temos uma produ\u00e7\u00e3o muito intensa de calor e isso pode gerar grandes danos, principalmente em pessoas que possuem doen\u00e7as desconhecidas.<\/li>\n\n\n\n<li>Evite o consumo de bebidas alco\u00f3licas, pois elas inibem a produ\u00e7\u00e3o do horm\u00f4nio antidiur\u00e9tico e ajudam na desidrata\u00e7\u00e3o. Caso decida beber, fa\u00e7a a ingest\u00e3o de \u00e1gua junto.<\/li>\n\n\n\n<li>Fa\u00e7a refei\u00e7\u00f5es leves e de f\u00e1cil digest\u00e3o. Inclua legumes, vegetais e frutas que contenham bastante \u00e1gua em sua composi\u00e7\u00e3o, pois ajudam na hidrata\u00e7\u00e3o.<\/li>\n\n\n\n<li>Evite alimentos que demandam muita energia para serem digeridos, como gorduras e carnes pesadas, porque geram mais calor ainda ao corpo;<\/li>\n\n\n\n<li>Use roupas frescas, de cores claras e tecidos respir\u00e1veis.<\/li>\n<\/ul>\n\n\n\n<p id=\"viewer-9jhaf\">\u00c9 importante levar em considera\u00e7\u00e3o fatores associados \u00e0 temperatura, como a umidade do ar e a velocidade do vento. A alta umidade em associa\u00e7\u00e3o com a temperatura elevada aumenta a sensa\u00e7\u00e3o de calor porque diminui a perda de calor interna, dificultando a troca com o ambiente, ou seja, voc\u00ea guarda esse calor e aumenta sua vasodilata\u00e7\u00e3o, diminuindo ainda mais a press\u00e3o.<\/p>\n\n\n\n<p id=\"viewer-2su3f\">J\u00e1 o calor junto com a baixa umidade do ar potencializa os quadros de rinite, bronquite e outras doen\u00e7as relacionadas porque os poluentes n\u00e3o se dissipam do ambiente, sendo extremamente desconfort\u00e1veis.<\/p>\n\n\n\n<p id=\"viewer-ero9u\">Nos dias extremamente quentes, \u00e9 melhor ficar em casa ou ir ao parque ou \u00e0 praia? \u201cDepende\u201d, explica Silvana. \u201cS\u00e3o muitas vari\u00e1veis. N\u00e3o adianta se refrescar na \u00e1gua e tomar sol ao meio-dia depois, ou ent\u00e3o consumir cerveja e comer pastel, o corpo n\u00e3o ir\u00e1 reagir bem. \u00c9 preciso evitar a exposi\u00e7\u00e3o ao sol, pensar na hidrata\u00e7\u00e3o e na alimenta\u00e7\u00e3o. Com informa\u00e7\u00e3o podemos fazer escolhas melhores para lidar com as altas temperaturas\u201d, finaliza.<\/p>\n\n\n\n<p id=\"viewer-5tolc\"><strong><em>Marcelo Camargo\/Ag\u00eancia Brasil<\/em><\/strong><\/p>\n","protected":false},"excerpt":{"rendered":"<p>As temperaturas extremas que est\u00e3o atingindo grande parte do pa\u00eds chamam a aten\u00e7\u00e3o para o impacto que as ondas de calor causam no corpo humano, trazendo sintomas como mal-estar, fadiga,<\/p>\n","protected":false},"author":1,"featured_media":2835,"comment_status":"open","ping_status":"open","sticky":false,"template":"","format":"standard","meta":{"footnotes":""},"categories":[1],"tags":[],"class_list":["post-2834","post","type-post","status-publish","format-standard","has-post-thumbnail","hentry","category-noticias"],"_links":{"self":[{"href":"https:\/\/revistahubclub.com.br\/portal\/wp-json\/wp\/v2\/posts\/2834","targetHints":{"allow":["GET"]}}],"collection":[{"href":"https:\/\/revistahubclub.com.br\/portal\/wp-json\/wp\/v2\/posts"}],"about":[{"href":"https:\/\/revistahubclub.com.br\/portal\/wp-json\/wp\/v2\/types\/post"}],"author":[{"embeddable":true,"href":"https:\/\/revistahubclub.com.br\/portal\/wp-json\/wp\/v2\/users\/1"}],"replies":[{"embeddable":true,"href":"https:\/\/revistahubclub.com.br\/portal\/wp-json\/wp\/v2\/comments?post=2834"}],"version-history":[{"count":1,"href":"https:\/\/revistahubclub.com.br\/portal\/wp-json\/wp\/v2\/posts\/2834\/revisions"}],"predecessor-version":[{"id":2836,"href":"https:\/\/revistahubclub.com.br\/portal\/wp-json\/wp\/v2\/posts\/2834\/revisions\/2836"}],"wp:featuredmedia":[{"embeddable":true,"href":"https:\/\/revistahubclub.com.br\/portal\/wp-json\/wp\/v2\/media\/2835"}],"wp:attachment":[{"href":"https:\/\/revistahubclub.com.br\/portal\/wp-json\/wp\/v2\/media?parent=2834"}],"wp:term":[{"taxonomy":"category","embeddable":true,"href":"https:\/\/revistahubclub.com.br\/portal\/wp-json\/wp\/v2\/categories?post=2834"},{"taxonomy":"post_tag","embeddable":true,"href":"https:\/\/revistahubclub.com.br\/portal\/wp-json\/wp\/v2\/tags?post=2834"}],"curies":[{"name":"wp","href":"https:\/\/api.w.org\/{rel}","templated":true}]}}