{"id":2840,"date":"2023-11-13T09:47:06","date_gmt":"2023-11-13T12:47:06","guid":{"rendered":"https:\/\/revistahubclub.com.br\/portal\/?p=2840"},"modified":"2024-12-16T09:48:05","modified_gmt":"2024-12-16T12:48:05","slug":"comercio-local-podera-abrir-no-feriado-desta-quarta-feira","status":"publish","type":"post","link":"https:\/\/revistahubclub.com.br\/portal\/2023\/11\/13\/comercio-local-podera-abrir-no-feriado-desta-quarta-feira\/","title":{"rendered":"Com\u00e9rcio local poder\u00e1 abrir no feriado desta quarta-feira"},"content":{"rendered":"\n<p>A CDL Uberl\u00e2ndia comunica que de acordo com a Conven\u00e7\u00e3o Coletiva 2022\/2023, firmada entre o Sindicato dos Empregados no Com\u00e9rcio de Uberl\u00e2ndia e Araguari (Secua) e o Sindicato do Com\u00e9rcio de Uberl\u00e2ndia (Sindicom\u00e9rcio), as empresas do ramo de Com\u00e9rcio Varejista de G\u00eaneros Aliment\u00edcios e Afins poder\u00e3o abrir no <strong>feriado do dia 15 de novembro \u2013 Proclama\u00e7\u00e3o da Rep\u00fablica<\/strong>, bem como as do ramo de Com\u00e9rcio Varejista de Bens e Servi\u00e7os, sendo das 9h horas \u00e0s 18h. Vale ressaltar que as horas trabalhadas ser\u00e3o pagas como dobra.<\/p>\n","protected":false},"excerpt":{"rendered":"<p>A CDL Uberl\u00e2ndia comunica que de acordo com a Conven\u00e7\u00e3o Coletiva 2022\/2023, firmada entre o Sindicato dos Empregados no Com\u00e9rcio de Uberl\u00e2ndia e Araguari (Secua) e o Sindicato do Com\u00e9rcio<\/p>\n","protected":false},"author":1,"featured_media":2841,"comment_status":"open","ping_status":"open","sticky":false,"template":"","format":"standard","meta":{"footnotes":""},"categories":[1],"tags":[],"class_list":["post-2840","post","type-post","status-publish","format-standard","has-post-thumbnail","hentry","category-noticias"],"_links":{"self":[{"href":"https:\/\/revistahubclub.com.br\/portal\/wp-json\/wp\/v2\/posts\/2840","targetHints":{"allow":["GET"]}}],"collection":[{"href":"https:\/\/revistahubclub.com.br\/portal\/wp-json\/wp\/v2\/posts"}],"about":[{"href":"https:\/\/revistahubclub.com.br\/portal\/wp-json\/wp\/v2\/types\/post"}],"author":[{"embeddable":true,"href":"https:\/\/revistahubclub.com.br\/portal\/wp-json\/wp\/v2\/users\/1"}],"replies":[{"embeddable":true,"href":"https:\/\/revistahubclub.com.br\/portal\/wp-json\/wp\/v2\/comments?post=2840"}],"version-history":[{"count":1,"href":"https:\/\/revistahubclub.com.br\/portal\/wp-json\/wp\/v2\/posts\/2840\/revisions"}],"predecessor-version":[{"id":2842,"href":"https:\/\/revistahubclub.com.br\/portal\/wp-json\/wp\/v2\/posts\/2840\/revisions\/2842"}],"wp:featuredmedia":[{"embeddable":true,"href":"https:\/\/revistahubclub.com.br\/portal\/wp-json\/wp\/v2\/media\/2841"}],"wp:attachment":[{"href":"https:\/\/revistahubclub.com.br\/portal\/wp-json\/wp\/v2\/media?parent=2840"}],"wp:term":[{"taxonomy":"category","embeddable":true,"href":"https:\/\/revistahubclub.com.br\/portal\/wp-json\/wp\/v2\/categories?post=2840"},{"taxonomy":"post_tag","embeddable":true,"href":"https:\/\/revistahubclub.com.br\/portal\/wp-json\/wp\/v2\/tags?post=2840"}],"curies":[{"name":"wp","href":"https:\/\/api.w.org\/{rel}","templated":true}]}}