{"id":2843,"date":"2023-11-10T09:48:07","date_gmt":"2023-11-10T12:48:07","guid":{"rendered":"https:\/\/revistahubclub.com.br\/portal\/?p=2843"},"modified":"2024-12-16T09:50:37","modified_gmt":"2024-12-16T12:50:37","slug":"fazenda-tres-meninas-da-regiao-do-cerrado-mineiro-conquista-primeiro-lugar-no-premio-planeta-campo","status":"publish","type":"post","link":"https:\/\/revistahubclub.com.br\/portal\/2023\/11\/10\/fazenda-tres-meninas-da-regiao-do-cerrado-mineiro-conquista-primeiro-lugar-no-premio-planeta-campo\/","title":{"rendered":"Fazenda Tr\u00eas Meninas, da Regi\u00e3o do Cerrado Mineiro, conquista primeiro lugar no Pr\u00eamio Planeta Campo"},"content":{"rendered":"\n<p id=\"viewer-f6prq\">A Fazenda Tr\u00eas Meninas, situada no Cerrado Mineiro, conquistou o primeiro lugar na categoria Agricultura &#8211; m\u00e9dio porte, durante a segunda edi\u00e7\u00e3o do Pr\u00eamio Planeta Campo, promovido pelo Canal Rural. O pr\u00eamio destaca as pr\u00e1ticas sustent\u00e1veis na agricultura, pecu\u00e1ria e agroind\u00fastria, reconhecendo resultados positivos ambientais, sociais e econ\u00f4micos em propriedades de todo o Brasil. A cerim\u00f4nia de premia\u00e7\u00e3o foi realizada durante o 2\u00ba F\u00f3rum Planeta Campo, reunindo autoridades e l\u00edderes do setor para abordar temas relevantes sobre produ\u00e7\u00e3o sustent\u00e1vel.<\/p>\n\n\n\n<p id=\"viewer-8dtva\">Localizada em Monte Carmelo, a fazenda \u00e9 propriedade do casal Paula e Marcelo Urtado, um dos embaixadores da Regi\u00e3o do Cerrado Mineiro. Em 2016, a propriedade rural foi adquirida pelo casal, dando in\u00edcio \u00e0 produ\u00e7\u00e3o de caf\u00e9 em gest\u00e3o compartilhada, sendo pioneiro nas pr\u00e1ticas regenerativas como um todo, reduzindo o uso de qu\u00edmicos e promovendo um ambiente prop\u00edcio para a produ\u00e7\u00e3o de &#8220;caf\u00e9 carbono neutro&#8221;.<\/p>\n\n\n\n<p id=\"viewer-f567d\">&#8220;Recebemos com grande honra este pr\u00eamio em meio \u00e0 tantas fazendas sustent\u00e1veis. O processo foi criterioso, com extensa documenta\u00e7\u00e3o, contando com a valiosa parceria da Embrapa, que realiza avalia\u00e7\u00f5es t\u00e9cnicas nas fazendas. Ser reconhecido em primeiro lugar \u00e9 uma coroa\u00e7\u00e3o do nosso trabalho, destacando a consist\u00eancia que j\u00e1 hav\u00edamos conquistado em pr\u00eamios anteriores relacionados \u00e0 sustentabilidade. Este \u00e9 um dia emblem\u00e1tico para a Fazenda Tr\u00eas Meninas pois, simultaneamente, fomos agraciados com duas premia\u00e7\u00f5es. Nosso objetivo \u00e9 produzir caf\u00e9s de alta qualidade e hoje conquistamos o primeiro lugar no projeto Elas no Caf\u00e9 da Monteccer, que reconhece a qualidade. Al\u00e9m disso, refor\u00e7amos nosso compromisso de produzir caf\u00e9s de qualidade impactando positivamente o meio ambiente e a sociedade. No mesmo dia, por meio de entidades diferentes, fomos premiados por nossos prop\u00f3sitos&#8221;, destaca Paula Urtado.<\/p>\n\n\n\n<p id=\"viewer-aaol3\">Segundo Marcelo Urtado, temas como biodiversidade, produ\u00e7\u00e3o de \u00e1gua, sequestro de carbono e uso de biol\u00f3gicos foram abordados no F\u00f3rum e a Fazenda Tr\u00eas Meninas \u00e9 refer\u00eancia nessas \u00e1reas. \u201cTudo o que eles destacam como o futuro j\u00e1 \u00e9 uma pr\u00e1tica implementada na Fazenda Tr\u00eas Meninas. \u00c9 gratificante observar que estamos alinhados n\u00e3o apenas com a ci\u00eancia e a produ\u00e7\u00e3o de caf\u00e9, mas tamb\u00e9m com as tend\u00eancias do mercado. Temos muito orgulho de fazer parte da Regi\u00e3o do Cerrado Mineiro\u201d, ressalta Marcelo.<\/p>\n\n\n\n<p id=\"viewer-bqlm\">\u201cEsta conquista \u00e9 fruto de muito trabalho do Marcelo, Paula e de toda a rede de pesquisadores, consultores e colaboradores que atuam com eles. \u00c9 uma constru\u00e7\u00e3o de longo prazo e certamente colabora para ampliar tamb\u00e9m a reputa\u00e7\u00e3o da Marca Regi\u00e3o do Cerrado Mineiro. Estamos muito felizes por eles\u201d, avalia Juliano Tarabal, diretor executivo da Federa\u00e7\u00e3o dos Cafeicultores do Cerrado.<\/p>\n\n\n\n<p id=\"viewer-dupfc\"><strong>Premia\u00e7\u00e3o<\/strong><\/p>\n\n\n\n<p id=\"viewer-ftsju\">Nesta edi\u00e7\u00e3o do Pr\u00eamio Planeta Campo, com mais de 160 projetos inscritos, foram premiados tr\u00eas agricultores e tr\u00eas pecuaristas nas categorias de grande, m\u00e9dio e pequeno porte, al\u00e9m de uma agroind\u00fastria.<\/p>\n\n\n\n<p id=\"viewer-c97kj\">O processo de sele\u00e7\u00e3o das iniciativas inscritas contou com a an\u00e1lise criteriosa de um comit\u00ea formado por seis institui\u00e7\u00f5es renomadas, como Canal Rural, Instituto Ethos, Integrow, MBPS (Mesa Brasileira da Pecu\u00e1ria Sustent\u00e1vel), GAAS (Grupo Associado da Agricultura Sustent\u00e1vel) e Embrapa.<\/p>\n","protected":false},"excerpt":{"rendered":"<p>A Fazenda Tr\u00eas Meninas, situada no Cerrado Mineiro, conquistou o primeiro lugar na categoria Agricultura &#8211; m\u00e9dio porte, durante a segunda edi\u00e7\u00e3o do Pr\u00eamio Planeta Campo, promovido pelo Canal Rural.<\/p>\n","protected":false},"author":1,"featured_media":2844,"comment_status":"open","ping_status":"open","sticky":false,"template":"","format":"standard","meta":{"footnotes":""},"categories":[1],"tags":[],"class_list":["post-2843","post","type-post","status-publish","format-standard","has-post-thumbnail","hentry","category-noticias"],"_links":{"self":[{"href":"https:\/\/revistahubclub.com.br\/portal\/wp-json\/wp\/v2\/posts\/2843","targetHints":{"allow":["GET"]}}],"collection":[{"href":"https:\/\/revistahubclub.com.br\/portal\/wp-json\/wp\/v2\/posts"}],"about":[{"href":"https:\/\/revistahubclub.com.br\/portal\/wp-json\/wp\/v2\/types\/post"}],"author":[{"embeddable":true,"href":"https:\/\/revistahubclub.com.br\/portal\/wp-json\/wp\/v2\/users\/1"}],"replies":[{"embeddable":true,"href":"https:\/\/revistahubclub.com.br\/portal\/wp-json\/wp\/v2\/comments?post=2843"}],"version-history":[{"count":1,"href":"https:\/\/revistahubclub.com.br\/portal\/wp-json\/wp\/v2\/posts\/2843\/revisions"}],"predecessor-version":[{"id":2845,"href":"https:\/\/revistahubclub.com.br\/portal\/wp-json\/wp\/v2\/posts\/2843\/revisions\/2845"}],"wp:featuredmedia":[{"embeddable":true,"href":"https:\/\/revistahubclub.com.br\/portal\/wp-json\/wp\/v2\/media\/2844"}],"wp:attachment":[{"href":"https:\/\/revistahubclub.com.br\/portal\/wp-json\/wp\/v2\/media?parent=2843"}],"wp:term":[{"taxonomy":"category","embeddable":true,"href":"https:\/\/revistahubclub.com.br\/portal\/wp-json\/wp\/v2\/categories?post=2843"},{"taxonomy":"post_tag","embeddable":true,"href":"https:\/\/revistahubclub.com.br\/portal\/wp-json\/wp\/v2\/tags?post=2843"}],"curies":[{"name":"wp","href":"https:\/\/api.w.org\/{rel}","templated":true}]}}