{"id":2870,"date":"2023-12-07T10:03:00","date_gmt":"2023-12-07T13:03:00","guid":{"rendered":"https:\/\/revistahubclub.com.br\/portal\/?p=2870"},"modified":"2024-12-16T10:04:12","modified_gmt":"2024-12-16T13:04:12","slug":"natal-humorista-diogo-portugal-encerra-ciclo-de-acoes-do-varejo-on-com-stand-up","status":"publish","type":"post","link":"https:\/\/revistahubclub.com.br\/portal\/2023\/12\/07\/natal-humorista-diogo-portugal-encerra-ciclo-de-acoes-do-varejo-on-com-stand-up\/","title":{"rendered":"Natal: humorista Diogo Portugal encerra ciclo de a\u00e7\u00f5es do Varejo On com Stand Up"},"content":{"rendered":"\n<p id=\"viewer-dic3b\"><em>O artista, um dos precursores do Stand Up Comedy no Brasil estar\u00e1 na CDL Uberl\u00e2ndia no dia 30 de novembro para compartilhar conhecimento de forma divertida; Feira de Oportunidades precede Stand Up Comedy de Diogo, a partir das 17h, no foyer de eventos da entidade.<\/em><\/p>\n\n\n\n<p id=\"viewer-4gg5v\">Durante todo o ano, a CDL Uberl\u00e2ndia, Sebrae e parceiros, por meio do Varejo ON, um programa empresarial que conecta empresas a oportunidades de vendas nas principais datas comerciais trouxe uma s\u00e9rie de capacita\u00e7\u00f5es profissionais, eventos corporativos, orienta\u00e7\u00e3o em inova\u00e7\u00e3o e meios digitais e atendimento, sorteio de pr\u00eamios incluindo um carro zero km no final do ano, entre outras a\u00e7\u00f5es para alavancar as vendas, impactando milhares de pessoas. Com a aproxima\u00e7\u00e3o do Natal, a data mais aguardada do ano pelos empres\u00e1rios e consumidores, o Varejo ON fecha o seu ciclo de 2023, dia 30 de novembro, \u00e0s 19h, na CDL Conven\u00e7\u00f5es e Eventos, trazendo o precursor do Stand Up Comedy no Brasil, Diogo Portugal, que apresentar\u00e1 o Stand-Up Show corporativo com o tema: \u201cFeliz \u00e9 aquele que pode rir de si mesmo. Ele nunca deixa de se divertir\u201d.<\/p>\n\n\n\n<p id=\"viewer-df5p8\">Antes, a partir das 17h, ser\u00e1 realizada no foyer do mesmo espa\u00e7o, a Feira de Oportunidades, evento que abre espa\u00e7o aos patrocinadores, empres\u00e1rios e empreendedores para expor sua marca e vender seus produtos e servi\u00e7os. O p\u00fablico poder\u00e1 conhecer as marcas e lan\u00e7amentos, fazer degusta\u00e7\u00f5es, vendas, networking e, na sequ\u00eancia, assistir a palestra de Diogo Portugal. As inscri\u00e7\u00f5es j\u00e1 est\u00e3o abertas pelo site do <a target=\"_blank\" href=\"https:\/\/www.sympla.com.br\/evento\/feira-de-oportunidades-com-diogo-portugal\/2231906?_gl=1*aj4yk6*_ga*MTAwNDUzNzMxMS4xNjk3NDcwNjI0*_ga_KXH10SQTZF*MTY5ODg2MjY2Mi4yMS4xLjE2OTg4NjM5NjkuMC4wLjA.&amp;referrer=cdludi.org.br\" rel=\"noreferrer noopener\"><strong>evento<\/strong><\/a>. A entrada \u00e9 1kg de alimento n\u00e3o perec\u00edvel.<\/p>\n\n\n\n<p id=\"viewer-dvsos\">\u201cO final do ano traz metas desafiadoras para as empresas e, consequentemente, acelera o ritmo de trabalho das equipes comerciais. A nossa proposta para a \u00faltima Feira de Oportunidades do ano \u00e9 criar um momento de divers\u00e3o, de renova\u00e7\u00e3o de energia e de prepara\u00e7\u00e3o para as vendas de Natal. Nessa reta final \u00e9 muito importante que as empresas n\u00e3o apenas preparem, mas motivem seus times, afinal o n\u00edvel de satisfa\u00e7\u00e3o do vendedor est\u00e1 diretamente ligado \u00e0 sua performance\u201d, disse a superintende da CDL Uberl\u00e2ndia, L\u00e9cia Queiroz.<\/p>\n\n\n\n<p id=\"viewer-8sf51\">SOBRE A FEIRA<\/p>\n\n\n\n<p id=\"viewer-7jg66\">A Feira de Oportunidades \u00e9 mais uma iniciativa da CDL, em parceria com o SEBRAE, patrocinadores e parceiros que re\u00fane conte\u00fado de qualidade, relacionamento e oportunidades de neg\u00f3cio.<\/p>\n\n\n\n<p id=\"viewer-5h419\">O evento conta com o apoio do Sebrae e patroc\u00ednio das empresas da campanha PRESENTE DA SORTE: Costa Moraes, Zapi Impermeabilizante, Tangar\u00e1 Park Club, Eletromac, Caixa Aqui \u2013 Expertt Central de Neg\u00f3cios, Uberl\u00e2ndia Refrescos, Multi Imobili\u00e1ria e Caf\u00e9 Cajub\u00e1.<\/p>\n","protected":false},"excerpt":{"rendered":"<p>O artista, um dos precursores do Stand Up Comedy no Brasil estar\u00e1 na CDL Uberl\u00e2ndia no dia 30 de novembro para compartilhar conhecimento de forma divertida; Feira de Oportunidades precede<\/p>\n","protected":false},"author":1,"featured_media":2871,"comment_status":"open","ping_status":"open","sticky":false,"template":"","format":"standard","meta":{"footnotes":""},"categories":[1],"tags":[],"class_list":["post-2870","post","type-post","status-publish","format-standard","has-post-thumbnail","hentry","category-noticias"],"_links":{"self":[{"href":"https:\/\/revistahubclub.com.br\/portal\/wp-json\/wp\/v2\/posts\/2870","targetHints":{"allow":["GET"]}}],"collection":[{"href":"https:\/\/revistahubclub.com.br\/portal\/wp-json\/wp\/v2\/posts"}],"about":[{"href":"https:\/\/revistahubclub.com.br\/portal\/wp-json\/wp\/v2\/types\/post"}],"author":[{"embeddable":true,"href":"https:\/\/revistahubclub.com.br\/portal\/wp-json\/wp\/v2\/users\/1"}],"replies":[{"embeddable":true,"href":"https:\/\/revistahubclub.com.br\/portal\/wp-json\/wp\/v2\/comments?post=2870"}],"version-history":[{"count":1,"href":"https:\/\/revistahubclub.com.br\/portal\/wp-json\/wp\/v2\/posts\/2870\/revisions"}],"predecessor-version":[{"id":2872,"href":"https:\/\/revistahubclub.com.br\/portal\/wp-json\/wp\/v2\/posts\/2870\/revisions\/2872"}],"wp:featuredmedia":[{"embeddable":true,"href":"https:\/\/revistahubclub.com.br\/portal\/wp-json\/wp\/v2\/media\/2871"}],"wp:attachment":[{"href":"https:\/\/revistahubclub.com.br\/portal\/wp-json\/wp\/v2\/media?parent=2870"}],"wp:term":[{"taxonomy":"category","embeddable":true,"href":"https:\/\/revistahubclub.com.br\/portal\/wp-json\/wp\/v2\/categories?post=2870"},{"taxonomy":"post_tag","embeddable":true,"href":"https:\/\/revistahubclub.com.br\/portal\/wp-json\/wp\/v2\/tags?post=2870"}],"curies":[{"name":"wp","href":"https:\/\/api.w.org\/{rel}","templated":true}]}}