{"id":2873,"date":"2023-12-06T10:04:00","date_gmt":"2023-12-06T13:04:00","guid":{"rendered":"https:\/\/revistahubclub.com.br\/portal\/?p=2873"},"modified":"2024-12-16T10:05:02","modified_gmt":"2024-12-16T13:05:02","slug":"uberlandia-esta-oficialmente-apta-a-comercializar-po-de-basalto-como-insumo-agricola","status":"publish","type":"post","link":"https:\/\/revistahubclub.com.br\/portal\/2023\/12\/06\/uberlandia-esta-oficialmente-apta-a-comercializar-po-de-basalto-como-insumo-agricola\/","title":{"rendered":"Uberl\u00e2ndia est\u00e1 oficialmente apta a comercializar p\u00f3 de basalto como insumo agr\u00edcola"},"content":{"rendered":"\n<p id=\"viewer-2mp3v\">Uberl\u00e2ndia atingiu mais um marco na consolida\u00e7\u00e3o do 1\u00ba Polo Agromineral Verde do Brasil Ministro Alysson Paolinelli. A partir de agora, a cidade est\u00e1 oficialmente apta a comercializar p\u00f3 de basalto como remineralizador de solo para a agricultura brasileira. Em solenidade no Centro Administrativo Municipal, o prefeito Odelmo Le\u00e3o anunciou a expedi\u00e7\u00e3o pelo Minist\u00e9rio da Agricultura, Pecu\u00e1ria e Abastecimento (Mapa) dos certificados que validam e autorizam a primeira mineradora do munic\u00edpio a produzir e distribuir comercialmente o produto em todo territ\u00f3rio nacional.<\/p>\n\n\n\n<p id=\"viewer-em1pa\">Os documentos &#8220;Certificado de Registro de Estabelecimento&#8221; e &#8220;Certificado de Registro de Produto&#8221; foram emitidos neste m\u00eas pelo Mapa \u00e0 EcoBrix. A empresa, localizada no Distrito Industrial, \u00e9 uma das tr\u00eas mineradoras locais parceiras da Prefeitura de Uberl\u00e2ndia no projeto de fomento do p\u00f3 de rocha na agricultura. Com os testes iniciados em 2019, a EcoBrix ter\u00e1 capacidade de produzir e escoar cerca de 300 toneladas de remineralizador de solo ao dia, atendendo, inicialmente, a demanda regional.<\/p>\n\n\n\n<p id=\"viewer-2q6er\">&#8220;O p\u00f3 de rocha oferece muitas solu\u00e7\u00f5es para o agroneg\u00f3cio, principalmente, em terra degradada. N\u00f3s n\u00e3o pesquisamos sobre ele somente para sua utiliza\u00e7\u00e3o na produ\u00e7\u00e3o de soja, cana, milho, mas, tamb\u00e9m, para ajudar o hortifrutigranjeiro, para atender a agricultura familiar. Hoje, temos este grande resultado. A empresa est\u00e1 registrada e autorizada a vender o seu produto&#8221;, ressaltou o prefeito Odelmo Le\u00e3o.<\/p>\n\n\n\n<p id=\"viewer-atkrg\">O diretor da EcoBrix, Renato de Freitas Filho, destacou a qualidade do p\u00f3 de basalto. &#8220;Esse escoamento j\u00e1 ser\u00e1 com um p\u00f3 de rocha de granulometria reduzida, preparado para os solos mais exigentes, tanto em n\u00edvel de produ\u00e7\u00e3o, quanto em n\u00edvel de biodiversidade&#8221;, afirmou.<\/p>\n\n\n\n<p id=\"viewer-d041s\">&#8220;Esse \u00e9 um marco no Brasil. O 1\u00ba Polo Agromineral Verde do Brasil Ministro Alysson Paolinelli vai beneficiar n\u00e3o s\u00f3 as grandes culturas, como milho e soja, mas, tamb\u00e9m, a agricultura familiar. Tudo isso a custo baixo. Isso \u00e9 o mais importante. Porque, ainda mais nesse per\u00edodo de guerras, esta \u00e9 a hora de estar utilizando bastante o p\u00f3 de basalto&#8221;, disse a primeira vice-presidente da Comiss\u00e3o de Agricultura, Pecu\u00e1ria, Abastecimento e Desenvolvimento Rural da C\u00e2mara dos Deputados, Ana Paula Junqueira Le\u00e3o, que esteve no evento representando o presidente da C\u00e2mara, Arthur Lira.<\/p>\n\n\n\n<p id=\"viewer-e4lr0\"><strong>Certificados<\/strong><\/p>\n\n\n\n<p id=\"viewer-96p65\">Para que a empresa estivesse apta a receber os certificados de registro do Mapa, a Prefeitura de Uberl\u00e2ndia auxiliou diretamente no processo por meio da parceria com a empresa de consultoria Companhia de Promo\u00e7\u00e3o Agr\u00edcola \u2013 CPA (Campo). Ainda em 2021,a EcoBrix recebeu um <a target=\"_blank\" href=\"https:\/\/www.uberlandia.mg.gov.br\/2021\/10\/27\/prefeitura-de-uberlandia-entrega-de-estudo-tecnico-sobre-po-de-basalto-a-mineradoras\/\" rel=\"noreferrer noopener\"><strong>estudo de viabilidade t\u00e9cnica e os ensaios de efici\u00eancia agron\u00f4mica<\/strong><\/a> elaborados pela Campo em conjunto com o Munic\u00edpio, com apoio da concession\u00e1ria de ferrovias VLI.<\/p>\n\n\n\n<p id=\"viewer-6kajh\">O estudo \u00e9 um desdobramento do trabalho conduzido desde 2019 e que contou com o incentivo de pessoas como o ex-ministro da Agricultura Alysson Paolinelli, grande incentivador do uso de p\u00f3 de rocha na agricultura, como alternativa para reduzir a depend\u00eancia externa pelos adubos qu\u00edmicos.<\/p>\n\n\n\n<p id=\"viewer-cu9tk\">Todo esse trabalho teve como objetivo demonstrar a qualidade do p\u00f3 de rocha origin\u00e1rio do basalto de Uberl\u00e2ndia e poder\u00e1 ser utilizada pelas empresas interessadas na obten\u00e7\u00e3o de registro junto ao Minist\u00e9rio de Agricultura, Pecu\u00e1ria e Abastecimento (Mapa), para produ\u00e7\u00e3o e comercializa\u00e7\u00e3o de subprodutos da minera\u00e7\u00e3o.<\/p>\n\n\n\n<p id=\"viewer-2t5mb\"><strong>Uberl\u00e2ndia \u00e0 frente das pesquisas sobre p\u00f3 de basalto<\/strong><\/p>\n\n\n\n<p id=\"viewer-fo50s\">Uberl\u00e2ndia est\u00e1 em uma regi\u00e3o onde estima-se que existam mais de 16 mil hectares de basalto, uma rocha silic\u00e1tica de origem vulc\u00e2nica. Nos \u00faltimos cinco anos, a cidade obteve importantes conquistas por meio do empenho da gest\u00e3o municipal sobre a utiliza\u00e7\u00e3o do p\u00f3 de basalto como remineralizador de solo.<\/p>\n\n\n\n<p id=\"viewer-8ppb6\">Em 2019, a Prefeitura realizou o <a target=\"_blank\" href=\"https:\/\/www.uberlandia.mg.gov.br\/2019\/10\/04\/uso-de-basalto-na-lavoura-reune-600-pesquisadores-e-agricultores-do-pais\/\" rel=\"noreferrer noopener\"><strong>primeiro semin\u00e1rio t\u00e9cnico sobre o tema<\/strong><\/a>, que reuniu estudantes e especialistas no campo de todo o pa\u00eds. O evento contou, inclusive, com uma palestra de Paolinelli, que sentenciou que, junto aos estudos sobre remineralizadores de solo, nasciam os alicerces para a &#8220;4\u00aa Revolu\u00e7\u00e3o Agr\u00edcola&#8221;, uma vez que o abundante recurso tinha potencial de baratear os custos da lavoura, aumentar a efici\u00eancia da aduba\u00e7\u00e3o e melhorar a qualidade da produ\u00e7\u00e3o de alimentos, reduzindo ainda a depend\u00eancia de insumos importados.<\/p>\n\n\n\n<p id=\"viewer-4gdei\">Desde ent\u00e3o, as pol\u00edticas p\u00fablicas conduzidas pela Prefeitura de Uberl\u00e2ndia ganharam mais for\u00e7a, passando pelo in\u00edcio dos testes de campo em grandes, m\u00e9dias e pequenas propriedades. E ainda: a gest\u00e3o junto \u00e0s esferas estadual e federal para expans\u00e3o da linha f\u00e9rrea (o que facilitaria o escoamento do produto para outras regi\u00f5es do pa\u00eds), al\u00e9m do apoio \u00e0s mineradoras interessadas na produ\u00e7\u00e3o do p\u00f3 de basalto para que se habilitassem na comercializa\u00e7\u00e3o e o pr\u00f3prio estudo sobre a efici\u00eancia agron\u00f4mica entregue em 2021 a essas empresas.<\/p>\n\n\n\n<p id=\"viewer-7rs89\">Tamb\u00e9m em 2021, o Executivo anunciou, mais uma vez com a presen\u00e7a e o apoio de Paolinelli, al\u00e9m de outras institui\u00e7\u00f5es, a cria\u00e7\u00e3o do primeiro Polo Agromineral Verde do Brasil, mais tarde batizado com o nome do ex-ministro. Com o lan\u00e7amento do polo, vieram, nos anos seguintes, o fechamento de parcerias para a expans\u00e3o dos trabalhos em torno de outros min\u00e9rios existentes no solo da regi\u00e3o, como micaxisto e gnaisse, e o recente <a target=\"_blank\" href=\"https:\/\/www.uberlandia.mg.gov.br\/2023\/07\/11\/prefeitura-da-inicio-a-projeto-pioneiro-de-planta-industrial-para-producao-em-larga-escala-de-energia-e-fertilizante-a-partir-do-lodo-de-esgoto\/\" rel=\"noreferrer noopener\"><strong>projeto de transforma\u00e7\u00e3o do lodo de esgoto<\/strong><\/a> em energia e fertilizante, que pode ser agregado ao p\u00f3 de basalto.<\/p>\n\n\n\n<p id=\"viewer-36d2g\">Com o fortalecimento de Uberl\u00e2ndia como refer\u00eancia nacional na produ\u00e7\u00e3o e distribui\u00e7\u00e3o dos remineralizadores de solo no pa\u00eds, a Prefeitura obteve mais uma importante conquista: o governo federal<strong> <\/strong><a target=\"_blank\" href=\"https:\/\/www.uberlandia.mg.gov.br\/2022\/07\/05\/projeto-da-prefeitura-garante-inclusao-do-po-de-basalto-no-plano-safra-2022-2023\/\" rel=\"noreferrer noopener\"><strong>incluiu os remineralizadores no Plano Safra 2022\/2023<\/strong><\/a><strong>,<\/strong> estendendo a obten\u00e7\u00e3o de linha de cr\u00e9dito do programa de apoio \u00e0 agropecu\u00e1ria.<\/p>\n\n\n\n<p id=\"viewer-6fi9u\">Al\u00e9m disso, desde janeiro de 2023, as boas not\u00edcias sobre o p\u00f3 de basalto n\u00e3o pararam de chegar. Foram iniciados os estudos da utiliza\u00e7\u00e3o da rocha como base para a produ\u00e7\u00e3o de organominerais, l\u00e3 de rocha e filamento de basalto. Da mesma forma, a experi\u00eancia local come\u00e7ou a ser levada para outras partes do pa\u00eds, que est\u00e3o implementando seus pr\u00f3prios polos agrominerais (caso de Porto Franco, no Maranh\u00e3o, e de Fortaleza, no Cear\u00e1). Outra mineradora uberlandense, BT Constru\u00e7\u00f5es, tamb\u00e9m recebeu parecer favor\u00e1vel do Mapa para registro do p\u00f3 de basalto como produto, sendo que a EcoBrix foi a primeira a obter o certificado tanto pela produ\u00e7\u00e3o do remineralizador quanto como estabelecimento habilitado \u00e0 comercializa\u00e7\u00e3o.<\/p>\n\n\n\n<p id=\"viewer-61ids\"><strong>Doa\u00e7\u00e3o<\/strong><\/p>\n\n\n\n<p id=\"viewer-43n54\">No evento realizado nesta quarta (1\u00ba), tamb\u00e9m foi anunciada, pela mineradora EcoBrix, a doa\u00e7\u00e3o de mais 700 toneladas do remineralizador de solo para o &#8220;Bem Mais Agro&#8221;. Realizado pela Prefeitura de Uberl\u00e2ndia, por meio da Secretaria Municipal de Agroneg\u00f3cio, Economia e Inova\u00e7\u00e3o, e destinado a pequenos produtores rurais, o programa ofertar\u00e1 insumos, como o p\u00f3 de basalto, al\u00e9m de an\u00e1lises de solo e assist\u00eancia t\u00e9cnica aos interessados.<\/p>\n\n\n\n<p><\/p>\n","protected":false},"excerpt":{"rendered":"<p>Uberl\u00e2ndia atingiu mais um marco na consolida\u00e7\u00e3o do 1\u00ba Polo Agromineral Verde do Brasil Ministro Alysson Paolinelli. A partir de agora, a cidade est\u00e1 oficialmente apta a comercializar p\u00f3 de<\/p>\n","protected":false},"author":1,"featured_media":2874,"comment_status":"open","ping_status":"open","sticky":false,"template":"","format":"standard","meta":{"footnotes":""},"categories":[1],"tags":[],"class_list":["post-2873","post","type-post","status-publish","format-standard","has-post-thumbnail","hentry","category-noticias"],"_links":{"self":[{"href":"https:\/\/revistahubclub.com.br\/portal\/wp-json\/wp\/v2\/posts\/2873","targetHints":{"allow":["GET"]}}],"collection":[{"href":"https:\/\/revistahubclub.com.br\/portal\/wp-json\/wp\/v2\/posts"}],"about":[{"href":"https:\/\/revistahubclub.com.br\/portal\/wp-json\/wp\/v2\/types\/post"}],"author":[{"embeddable":true,"href":"https:\/\/revistahubclub.com.br\/portal\/wp-json\/wp\/v2\/users\/1"}],"replies":[{"embeddable":true,"href":"https:\/\/revistahubclub.com.br\/portal\/wp-json\/wp\/v2\/comments?post=2873"}],"version-history":[{"count":2,"href":"https:\/\/revistahubclub.com.br\/portal\/wp-json\/wp\/v2\/posts\/2873\/revisions"}],"predecessor-version":[{"id":2876,"href":"https:\/\/revistahubclub.com.br\/portal\/wp-json\/wp\/v2\/posts\/2873\/revisions\/2876"}],"wp:featuredmedia":[{"embeddable":true,"href":"https:\/\/revistahubclub.com.br\/portal\/wp-json\/wp\/v2\/media\/2874"}],"wp:attachment":[{"href":"https:\/\/revistahubclub.com.br\/portal\/wp-json\/wp\/v2\/media?parent=2873"}],"wp:term":[{"taxonomy":"category","embeddable":true,"href":"https:\/\/revistahubclub.com.br\/portal\/wp-json\/wp\/v2\/categories?post=2873"},{"taxonomy":"post_tag","embeddable":true,"href":"https:\/\/revistahubclub.com.br\/portal\/wp-json\/wp\/v2\/tags?post=2873"}],"curies":[{"name":"wp","href":"https:\/\/api.w.org\/{rel}","templated":true}]}}