{"id":2889,"date":"2023-11-01T10:08:00","date_gmt":"2023-11-01T13:08:00","guid":{"rendered":"https:\/\/revistahubclub.com.br\/portal\/?p=2889"},"modified":"2024-12-16T10:09:21","modified_gmt":"2024-12-16T13:09:21","slug":"brasal-incorporacoes-e-ponto-de-coleta-de-lixo-eletronico-em-prol-do-hospital-do-cancer","status":"publish","type":"post","link":"https:\/\/revistahubclub.com.br\/portal\/2023\/11\/01\/brasal-incorporacoes-e-ponto-de-coleta-de-lixo-eletronico-em-prol-do-hospital-do-cancer\/","title":{"rendered":"Brasal Incorpora\u00e7\u00f5es \u00e9 ponto de coleta de lixo eletr\u00f4nico em prol do Hospital do C\u00e2ncer"},"content":{"rendered":"\n<p id=\"viewer-c8uag\"><em>ReciclA\u00e7\u00e3o 2022 arrecadou cerca de 3,7 toneladas de res\u00edduos eletr\u00f4nicos, revertendo mais de R$ 9 mil a<\/em><em>o centro de refer\u00eancia para o tratamento do <\/em>c\u00e2ncer<em> no interior de Minas Gerais<\/em><\/p>\n\n\n\n<p id=\"viewer-1a352\"><\/p>\n\n\n\n<p id=\"viewer-9r0rk\">A Brasal Incorpora\u00e7\u00f5es, reafirmando seu compromisso com a sustentabilidade e a preserva\u00e7\u00e3o ambiental, apoia pela segunda vez a campanha ReciclA\u00e7\u00e3o, idealizada pela Amcham em prol do Hospital do C\u00e2ncer em Uberl\u00e2ndia. At\u00e9 18 de novembro, eletroeletr\u00f4nicos, como pilhas, fones de ouvido, controles remotos, eletrodom\u00e9sticos, celulares, games, calculadoras, fios diversos, teclados ou quaisquer aparelhos regidos a energia, em desuso, podem ser descartados no Espa\u00e7o Brasal, um dos pontos de arrecada\u00e7\u00e3o.<\/p>\n\n\n\n<p id=\"viewer-dl7qg\">Em 2022, 24 empresas da regi\u00e3o apoiaram o ReciclA\u00e7\u00e3o e, juntas, arrecadaram cerca de 3,7 toneladas de res\u00edduos eletr\u00f4nicos, revertendo mais de R$ 9 mil ao Hospital do C\u00e2ncer, que atualmente atende mais de oito mil pacientes de toda a regi\u00e3o. Foram mais de cinco toneladas de carbono compensadas da atmosfera.<\/p>\n\n\n\n<p id=\"viewer-3tj9\">Os produtos coletados na 3\u00aa edi\u00e7\u00e3o do ReciclA\u00e7\u00e3o ser\u00e3o destinados integralmente ao Hospital do C\u00e2ncer para revenda. Os recursos financeiros ser\u00e3o utilizados para o tratamento dos mais de oito mil pacientes de toda regi\u00e3o.<\/p>\n\n\n\n<p id=\"viewer-9d289\">De acordo com o diretor da Brasal Incorpora\u00e7\u00f5es filial Uberl\u00e2ndia, Sebasti\u00e3o Longuinho, a incorporadora tem um papel ativo na responsabilidade social corporativa. \u201cNosso intuito \u00e9 trabalhar a sustentabilidade dentro e fora da Brasal, colaborando tamb\u00e9m com organiza\u00e7\u00f5es locais para promover iniciativas de educa\u00e7\u00e3o e conscientiza\u00e7\u00e3o sobre a gest\u00e3o adequada dos res\u00edduos s\u00f3lidos. Nesse caso do ReciclA\u00e7\u00e3o, iremos aumentar a conscientiza\u00e7\u00e3o sobre a import\u00e2ncia do descarte respons\u00e1vel e tamb\u00e9m contribuir com uma causa nobre, que \u00e9 ajudar o Hospital do C\u00e2ncer de nossa cidade\u201d, disse.<\/p>\n\n\n\n<p id=\"viewer-6p0re\"><strong>Sobre a Brasal<\/strong><\/p>\n\n\n\n<p id=\"viewer-dul3d\">Com mais de 60 anos de hist\u00f3ria, a Brasal \u00e9 um grupo multissegmentado que atua nos mercados de incorpora\u00e7\u00e3o e constru\u00e7\u00e3o imobili\u00e1ria, produ\u00e7\u00e3o e distribui\u00e7\u00e3o de bebidas, concession\u00e1ria de ve\u00edculos, comercializa\u00e7\u00e3o de combust\u00edveis e gera\u00e7\u00e3o de energia limpa e renov\u00e1vel.<\/p>\n\n\n\n<p id=\"viewer-2653l\">Em 2003, a Brasal Incorpora\u00e7\u00f5es iniciou sua opera\u00e7\u00e3o no mercado de Bras\u00edlia. Carregando atributos que valorizam o lazer, a seguran\u00e7a, a tecnologia e a boa localiza\u00e7\u00e3o, com projetos que proporcionam tempo de qualidade para quem compra, vivencia ou investe em um Brasal. Chegou ao mercado de Goi\u00e2nia em 2011, quatro anos depois lan\u00e7ou seu primeiro empreendimento em Uberl\u00e2ndia.<\/p>\n\n\n\n<p id=\"viewer-87b3d\">Nos seus 20 anos de opera\u00e7\u00e3o com foco em empreendimentos residenciais, comerciais e loteamentos, conta com mais de 8.500 unidades entregues e em obra, cerca de 1,5 milh\u00e3o de metros quadrados constru\u00eddos e R$ 7,3 bilh\u00f5es em VGV (Volume Geral de Vendas) lan\u00e7ados.<\/p>\n\n\n\n<p id=\"viewer-4amjq\">Atualmente, totaliza mais de 1.500 colaboradores diretos, \u00e9 reconhecida como uma das Melhores Empresas para Trabalhar no Centro-Oeste (Great Place To Work), alcan\u00e7ando pela 5 \u00aa vez consecutiva a certifica\u00e7\u00e3o GPTW. Al\u00e9m disso, seu Sistema de Gest\u00e3o foi aprovado em uma das mais importantes e respeitadas certifica\u00e7\u00f5es de excel\u00eancia: Bureau Veritas, para norma PBQP H\/SIAC n\u00edvel A e ISO 9001, com auditorias anuais de conformidade. Cada lan\u00e7amento de produto traz consigo a caracter\u00edstica de oferecer projetos inspiradores, com tecnologia, atemporalidade e o cliente no centro do neg\u00f3cio. Todos eles feitos sob os mais exigentes crit\u00e9rios de intelig\u00eancia e excel\u00eancia construtiva, que visam processos sustent\u00e1veis no \u00e2mbito social e ambiental. A Brasal Incorpora\u00e7\u00f5es trabalha para que a satisfa\u00e7\u00e3o seja o elo entre sua marca e seus clientes, internos e externos. Porque confian\u00e7a gera resultado.<\/p>\n\n\n\n<p id=\"viewer-q0qm\"><strong>Servi\u00e7o:<\/strong><\/p>\n\n\n\n<p id=\"viewer-6tk7m\">Ponto de Coleta<\/p>\n\n\n\n<p id=\"viewer-1d26e\">Espa\u00e7o Brasal \u2013 Av. dos Vinhedos, 1.100<\/p>\n\n\n\n<p id=\"viewer-1cjfc\">Hor\u00e1rio: das 8h \u00e0s 20h.<\/p>\n\n\n\n<p><\/p>\n","protected":false},"excerpt":{"rendered":"<p>ReciclA\u00e7\u00e3o 2022 arrecadou cerca de 3,7 toneladas de res\u00edduos eletr\u00f4nicos, revertendo mais de R$ 9 mil ao centro de refer\u00eancia para o tratamento do c\u00e2ncer no interior de Minas Gerais<\/p>\n","protected":false},"author":1,"featured_media":2890,"comment_status":"open","ping_status":"open","sticky":false,"template":"","format":"standard","meta":{"footnotes":""},"categories":[1],"tags":[],"class_list":["post-2889","post","type-post","status-publish","format-standard","has-post-thumbnail","hentry","category-noticias"],"_links":{"self":[{"href":"https:\/\/revistahubclub.com.br\/portal\/wp-json\/wp\/v2\/posts\/2889","targetHints":{"allow":["GET"]}}],"collection":[{"href":"https:\/\/revistahubclub.com.br\/portal\/wp-json\/wp\/v2\/posts"}],"about":[{"href":"https:\/\/revistahubclub.com.br\/portal\/wp-json\/wp\/v2\/types\/post"}],"author":[{"embeddable":true,"href":"https:\/\/revistahubclub.com.br\/portal\/wp-json\/wp\/v2\/users\/1"}],"replies":[{"embeddable":true,"href":"https:\/\/revistahubclub.com.br\/portal\/wp-json\/wp\/v2\/comments?post=2889"}],"version-history":[{"count":1,"href":"https:\/\/revistahubclub.com.br\/portal\/wp-json\/wp\/v2\/posts\/2889\/revisions"}],"predecessor-version":[{"id":2891,"href":"https:\/\/revistahubclub.com.br\/portal\/wp-json\/wp\/v2\/posts\/2889\/revisions\/2891"}],"wp:featuredmedia":[{"embeddable":true,"href":"https:\/\/revistahubclub.com.br\/portal\/wp-json\/wp\/v2\/media\/2890"}],"wp:attachment":[{"href":"https:\/\/revistahubclub.com.br\/portal\/wp-json\/wp\/v2\/media?parent=2889"}],"wp:term":[{"taxonomy":"category","embeddable":true,"href":"https:\/\/revistahubclub.com.br\/portal\/wp-json\/wp\/v2\/categories?post=2889"},{"taxonomy":"post_tag","embeddable":true,"href":"https:\/\/revistahubclub.com.br\/portal\/wp-json\/wp\/v2\/tags?post=2889"}],"curies":[{"name":"wp","href":"https:\/\/api.w.org\/{rel}","templated":true}]}}