{"id":289,"date":"2024-10-31T14:43:34","date_gmt":"2024-10-31T17:43:34","guid":{"rendered":"https:\/\/revistahubclub.com.br\/portal\/?p=289"},"modified":"2024-12-11T14:45:50","modified_gmt":"2024-12-11T17:45:50","slug":"uberlandia-atrai-investimentos-estrategicos-em-bairros-tradicionais","status":"publish","type":"post","link":"https:\/\/revistahubclub.com.br\/portal\/2024\/10\/31\/uberlandia-atrai-investimentos-estrategicos-em-bairros-tradicionais\/","title":{"rendered":"Uberl\u00e2ndia atrai investimentos estrat\u00e9gicos em bairros tradicionais"},"content":{"rendered":"\n<p id=\"viewer-foo\">Os bairros Fundinho, Patrim\u00f4nio, Morada da Colina e suas vias principais de acesso, como das avenidas Rondon Pacheco, Francisco Galassi, Nicomedes Alves dos Santos e Vinhedos s\u00e3o as principais refer\u00eancias da regi\u00e3o<\/p>\n\n\n\n<p id=\"viewer-mhd3w115\"><strong><em>Alit\u00e9ia Milagre | Fotos Mauro Marques | Jorge H. Paul | Luciana Santos<\/em><\/strong><\/p>\n\n\n\n<p id=\"viewer-r12pi127\">Uberl\u00e2ndia desponta como um polo de empreendedorismo, com oportunidades tanto em bairros tradicionais quanto em \u00e1reas em expans\u00e3o. Nesta edi\u00e7\u00e3o, destacamos como empres\u00e1rios de v\u00e1rios nichos t\u00eam apostado em investimentos estrat\u00e9gicos nas regi\u00f5es Sul e Central da cidade, com \u00eanfase nos bairros Fundinho, Morada da Colina e Jardim das Ac\u00e1cias.<\/p>\n\n\n\n<p id=\"viewer-mbh2t134\">O bairro Morada da Colina, uma das \u00e1reas nobres de Uberl\u00e2ndia, vem apresentando significativo crescimento. Conhecido pelas resid\u00eancias de alto padr\u00e3o, o bairro oferece uma infraestrutura completa, com escolas, hospitais, supermercados e estabelecimentos comerciais diversificados. Al\u00e9m disso, destaca-se por suas op\u00e7\u00f5es de lazer, como o Uberl\u00e2ndia Shopping e o Parque da G\u00e1vea, e uma ampla variedade de bares e restaurantes, consolidando-se como um ponto de refer\u00eancia para moradia e entretenimento na cidade.<\/p>\n\n\n\n<p id=\"viewer-26x4x148\"><strong>Complexo gastron\u00f4mico<\/strong><\/p>\n\n\n\n<p id=\"viewer-kzwhy162\">\u00c9 nessa regi\u00e3o privilegiada da cidade que Eduardo Hubaid, propriet\u00e1rio da Casaga, localizada na Avenida Francisco Galassi, criou um complexo gastron\u00f4mico, onde est\u00e3o Quero Carnes, Fornelli, Oli Pizzaria, N\u014dema Bar &amp; Kitchen, especializado em frutos do mar e comida japonesa, entre outros.<\/p>\n\n\n\n<figure class=\"wp-block-image size-full\"><img loading=\"lazy\" decoding=\"async\" width=\"350\" height=\"363\" src=\"https:\/\/revistahubclub.com.br\/portal\/wp-content\/uploads\/2024\/12\/faf46e_559c64bc37cf47afbfce53ce2945f553mv2.webp\" alt=\"\" class=\"wp-image-295\" srcset=\"https:\/\/revistahubclub.com.br\/portal\/wp-content\/uploads\/2024\/12\/faf46e_559c64bc37cf47afbfce53ce2945f553mv2.webp 350w, https:\/\/revistahubclub.com.br\/portal\/wp-content\/uploads\/2024\/12\/faf46e_559c64bc37cf47afbfce53ce2945f553mv2-289x300.webp 289w\" sizes=\"auto, (max-width: 350px) 100vw, 350px\" \/><\/figure>\n\n\n\n<p id=\"viewer-9e614813\">A Casaga teve in\u00edcio em 2015, quando Eduardo Hubaid identificou em seu terreno potencial para um empreendimento comercial, em vez de uma resid\u00eancia. O que come\u00e7ou com pequenas lojas evoluiu para um polo gastron\u00f4mico consolidado. Segundo Eduardo, o espa\u00e7o atrai um p\u00fablico diversificado, refor\u00e7ando seu sucesso como destino para diferentes perfis de consumidores em busca de experi\u00eancias culin\u00e1rias variadas. \u201cN\u00e3o temos um p\u00fablico espec\u00edfico. O nosso empreendimento recebe pessoas de toda a cidade porque sabem que ser\u00e3o bem servidas com comida boa e pre\u00e7o justo\u201d, afirma Hubaid.<\/p>\n\n\n\n<p id=\"viewer-t0qq4195\">\u00c9 nessa galeria que tamb\u00e9m est\u00e1, a oito anos, Quero Carne Steak House, do empres\u00e1rio C\u00edcero Borges de Oliveira J\u00fanior. Ele conta que come\u00e7ou delivery, com tr\u00eas caixas de carne que custaram, na \u00e9poca, R$ 1.500 e um freezer velho. Sem voca\u00e7\u00e3o para o setor gastron\u00f4mico, mas apaixonado por carnes, abriu uma boutique de carne, um a\u00e7ougue, com carnes premium. \u201cMuita gente vinha aqui e tomava uma cervejinha antes de comprar a carne. Foi quando de tr\u00eas mesas, aumentamos para 52, e come\u00e7amos a assar a carne e a servi-las. Em 2019, a Quero Carne virou um restaurante com pratos executivos e churrasco premium\u201d, conta.<\/p>\n\n\n\n<figure class=\"wp-block-image size-full\"><img loading=\"lazy\" decoding=\"async\" width=\"350\" height=\"315\" src=\"https:\/\/revistahubclub.com.br\/portal\/wp-content\/uploads\/2024\/12\/faf46e_fbc6dd45f9f84ac597ff468edc8e0fd6mv2.webp\" alt=\"\" class=\"wp-image-294\" srcset=\"https:\/\/revistahubclub.com.br\/portal\/wp-content\/uploads\/2024\/12\/faf46e_fbc6dd45f9f84ac597ff468edc8e0fd6mv2.webp 350w, https:\/\/revistahubclub.com.br\/portal\/wp-content\/uploads\/2024\/12\/faf46e_fbc6dd45f9f84ac597ff468edc8e0fd6mv2-300x270.webp 300w\" sizes=\"auto, (max-width: 350px) 100vw, 350px\" \/><\/figure>\n\n\n\n<p id=\"viewer-9pqps717\">Devido \u00e0 boa aceita\u00e7\u00e3o, o neg\u00f3cio cresceu r\u00e1pido, segundo C\u00edcero. O espa\u00e7o \u00e9 inovador e aconchegante, onde a miss\u00e3o \u00e9 entregar aos clientes produtos e servi\u00e7os com alto padr\u00e3o de qualidade. A Quero Carne \u00e9 especialista no corte e produ\u00e7\u00e3o de carnes nobres certificadas, fornecidas pelos maiores frigor\u00edficos do pa\u00eds.<\/p>\n\n\n\n<p id=\"viewer-rztyn244\">Outro empreendimento de destaque no Morada da Colina \u00e9 o Tatu Bola, parte da rede de bares administrada pelo grupo Alife Nino. Localizado na Avenida Francisco Galassi, o espa\u00e7o segue o conceito das demais unidades da marca, com fitinhas do Senhor do Bonfim suspensas no teto, refor\u00e7ando o clima de brasilidade. A programa\u00e7\u00e3o musical di\u00e1ria \u00e9 marcada pelo pop rock, enquanto o sertanejo e o samba ganham espa\u00e7o nos fins de semana. No card\u00e1pio, uma vasta sele\u00e7\u00e3o de petiscos, pratos, bebidas e impulsiona os happy hours, tornando o local um ponto de encontro.<\/p>\n\n\n\n<figure class=\"wp-block-image size-full\"><img loading=\"lazy\" decoding=\"async\" width=\"350\" height=\"327\" src=\"https:\/\/revistahubclub.com.br\/portal\/wp-content\/uploads\/2024\/12\/faf46e_2552e8d789c34416a679eaa085c0873emv2.webp\" alt=\"\" class=\"wp-image-293\" srcset=\"https:\/\/revistahubclub.com.br\/portal\/wp-content\/uploads\/2024\/12\/faf46e_2552e8d789c34416a679eaa085c0873emv2.webp 350w, https:\/\/revistahubclub.com.br\/portal\/wp-content\/uploads\/2024\/12\/faf46e_2552e8d789c34416a679eaa085c0873emv2-300x280.webp 300w\" sizes=\"auto, (max-width: 350px) 100vw, 350px\" \/><\/figure>\n\n\n\n<p id=\"viewer-tbiwf1012\">\u201cEstamos no nosso quinto m\u00eas de Tatu Bola em Uberl\u00e2ndia com essa pegada de entregar um bar muito tem\u00e1tico, um ambiente bonito, com m\u00fasicas variadas e ecl\u00e9ticas, muito voltado para a brasilidade, pratos t\u00edpicos do Brasil. Atendemos em m\u00e9dia de 300 clientes por dia\u201d, destaca Raphael Bessa, propriet\u00e1rio. O empres\u00e1rio afirma que para deixar o espa\u00e7o de um jeito brasileiro, houve uma composi\u00e7\u00e3o da casa, inclusive na parte arquitet\u00f4nica. \u201cFizemos um investimento significativo para que os clientes desfrutem de um ambiente confort\u00e1vel. N\u00e3o tenho d\u00favidas de que a regi\u00e3o est\u00e1 se tornando um point gastron\u00f4mico de bares e restaurantes e n\u00e3o h\u00e1 lugar melhor para fincar nosso neg\u00f3cio\u201d, ressalta Bessa. No mesmo endere\u00e7o, encontra-se a Viva Vino, loja de vinhos wine bar. Movido pelo desejo de empreender, o empres\u00e1rio Breno Merolla buscou oportunidades e, em 2018, criou uma marca com o objetivo de democratizar o consumo de vinhos, trazendo sabores do mundo inteiro diretamente para os lares.<\/p>\n\n\n\n<p id=\"viewer-7di9b289\">Merolla relata que, ao abrir a Viva Vino no bairro, n\u00e3o havia outros estabelecimentos voltados para o segmento de vinhos, e o polo gastron\u00f4mico local ainda estava em desenvolvimento. A Viva Vino tem como slogan \u201cO vinho do seu jeito\u201d e oferece mais de 400 r\u00f3tulos. \u201cTrabalhamos com um sistema rotativo de r\u00f3tulos, sempre alterando alguns por novidades. Temos vinhos de v\u00e1rias partes do mundo, incluindo pa\u00edses do leste europeu, e visitados constantemente na vitivinicultura nacional\u201d, afirma Merolla.<\/p>\n\n\n\n<figure class=\"wp-block-image size-full\"><img loading=\"lazy\" decoding=\"async\" width=\"679\" height=\"595\" src=\"https:\/\/revistahubclub.com.br\/portal\/wp-content\/uploads\/2024\/12\/faf46e_9066b01b154e4baca931403a24756996mv2-1.webp\" alt=\"\" class=\"wp-image-292\" srcset=\"https:\/\/revistahubclub.com.br\/portal\/wp-content\/uploads\/2024\/12\/faf46e_9066b01b154e4baca931403a24756996mv2-1.webp 679w, https:\/\/revistahubclub.com.br\/portal\/wp-content\/uploads\/2024\/12\/faf46e_9066b01b154e4baca931403a24756996mv2-1-300x263.webp 300w\" sizes=\"auto, (max-width: 679px) 100vw, 679px\" \/><\/figure>\n\n\n\n<p id=\"viewer-2okfq916\">Al\u00e9m disso, o espa\u00e7o promove uma experi\u00eancia personalizada para os amantes do vinho, oferecendo degusta\u00e7\u00f5es e eventos tem\u00e1ticos. \u201cNosso objetivo \u00e9 proporcionar aos clientes a oportunidade de explorar novas culturas e sabores, seja atrav\u00e9s de vinhos nacionais ou internacionais. Queremos que cada pessoa encontre um vinho que se adeque ao seu paladar, por isso, sempre buscamos novas op\u00e7\u00f5es e tend\u00eancias\u201d, completa Breno Merolla.<\/p>\n\n\n\n<p id=\"viewer-zg3sk330\">Ele destaca ainda que a diversifica\u00e7\u00e3o de canais tem sido essencial para alcan\u00e7ar diferentes p\u00fablicos. \u201cA ideia \u00e9 levar a experi\u00eancia do vinho para al\u00e9m da loja, seja por meio das plataformas digitais, seja em eventos. Queremos estar presentes onde os clientes estiverem, oferecendo praticidade e qualidade. Al\u00e9m das vendas na loja f\u00edsica, contamos com um site e e-commerce que est\u00e3o crescendo cada vez mais. Tamb\u00e9m disponibilizamos um carrinho para eventos externos e opera\u00e7\u00f5es pelo iFood, ampliando nossa presen\u00e7a no mercado\u201d, explica.<\/p>\n\n\n\n<p id=\"viewer-z03na359\"><strong>Potencial para eventos<\/strong><\/p>\n\n\n\n<p id=\"viewer-9ptxx393\">Uberl\u00e2ndia \u00e9 uma cidade que recebe grandes eventos porque \u00e9 um polo de neg\u00f3cio e, sobretudo, possui a segunda maior rede de hotelaria de Minas Gerais. De olho nesse mercado crescente, em 2023 a cidade ganhou o Centro de Conven\u00e7\u00f5es Gaudium Hall, no bairro Morada da Colina. Com investimento na ordem de mais de R$ 70 milh\u00f5es, o espa\u00e7o de 14 mil metros quadrados de \u00e1rea constru\u00edda, foi projetado para ser uma op\u00e7\u00e3o de excel\u00eancia na realiza\u00e7\u00e3o de feiras comerciais, casamentos, formaturas, eventos corporativos e festas em geral. Conta com equipe especializada, gastronomia de qualidade, card\u00e1pios variados, buffets incr\u00edveis e drinks especiais. Entre os diferenciais est\u00e3o garagem coberta com capacidade para 160 ve\u00edculos, cinco camarins, enfermaria para atendimento de pronto socorro, ilumina\u00e7\u00e3o digital, salas com divis\u00f3rias ac\u00fasticas, salas de 200 metros quadrados a 2.700 metros quadrados, terra\u00e7o para eventos com a mais bonita vista da cidade. De acordo com Celso Carvalho, CEO do Gaudium Hall Eventos, Uberl\u00e2ndia necessitava de um local moderno e amplo para eventos corporativos e sociais, com uma localiza\u00e7\u00e3o central e privilegiada. \u201cN\u00e3o h\u00e1 nada parecido com o Gaudium na cidade. Recebemos eventos de toda a regi\u00e3o, muitos, simultaneamente, pois temos espa\u00e7os independentes e adapt\u00e1veis. Visivelmente as \u00e1reas de agrobusiness e a imobili\u00e1ria est\u00e3o ocupando cada vez mais a agenda dos eventos\u201d, afirma Carvalho.<\/p>\n\n\n\n<p id=\"viewer-v2j3d412\"><strong>Novos empreendimentos<\/strong><\/p>\n\n\n\n<figure class=\"wp-block-image size-full\"><img loading=\"lazy\" decoding=\"async\" width=\"740\" height=\"330\" src=\"https:\/\/revistahubclub.com.br\/portal\/wp-content\/uploads\/2024\/12\/faf46e_09f4b690f4be4b23b1db7fccba76e8cfmv2.webp\" alt=\"\" class=\"wp-image-291\" srcset=\"https:\/\/revistahubclub.com.br\/portal\/wp-content\/uploads\/2024\/12\/faf46e_09f4b690f4be4b23b1db7fccba76e8cfmv2.webp 740w, https:\/\/revistahubclub.com.br\/portal\/wp-content\/uploads\/2024\/12\/faf46e_09f4b690f4be4b23b1db7fccba76e8cfmv2-300x134.webp 300w\" sizes=\"auto, (max-width: 740px) 100vw, 740px\" \/><\/figure>\n\n\n\n<p id=\"viewer-hi67e1199\">Outra empresa que escolheu o bairro Morada da Colina foi a Elbrus Incorpora\u00e7\u00f5es. Por ser uma regi\u00e3o de grande potencial, em pleno desenvolvimento, a incorporadora, que est\u00e1 h\u00e1 dois anos de mercado, j\u00e1 conta com tr\u00eas projetos no bairro, sendo um lan\u00e7ado e dois em fase de desenvolvimento.<\/p>\n\n\n\n<p id=\"viewer-ci46x514\">Segundo Marco Aur\u00e9lio Sim\u00f5es, um dos s\u00f3cios na Elbrus Incorpora\u00e7\u00f5es, o crescimento da regi\u00e3o Sul de Uberl\u00e2ndia tem impulsionado os neg\u00f3cios. \u201cA regi\u00e3o Sul \u00e9 estrat\u00e9gica, de f\u00e1cil acesso a diversas \u00e1reas da cidade, possui um p\u00fablico com alto potencial de consumo e continua crescendo exponencialmente. Em 2024, lan\u00e7amos o Ot\u00edlia, um empreendimento exclusivo, com dois apartamentos por andar e metragens de 135 a 142metros quadrados, incluindo op\u00e7\u00f5es de tr\u00eas su\u00edtes. S\u00e3o 26 unidades e 14 itens de lazer, pr\u00f3ximo \u00e0 Casa Thomas Jefferson, com as vendas acontecendo em ritmo acelerado. Nossa expectativa \u00e9 lan\u00e7ar mais dois projetos na regi\u00e3o, sendo um residencial e outro comercial\u201d, avalia. Marco Aur\u00e9lio acrescenta que o crescimento da cidade favorece novos lan\u00e7amentos, impactando positivamente o setor. \u201cEsse desenvolvimento reflete diretamente em toda a cadeia da constru\u00e7\u00e3o civil, gerando oportunidades em diversas \u00e1reas e fortalecendo o mercado como um todo, desde a gera\u00e7\u00e3o de empregos at\u00e9 o aumento na demanda por materiais de constru\u00e7\u00e3o, fornecedores, entre outros\u201d, afirma.<\/p>\n\n\n\n<figure class=\"wp-block-image size-full\"><img loading=\"lazy\" decoding=\"async\" width=\"350\" height=\"345\" src=\"https:\/\/revistahubclub.com.br\/portal\/wp-content\/uploads\/2024\/12\/faf46e_48dc6488ba6d402dbb3451f2bbedad23mv2-1.webp\" alt=\"\" class=\"wp-image-290\" srcset=\"https:\/\/revistahubclub.com.br\/portal\/wp-content\/uploads\/2024\/12\/faf46e_48dc6488ba6d402dbb3451f2bbedad23mv2-1.webp 350w, https:\/\/revistahubclub.com.br\/portal\/wp-content\/uploads\/2024\/12\/faf46e_48dc6488ba6d402dbb3451f2bbedad23mv2-1-300x296.webp 300w\" sizes=\"auto, (max-width: 350px) 100vw, 350px\" \/><\/figure>\n\n\n\n<p id=\"viewer-bttu61303\">\u00c9 na Zona Sul que o empres\u00e1rio Fernando Fernandes, da G\u00e1vea Imobili\u00e1ria, tamb\u00e9m empreendeu no ramo imobili\u00e1rio. Na sua vis\u00e3o, a Morada da Colina \u00e9 uma das regi\u00f5es com maior potencial de crescimento. \u201cAs principais construtoras da cidade est\u00e3o voltadas para essa \u00e1rea. Tenho im\u00f3veis em todos os condom\u00ednios e atuo diariamente em todos eles, com destaque para as quatro grandes obras em andamento. Nosso foco est\u00e1 em casas de condom\u00ednio e apartamentos de alto padr\u00e3o nos bairros de Altamira, Morada da Colina, Jardim da Colina e Jardim Kara\u00edba\u201d, revela.<\/p>\n\n\n\n<p id=\"viewer-yaj6f561\"><strong>Bairro consolidado tem espa\u00e7o para novos neg\u00f3cios<\/strong><\/p>\n\n\n\n<p id=\"viewer-lszaf632\">Quem tem neg\u00f3cio no bairro Fundinho tamb\u00e9m agradece. Considerado um Centro Hist\u00f3rico de Uberl\u00e2ndia, \u00e9 o bairro mais antigo da cidade. Nele se encontram a charmosa pra\u00e7a do Fundinho, a conhecida Igreja Nossa Senhora do Ros\u00e1rio, os pr\u00e9dios hist\u00f3ricos, como a Casa da Cultura de Uberl\u00e2ndia, o Museu Universit\u00e1rio de Arte e a Biblioteca P\u00fablica Municipal Juscelino Kubitschek e as mais antigas ruas, dois museus, antiqu\u00e1rios, galerias de arte, ateli\u00eas, brech\u00f3s, lojas de alto padr\u00e3o e tamb\u00e9m marcas inauguradas h\u00e1 pouco tempo como a Vi\u00fava Chic, que est\u00e1 no bairro h\u00e1 dois anos, fruto de um hobby, que come\u00e7ou pela curiosidade de conhecer mais sobre vinho e a vontade de empreender. Depois de muitos cursos, a Vi\u00fava Chic se tornou realidade. Comandada pela empres\u00e1ria Aline Vilela, atualmente, a boutique, que busca agradar paladares variados, comercializa uma heterog\u00eanea carta de vinhos, conta com mais de 400 r\u00f3tulos. S\u00e3o vinhos tintos, vinhos brancos, ros\u00e9s, verdes, espumantes, produzidos no Brasil e em outros pa\u00edses, como na Argentina, Chile, Uruguai, Portugal, Fran\u00e7a, It\u00e1lia, \u00c1frica do Sul, entre outros. Aline conta que est\u00e1 estudando a abertura de uma nova unidade. \u201cEscolhi o bairro Fundinho pelo potencial de neg\u00f3cio que ele tem. \u00c9 cheio de muitas oportunidades e se conecta com meu p\u00fablico-alvo. Vejo que a regi\u00e3o reflete no nosso neg\u00f3cio diretamente, trazendo mais e mais clientes potenciais\u201d, disse Aline Vilela. Mas, nenhum estabelecimento prospera por acaso. Antes do in\u00edcio de qualquer atividade empresarial algumas a\u00e7\u00f5es devem ser consideradas. O consultor de neg\u00f3cios do Sebrae, Alexandre Tronconi, explica que para abrir uma empresa \u00e9 preciso entender o mercado, ter uma boa organiza\u00e7\u00e3o financeira, planejamento, entender o cliente, a concorr\u00eancia e como vai ser sua atua\u00e7\u00e3o perante o cliente, para que realmente possa iniciar de forma mais assertiva poss\u00edvel. \u201cAo longo do tempo \u00e9 necess\u00e1rio fazer um processo de gest\u00e3o financeira, gest\u00e3o de marketing e gest\u00e3o de vendas. N\u00e3o se consegue ser efetivo com uma empresa se ela n\u00e3o tem um bom processo de organiza\u00e7\u00e3o financeira, planejamento financeiro, an\u00e1lise de dados. Esse \u00e9 um trabalho cont\u00ednuo que precisa ser feito diariamente para que realmente o neg\u00f3cio possa alcan\u00e7ar os objetivos propostos \u201d, ressalta Tronconi.<\/p>\n","protected":false},"excerpt":{"rendered":"<p>Os bairros Fundinho, Patrim\u00f4nio, Morada da Colina e suas vias principais de acesso, como das avenidas Rondon Pacheco, Francisco Galassi, Nicomedes Alves dos Santos e Vinhedos s\u00e3o as principais refer\u00eancias<\/p>\n","protected":false},"author":1,"featured_media":296,"comment_status":"open","ping_status":"open","sticky":false,"template":"","format":"standard","meta":{"footnotes":""},"categories":[1],"tags":[],"class_list":["post-289","post","type-post","status-publish","format-standard","has-post-thumbnail","hentry","category-noticias"],"_links":{"self":[{"href":"https:\/\/revistahubclub.com.br\/portal\/wp-json\/wp\/v2\/posts\/289","targetHints":{"allow":["GET"]}}],"collection":[{"href":"https:\/\/revistahubclub.com.br\/portal\/wp-json\/wp\/v2\/posts"}],"about":[{"href":"https:\/\/revistahubclub.com.br\/portal\/wp-json\/wp\/v2\/types\/post"}],"author":[{"embeddable":true,"href":"https:\/\/revistahubclub.com.br\/portal\/wp-json\/wp\/v2\/users\/1"}],"replies":[{"embeddable":true,"href":"https:\/\/revistahubclub.com.br\/portal\/wp-json\/wp\/v2\/comments?post=289"}],"version-history":[{"count":1,"href":"https:\/\/revistahubclub.com.br\/portal\/wp-json\/wp\/v2\/posts\/289\/revisions"}],"predecessor-version":[{"id":297,"href":"https:\/\/revistahubclub.com.br\/portal\/wp-json\/wp\/v2\/posts\/289\/revisions\/297"}],"wp:featuredmedia":[{"embeddable":true,"href":"https:\/\/revistahubclub.com.br\/portal\/wp-json\/wp\/v2\/media\/296"}],"wp:attachment":[{"href":"https:\/\/revistahubclub.com.br\/portal\/wp-json\/wp\/v2\/media?parent=289"}],"wp:term":[{"taxonomy":"category","embeddable":true,"href":"https:\/\/revistahubclub.com.br\/portal\/wp-json\/wp\/v2\/categories?post=289"},{"taxonomy":"post_tag","embeddable":true,"href":"https:\/\/revistahubclub.com.br\/portal\/wp-json\/wp\/v2\/tags?post=289"}],"curies":[{"name":"wp","href":"https:\/\/api.w.org\/{rel}","templated":true}]}}