{"id":2892,"date":"2023-12-01T10:09:00","date_gmt":"2023-12-01T13:09:00","guid":{"rendered":"https:\/\/revistahubclub.com.br\/portal\/?p=2892"},"modified":"2024-12-16T10:18:27","modified_gmt":"2024-12-16T13:18:27","slug":"brasal-incorporacoes-marca-presenca-na-semana-de-engenharia-civil-da-ufu","status":"publish","type":"post","link":"https:\/\/revistahubclub.com.br\/portal\/2023\/12\/01\/brasal-incorporacoes-marca-presenca-na-semana-de-engenharia-civil-da-ufu\/","title":{"rendered":"Brasal Incorpora\u00e7\u00f5es marca presen\u00e7a na Semana de Engenharia Civil da UFU"},"content":{"rendered":"\n<p id=\"viewer-167n6\">Dedicada em apoiar o desenvolvimento acad\u00eamico e profissional dos futuros engenheiros, compartilhando conhecimento e experi\u00eancia, a Brasal Incorpora\u00e7\u00f5es foi parceria da XIV Semana de Engenharia Civil (SEECIV) que aconteceu de 23 a 29 de outubro, na Universidade Federal de Uberl\u00e2ndia (UFU). O evento, que reuniu cerca de 500 estudantes, foi promovido pelo Programa de Educa\u00e7\u00e3o Tutorial Engenharia Civil (PET Civil), vinculado \u00e0 Faculdade de Engenharia Civil (Feciv) da UFU, e teve o objetivo de proporcionar a troca de informa\u00e7\u00f5es entre profissionais, estudantes e professores da \u00e1rea de Engenharia Civil, por meio de abertura de espa\u00e7o para discuss\u00f5es sobre temas desse universo, al\u00e9m da exposi\u00e7\u00e3o de oportunidades no mercado de trabalho.<\/p>\n\n\n\n<p id=\"viewer-bfk62\">O diretor do Centro de Excel\u00eancia da Brasal Incorpora\u00e7\u00f5es, Bruno Goretti, falou sobre o \u201cCiclo da Incorpora\u00e7\u00e3o Imobili\u00e1ria\u201d, que agrupa diversas \u00e1reas do conhecimento, como engenharia, arquitetura, marketing, economia, administra\u00e7\u00e3o, direito, entre outras. Bruno abordou as principais fases do ciclo, desde a aquisi\u00e7\u00e3o do terreno at\u00e9 a assist\u00eancia t\u00e9cnica. Tamb\u00e9m apresentou riscos e oportunidades do neg\u00f3cio, com relatos de experi\u00eancias relativas ao desenvolvimento, comercializa\u00e7\u00e3o, constru\u00e7\u00e3o e entrega de empreendimentos imobili\u00e1rios.<\/p>\n\n\n\n<p id=\"viewer-3pse2\">Na vis\u00e3o de Bruno Goretti, a colabora\u00e7\u00e3o da Brasal na XIV SEECIV \u00e9 um compromisso com o futuro da engenharia, onde a academia e o mercado se conectam. \u201cEsta parceria \u00e9 mais uma oportunidade para aprender, crescer e colaborar, debatendo temas t\u00e3o relevantes\u201d, avalia Goretti. Ele disse ainda que, na Brasal, a busca pela excel\u00eancia \u00e9 uma jornada cont\u00ednua. \u201cEstamos constantemente evoluindo, entendendo que padr\u00f5es e processos devem ser aperfei\u00e7oados a cada momento.\u201d<\/p>\n\n\n\n<p id=\"viewer-a8rj9\">Outra agenda importante referiu-se \u00e0 Mesa Redonda para o debate sobre os desafios da constru\u00e7\u00e3o civil. Representando a Brasal Incorpora\u00e7\u00f5es, Bruno Goretti e Vitor Vendramini (Gerente de Obras) estiveram presentes como painelistas para a apresenta\u00e7\u00e3o de suas considera\u00e7\u00f5es a respeito dos desafios t\u00e9cnicos, cadeia de suprimentos, gest\u00e3o de pessoas, planejamento, industrializa\u00e7\u00e3o e inova\u00e7\u00e3o tecnol\u00f3gica.<\/p>\n\n\n\n<p id=\"viewer-8rdog\"><strong>Sobre a Brasal<\/strong><\/p>\n\n\n\n<p id=\"viewer-sn9v\">Com mais de 60 anos de hist\u00f3ria, a Brasal \u00e9 um grupo multissegmentado que atua nos mercados de incorpora\u00e7\u00e3o e constru\u00e7\u00e3o imobili\u00e1ria, produ\u00e7\u00e3o e distribui\u00e7\u00e3o de bebidas, concession\u00e1ria de ve\u00edculos, comercializa\u00e7\u00e3o de combust\u00edveis e gera\u00e7\u00e3o de energia limpa e renov\u00e1vel.<\/p>\n\n\n\n<p id=\"viewer-32f73\">Em 2003, a Brasal Incorpora\u00e7\u00f5es iniciou sua opera\u00e7\u00e3o no mercado de Bras\u00edlia. Carregando atributos que valorizam o lazer, a seguran\u00e7a, a tecnologia e a boa localiza\u00e7\u00e3o, com projetos que proporcionam tempo de qualidade para quem compra, vivencia ou investe em um Brasal. Chegou ao mercado de Goi\u00e2nia em 2011, quatro anos depois lan\u00e7ou seu primeiro empreendimento em Uberl\u00e2ndia.<\/p>\n\n\n\n<p id=\"viewer-a60gv\">Nos seus 20 anos de opera\u00e7\u00e3o com foco em empreendimentos residenciais, comerciais e loteamentos, conta com mais de 8.500 unidades entregues e em obra, cerca de 1,5 milh\u00e3o de metros quadrados constru\u00eddos e R$ 7,3 bilh\u00f5es em VGV (Volume Geral de Vendas) lan\u00e7ados.<\/p>\n\n\n\n<p id=\"viewer-27mpt\">Atualmente, totaliza mais de 1.500 colaboradores diretos, \u00e9 reconhecida como uma das Melhores Empresas para Trabalhar no Centro-Oeste (Great Place To Work), alcan\u00e7ando pela 5 \u00aa vez consecutiva a certifica\u00e7\u00e3o GPTW. Al\u00e9m disso, seu Sistema de Gest\u00e3o foi aprovado em uma das mais importantes e respeitadas certifica\u00e7\u00f5es de excel\u00eancia: Bureau Veritas, para norma PBQP H\/SIAC n\u00edvel A e ISO 9001, com auditorias anuais de conformidade. Cada lan\u00e7amento de produto traz consigo a caracter\u00edstica de oferecer projetos inspiradores, com tecnologia, atemporalidade e o cliente no centro do neg\u00f3cio. Todos eles feitos sob os mais exigentes crit\u00e9rios de intelig\u00eancia e excel\u00eancia construtiva, que visam processos sustent\u00e1veis no \u00e2mbito social e ambiental. A Brasal Incorpora\u00e7\u00f5es trabalha para que a satisfa\u00e7\u00e3o seja o elo entre sua marca e seus clientes, internos e externos. Porque confian\u00e7a gera resultado.<\/p>\n","protected":false},"excerpt":{"rendered":"<p>Dedicada em apoiar o desenvolvimento acad\u00eamico e profissional dos futuros engenheiros, compartilhando conhecimento e experi\u00eancia, a Brasal Incorpora\u00e7\u00f5es foi parceria da XIV Semana de Engenharia Civil (SEECIV) que aconteceu de<\/p>\n","protected":false},"author":1,"featured_media":2893,"comment_status":"open","ping_status":"open","sticky":false,"template":"","format":"standard","meta":{"footnotes":""},"categories":[1],"tags":[],"class_list":["post-2892","post","type-post","status-publish","format-standard","has-post-thumbnail","hentry","category-noticias"],"_links":{"self":[{"href":"https:\/\/revistahubclub.com.br\/portal\/wp-json\/wp\/v2\/posts\/2892","targetHints":{"allow":["GET"]}}],"collection":[{"href":"https:\/\/revistahubclub.com.br\/portal\/wp-json\/wp\/v2\/posts"}],"about":[{"href":"https:\/\/revistahubclub.com.br\/portal\/wp-json\/wp\/v2\/types\/post"}],"author":[{"embeddable":true,"href":"https:\/\/revistahubclub.com.br\/portal\/wp-json\/wp\/v2\/users\/1"}],"replies":[{"embeddable":true,"href":"https:\/\/revistahubclub.com.br\/portal\/wp-json\/wp\/v2\/comments?post=2892"}],"version-history":[{"count":1,"href":"https:\/\/revistahubclub.com.br\/portal\/wp-json\/wp\/v2\/posts\/2892\/revisions"}],"predecessor-version":[{"id":2894,"href":"https:\/\/revistahubclub.com.br\/portal\/wp-json\/wp\/v2\/posts\/2892\/revisions\/2894"}],"wp:featuredmedia":[{"embeddable":true,"href":"https:\/\/revistahubclub.com.br\/portal\/wp-json\/wp\/v2\/media\/2893"}],"wp:attachment":[{"href":"https:\/\/revistahubclub.com.br\/portal\/wp-json\/wp\/v2\/media?parent=2892"}],"wp:term":[{"taxonomy":"category","embeddable":true,"href":"https:\/\/revistahubclub.com.br\/portal\/wp-json\/wp\/v2\/categories?post=2892"},{"taxonomy":"post_tag","embeddable":true,"href":"https:\/\/revistahubclub.com.br\/portal\/wp-json\/wp\/v2\/tags?post=2892"}],"curies":[{"name":"wp","href":"https:\/\/api.w.org\/{rel}","templated":true}]}}