{"id":2895,"date":"2023-10-31T10:18:00","date_gmt":"2023-10-31T13:18:00","guid":{"rendered":"https:\/\/revistahubclub.com.br\/portal\/?p=2895"},"modified":"2024-12-16T10:27:16","modified_gmt":"2024-12-16T13:27:16","slug":"escolas-publicas-de-uberlandia-recebem-campanha-de-multivacinacao","status":"publish","type":"post","link":"https:\/\/revistahubclub.com.br\/portal\/2023\/10\/31\/escolas-publicas-de-uberlandia-recebem-campanha-de-multivacinacao\/","title":{"rendered":"Escolas p\u00fablicas de Uberl\u00e2ndia recebem campanha de multivacina\u00e7\u00e3o"},"content":{"rendered":"\n<p id=\"viewer-ekeum\">As crian\u00e7as e adolescentes s\u00e3o as mais vulner\u00e1veis quando o assunto \u00e9 doen\u00e7a. Por isso, elas fazem parte do p\u00fablico-alvo da Campanha de Multivacina\u00e7\u00e3o. Uma das estrat\u00e9gias adotadas pela Prefeitura de Uberl\u00e2ndia para ampliar a cobertura vacinal deste p\u00fablico \u00e9 ir onde elas est\u00e3o: nas escolas. At\u00e9 o dia 10 de novembro, as equipes do Programa Municipal de Imuniza\u00e7\u00e3o, vinculado \u00e0 Secretaria Municipal de Sa\u00fade, estar\u00e3o atualizando o cart\u00e3o de vacina dos alunos nas escolas p\u00fablicas municipais e estaduais. (<a target=\"_blank\" href=\"https:\/\/www.uberlandia.mg.gov.br\/prefeitura\/secretarias\/saude\/vacinacao\/\" rel=\"noreferrer noopener\"><strong>Clique aqui e acesse o cronograma de multivacina\u00e7\u00e3o nas escolas<\/strong><\/a>)<\/p>\n\n\n\n<p id=\"viewer-20ctr\">O intuito da campanha \u00e9 refor\u00e7ar as a\u00e7\u00f5es para a imuniza\u00e7\u00e3o contra 19 doen\u00e7as, entre elas: meningite, poliomielite, febre amarela, sarampo e HPV. O p\u00fablico-alvo s\u00e3o pessoas com idade entre 0 a menores de 15 anos. (<a target=\"_blank\" href=\"https:\/\/www.gov.br\/saude\/pt-br\/assuntos\/saude-de-a-a-z\/c\/calendario-nacional-de-vacinacao\" rel=\"noreferrer noopener\"><strong>Veja AQUI a lista completa das vacinas dispon\u00edveis<\/strong><\/a>). Atualmente, o cen\u00e1rio epidemiol\u00f3gico do pa\u00eds preocupa devido ao reaparecimento de doen\u00e7as antes consideradas controladas, como \u00e9 o caso da poliomielite (paralisia infantil).<\/p>\n\n\n\n<p id=\"viewer-5nhan\">\u201cNosso objetivo \u00e9 fazer busca ativa das crian\u00e7as e adolescentes que n\u00e3o est\u00e3o protegidas e, assim, alcan\u00e7ar um alto \u00edndice de vacina\u00e7\u00e3o. Levar a vacina\u00e7\u00e3o nas escolas \u00e9 uma oportunidade de acesso para aqueles pais que nem sempre conseguem ir at\u00e9 o posto de vacina\u201d, explicou a coordenadora do Programa, Claubia Oliveira.<\/p>\n\n\n\n<p id=\"viewer-9o8tr\"><em>Cleiton Borges \u2013 Secretaria Municipal de Governo e Comunica\u00e7\u00e3o\/PMU<\/em><\/p>\n\n\n\n<p id=\"viewer-8fk18\">A cobertura vacinal considerada ideal pelo Minist\u00e9rio da Sa\u00fade \u00e9 de, no m\u00ednimo, 95% do p\u00fablico-alvo de cada vacina. Contudo, a m\u00e9dia de cobertura das doses que constam no calend\u00e1rio desse p\u00fablico est\u00e1 entre 60% e 75%.<\/p>\n\n\n\n<p id=\"viewer-85slj\">Para que o aluno receba as vacinas conforme a necessidade de atualiza\u00e7\u00e3o do cart\u00e3o, os pais precisam assinar o termo de autoriza\u00e7\u00e3o que ser\u00e1 entregue ao aluno dias antes de a equipe de vacina\u00e7\u00e3o ir ao col\u00e9gio.<\/p>\n\n\n\n<p id=\"viewer-buou5\">Moradora do bairro Morada da Colina, a dona de casa Vilma Costa Rocha levou o neto Brayan, de 5 anos, para a vacina\u00e7\u00e3o na Escola Municipal de Educa\u00e7\u00e3o Infantil (Emei) Grande Otelo e aprovou a iniciativa. \u201c\u00c9 muito importante e acho que todos devem trazer as crian\u00e7as. Se n\u00e3o tomar as vacinas, a tend\u00eancia \u00e9 voltarem as doen\u00e7as. A Prefeitura tem feito algo maravilhoso com esse trabalho nas escolas\u201d, exaltou.<\/p>\n\n\n\n<p id=\"viewer-2qcon\"><strong>Locais de vacina\u00e7\u00e3o<\/strong><\/p>\n\n\n\n<p id=\"viewer-c0i76\">A Rede Municipal de Sa\u00fade conta com 74 salas de vacina. As salas das Unidades B\u00e1sicas de Sa\u00fade da Fam\u00edlia (UBSFs) funcionam das 7h30 \u00e0s 16h30. J\u00e1 as Unidades B\u00e1sicas de Sa\u00fade (UBSs) t\u00eam atendimento das 7h30 \u00e0s 18h, sendo que as salas das unidades dos bairros Roosevelt, Brasil e Tocantins ficam abertas das 8h at\u00e9 \u00e0s 21h. Os ambulat\u00f3rios das Unidades de Atendimento Integrado (UAIs) dos bairros Luizote, Planalto, Martins, Tibery e Pampulha tamb\u00e9m atendem das 8h \u00e0s 21h.<\/p>\n\n\n\n<p id=\"viewer-bpej8\"><strong>Atestado de vacina\u00e7\u00e3o<\/strong><\/p>\n\n\n\n<p id=\"viewer-fcjol\">A coordenadora do Programa de Imuniza\u00e7\u00e3o refor\u00e7ou que a atualiza\u00e7\u00e3o do cart\u00e3o de vacina das crian\u00e7as e adolescentes \u00e9 imprescind\u00edvel j\u00e1 que \u00e9 um documento obrigat\u00f3rio para a realiza\u00e7\u00e3o da <a target=\"_blank\" href=\"https:\/\/www.uberlandia.mg.gov.br\/2023\/10\/17\/rede-municipal-de-educacao-inicia-periodo-de-rematricula\/\" rel=\"noreferrer noopener\"><strong>rematr\u00edcula do ano letivo 2024<\/strong><\/a>. O Atestado de Vacina\u00e7\u00e3o, em substitui\u00e7\u00e3o ao Cart\u00e3o de Vacina, deve estar atualizado e pode ser obtido gratuitamente pelo aplicativo<strong> <\/strong><a target=\"_blank\" href=\"https:\/\/www.uberlandia.mg.gov.br\/2021\/04\/13\/aplicativo-saude-uberlandia-disponivel-para-download-na-apple-store\/\" rel=\"noreferrer noopener\"><strong>Sa\u00fade + Uberl\u00e2ndia<\/strong><\/a><strong> <\/strong>ou em alguma Unidade B\u00e1sica de Sa\u00fade (UBS).<\/p>\n\n\n\n<p id=\"viewer-7d0uc\">Veja abaixo o passo a passo para emiss\u00e3o do Atestado:<\/p>\n\n\n\n<p id=\"viewer-fsu6k\"><em>Reprodu\u00e7\u00e3o\/Minist\u00e9rio da Sa\u00fade<\/em><\/p>\n\n\n\n<p id=\"viewer-e6lve\">\u201cPara que tenhamos uma cobertura efetiva \u00e9 importante que todos estejam vacinados. Ent\u00e3o, a partir de agora, para fazer a rematr\u00edcula na rede municipal de ensino os pais devem apresentar o Atestado de Vacina\u00e7\u00e3o. Desta forma, conseguimos garantir que todas as crian\u00e7as e adolescentes fiquem protegidas\u201d, finalizou.<\/p>\n","protected":false},"excerpt":{"rendered":"<p>As crian\u00e7as e adolescentes s\u00e3o as mais vulner\u00e1veis quando o assunto \u00e9 doen\u00e7a. Por isso, elas fazem parte do p\u00fablico-alvo da Campanha de Multivacina\u00e7\u00e3o. Uma das estrat\u00e9gias adotadas pela Prefeitura<\/p>\n","protected":false},"author":1,"featured_media":2896,"comment_status":"open","ping_status":"open","sticky":false,"template":"","format":"standard","meta":{"footnotes":""},"categories":[1],"tags":[],"class_list":["post-2895","post","type-post","status-publish","format-standard","has-post-thumbnail","hentry","category-noticias"],"_links":{"self":[{"href":"https:\/\/revistahubclub.com.br\/portal\/wp-json\/wp\/v2\/posts\/2895","targetHints":{"allow":["GET"]}}],"collection":[{"href":"https:\/\/revistahubclub.com.br\/portal\/wp-json\/wp\/v2\/posts"}],"about":[{"href":"https:\/\/revistahubclub.com.br\/portal\/wp-json\/wp\/v2\/types\/post"}],"author":[{"embeddable":true,"href":"https:\/\/revistahubclub.com.br\/portal\/wp-json\/wp\/v2\/users\/1"}],"replies":[{"embeddable":true,"href":"https:\/\/revistahubclub.com.br\/portal\/wp-json\/wp\/v2\/comments?post=2895"}],"version-history":[{"count":1,"href":"https:\/\/revistahubclub.com.br\/portal\/wp-json\/wp\/v2\/posts\/2895\/revisions"}],"predecessor-version":[{"id":2897,"href":"https:\/\/revistahubclub.com.br\/portal\/wp-json\/wp\/v2\/posts\/2895\/revisions\/2897"}],"wp:featuredmedia":[{"embeddable":true,"href":"https:\/\/revistahubclub.com.br\/portal\/wp-json\/wp\/v2\/media\/2896"}],"wp:attachment":[{"href":"https:\/\/revistahubclub.com.br\/portal\/wp-json\/wp\/v2\/media?parent=2895"}],"wp:term":[{"taxonomy":"category","embeddable":true,"href":"https:\/\/revistahubclub.com.br\/portal\/wp-json\/wp\/v2\/categories?post=2895"},{"taxonomy":"post_tag","embeddable":true,"href":"https:\/\/revistahubclub.com.br\/portal\/wp-json\/wp\/v2\/tags?post=2895"}],"curies":[{"name":"wp","href":"https:\/\/api.w.org\/{rel}","templated":true}]}}