{"id":2898,"date":"2023-10-30T10:19:00","date_gmt":"2023-10-30T13:19:00","guid":{"rendered":"https:\/\/revistahubclub.com.br\/portal\/?p=2898"},"modified":"2024-12-16T10:27:44","modified_gmt":"2024-12-16T13:27:44","slug":"uberlandia-registra-mais-de-35-mil-novas-vagas-de-trabalho-formal-nos-9-primeiros-meses-de-2023","status":"publish","type":"post","link":"https:\/\/revistahubclub.com.br\/portal\/2023\/10\/30\/uberlandia-registra-mais-de-35-mil-novas-vagas-de-trabalho-formal-nos-9-primeiros-meses-de-2023\/","title":{"rendered":"Uberl\u00e2ndia registra mais de 3,5 mil novas vagas de trabalho formal nos 9 primeiros meses de 2023"},"content":{"rendered":"\n<p id=\"viewer-1uing\">O mercado de trabalho segue avan\u00e7ando com as pol\u00edticas p\u00fablicas de fomento da Prefeitura de Uberl\u00e2ndia. Segundo o Cadastro Geral de Empregados e Desempregados (Caged), divulgado nesta segunda-feira (30) pelo Minist\u00e9rio do Trabalho e Emprego, a cidade gerou 3.544 novas vagas de trabalho formal nos nove primeiros meses de 2023.<\/p>\n\n\n\n<p id=\"viewer-2l752\">Ainda de acordo com os mais recentes dados do Caged, em setembro, o segundo maior munic\u00edpio do estado de Minas Gerais tamb\u00e9m registrou resultado positivo. O saldo foi de 979 novos postos com carteira assinada.<\/p>\n\n\n\n<p id=\"viewer-ed86g\">Em setembro, na an\u00e1lise por setor, Uberl\u00e2ndia registrou desempenho positivo em todas as \u00e1reas. \u201cCom\u00e9rcio\u201d foi a que mais criou trabalho, com 274 novas vagas. Em seguida, apareceu \u201cConstru\u00e7\u00e3o\u201d, com saldo positivo de 270 empregos, e \u201cServi\u00e7os\u201d, com gera\u00e7\u00e3o de 230 postos. No acumulado do ano, ainda na an\u00e1lise por setor, os destaques foram \u201cServi\u00e7os\u201d, \u201cInd\u00fastria\u201d e \u201cConstru\u00e7\u00e3o, que registraram 2.130 novas vagas, 1.096 e 1.044, respectivamente.<\/p>\n\n\n\n<p id=\"viewer-ed1jq\"><strong><em>Prefeitura de Uberl\u00e2ndia<\/em><\/strong><\/p>\n","protected":false},"excerpt":{"rendered":"<p>O mercado de trabalho segue avan\u00e7ando com as pol\u00edticas p\u00fablicas de fomento da Prefeitura de Uberl\u00e2ndia. Segundo o Cadastro Geral de Empregados e Desempregados (Caged), divulgado nesta segunda-feira (30) pelo<\/p>\n","protected":false},"author":1,"featured_media":2899,"comment_status":"open","ping_status":"open","sticky":false,"template":"","format":"standard","meta":{"footnotes":""},"categories":[1],"tags":[],"class_list":["post-2898","post","type-post","status-publish","format-standard","has-post-thumbnail","hentry","category-noticias"],"_links":{"self":[{"href":"https:\/\/revistahubclub.com.br\/portal\/wp-json\/wp\/v2\/posts\/2898","targetHints":{"allow":["GET"]}}],"collection":[{"href":"https:\/\/revistahubclub.com.br\/portal\/wp-json\/wp\/v2\/posts"}],"about":[{"href":"https:\/\/revistahubclub.com.br\/portal\/wp-json\/wp\/v2\/types\/post"}],"author":[{"embeddable":true,"href":"https:\/\/revistahubclub.com.br\/portal\/wp-json\/wp\/v2\/users\/1"}],"replies":[{"embeddable":true,"href":"https:\/\/revistahubclub.com.br\/portal\/wp-json\/wp\/v2\/comments?post=2898"}],"version-history":[{"count":1,"href":"https:\/\/revistahubclub.com.br\/portal\/wp-json\/wp\/v2\/posts\/2898\/revisions"}],"predecessor-version":[{"id":2900,"href":"https:\/\/revistahubclub.com.br\/portal\/wp-json\/wp\/v2\/posts\/2898\/revisions\/2900"}],"wp:featuredmedia":[{"embeddable":true,"href":"https:\/\/revistahubclub.com.br\/portal\/wp-json\/wp\/v2\/media\/2899"}],"wp:attachment":[{"href":"https:\/\/revistahubclub.com.br\/portal\/wp-json\/wp\/v2\/media?parent=2898"}],"wp:term":[{"taxonomy":"category","embeddable":true,"href":"https:\/\/revistahubclub.com.br\/portal\/wp-json\/wp\/v2\/categories?post=2898"},{"taxonomy":"post_tag","embeddable":true,"href":"https:\/\/revistahubclub.com.br\/portal\/wp-json\/wp\/v2\/tags?post=2898"}],"curies":[{"name":"wp","href":"https:\/\/api.w.org\/{rel}","templated":true}]}}