{"id":2906,"date":"2023-10-30T10:21:00","date_gmt":"2023-10-30T13:21:00","guid":{"rendered":"https:\/\/revistahubclub.com.br\/portal\/?p=2906"},"modified":"2024-12-16T10:28:52","modified_gmt":"2024-12-16T13:28:52","slug":"comercio-vai-poder-funcionar-no-feriado-de-finados","status":"publish","type":"post","link":"https:\/\/revistahubclub.com.br\/portal\/2023\/10\/30\/comercio-vai-poder-funcionar-no-feriado-de-finados\/","title":{"rendered":"Com\u00e9rcio vai poder funcionar no feriado de Finados"},"content":{"rendered":"\n<p>A CDL Uberl\u00e2ndia comunica que de acordo com a Conven\u00e7\u00e3o Coletiva 2022\/2023, firmada entre o Sindicato dos Empregados no Com\u00e9rcio de Uberl\u00e2ndia e Araguari (Secua) e o Sindicato do Com\u00e9rcio de Uberl\u00e2ndia (Sindicom\u00e9rcio), as empresas do ramo de Com\u00e9rcio Varejista de G\u00eaneros Aliment\u00edcios e Afins poder\u00e3o abrir no feriado do dia 2 de novembro \u2013 Finados, bem como as do ramo de Com\u00e9rcio Varejista de Bens e Servi\u00e7os, sendo das 9h horas \u00e0s 18h. Vale ressaltar que as horas trabalhadas ser\u00e3o pagas como dobra<\/p>\n","protected":false},"excerpt":{"rendered":"<p>A CDL Uberl\u00e2ndia comunica que de acordo com a Conven\u00e7\u00e3o Coletiva 2022\/2023, firmada entre o Sindicato dos Empregados no Com\u00e9rcio de Uberl\u00e2ndia e Araguari (Secua) e o Sindicato do Com\u00e9rcio<\/p>\n","protected":false},"author":1,"featured_media":2907,"comment_status":"open","ping_status":"open","sticky":false,"template":"","format":"standard","meta":{"footnotes":""},"categories":[1],"tags":[],"class_list":["post-2906","post","type-post","status-publish","format-standard","has-post-thumbnail","hentry","category-noticias"],"_links":{"self":[{"href":"https:\/\/revistahubclub.com.br\/portal\/wp-json\/wp\/v2\/posts\/2906","targetHints":{"allow":["GET"]}}],"collection":[{"href":"https:\/\/revistahubclub.com.br\/portal\/wp-json\/wp\/v2\/posts"}],"about":[{"href":"https:\/\/revistahubclub.com.br\/portal\/wp-json\/wp\/v2\/types\/post"}],"author":[{"embeddable":true,"href":"https:\/\/revistahubclub.com.br\/portal\/wp-json\/wp\/v2\/users\/1"}],"replies":[{"embeddable":true,"href":"https:\/\/revistahubclub.com.br\/portal\/wp-json\/wp\/v2\/comments?post=2906"}],"version-history":[{"count":1,"href":"https:\/\/revistahubclub.com.br\/portal\/wp-json\/wp\/v2\/posts\/2906\/revisions"}],"predecessor-version":[{"id":2908,"href":"https:\/\/revistahubclub.com.br\/portal\/wp-json\/wp\/v2\/posts\/2906\/revisions\/2908"}],"wp:featuredmedia":[{"embeddable":true,"href":"https:\/\/revistahubclub.com.br\/portal\/wp-json\/wp\/v2\/media\/2907"}],"wp:attachment":[{"href":"https:\/\/revistahubclub.com.br\/portal\/wp-json\/wp\/v2\/media?parent=2906"}],"wp:term":[{"taxonomy":"category","embeddable":true,"href":"https:\/\/revistahubclub.com.br\/portal\/wp-json\/wp\/v2\/categories?post=2906"},{"taxonomy":"post_tag","embeddable":true,"href":"https:\/\/revistahubclub.com.br\/portal\/wp-json\/wp\/v2\/tags?post=2906"}],"curies":[{"name":"wp","href":"https:\/\/api.w.org\/{rel}","templated":true}]}}