{"id":2909,"date":"2023-10-27T10:22:00","date_gmt":"2023-10-27T13:22:00","guid":{"rendered":"https:\/\/revistahubclub.com.br\/portal\/?p=2909"},"modified":"2024-12-16T10:29:15","modified_gmt":"2024-12-16T13:29:15","slug":"estadio-parque-do-sabia-recebera-classico-mineiro-entre-america-e-atletico","status":"publish","type":"post","link":"https:\/\/revistahubclub.com.br\/portal\/2023\/10\/27\/estadio-parque-do-sabia-recebera-classico-mineiro-entre-america-e-atletico\/","title":{"rendered":"Est\u00e1dio Parque do Sabi\u00e1 receber\u00e1 cl\u00e1ssico mineiro entre Am\u00e9rica e Atl\u00e9tico"},"content":{"rendered":"\n<p id=\"viewer-6mic5\">A partida mineira cl\u00e1ssica entre Am\u00e9rica e Atl\u00e9tico Mineiro acontecer\u00e1 no Est\u00e1dio Parque do Sabi\u00e1, em Uberl\u00e2ndia. O jogo, v\u00e1lido pela 32\u00aa rodada da S\u00e9rie A do Campeonato Brasileiro, ser\u00e1 dia 4 de novembro, \u00e0s 19h30.<\/p>\n\n\n\n<p id=\"viewer-2asgi\">A venda presencial come\u00e7a neste s\u00e1bado (28) em lojas parceiras e, no Est\u00e1dio Parque do Sabi\u00e1, a partir de quarta-feira (1\u00ba).<\/p>\n\n\n\n<p id=\"viewer-5glip\">Assim como nos jogos anteriores. o torcedor poder\u00e1 optar pela compra do ingresso pela categoria meia-solid\u00e1ria, obtendo desconto ao doar 1 kg de alimento n\u00e3o perec\u00edvel, que ser\u00e1 distribu\u00eddo pela Secretaria Municipal de Desenvolvimento Social a institui\u00e7\u00f5es de Uberl\u00e2ndia.<\/p>\n\n\n\n<p id=\"viewer-fa5n9\">O cl\u00e1ssico Am\u00e9rica e Atl\u00e9tico \u00e9 considerado o 3\u00ba a ser sediado pelo Est\u00e1dio Parque do Sabi\u00e1 em 2023. Em junho, o 9\u00ba maior est\u00e1dio do pa\u00eds pelo ranking da CBF recebeu p\u00fablico superior a 34 mil na vit\u00f3ria do Atl\u00e9tico-MG sobre o Cruzeiro por 1 a 0. Em abril, mais de 23 mil pessoas assistiram, no est\u00e1dio, ao empate por 1 a 1 entre Palmeiras e Tombense, v\u00e1lido pela Copa do Brasil.<\/p>\n\n\n\n<p id=\"viewer-95tlt\"><strong>Estrutura<\/strong><\/p>\n\n\n\n<p id=\"viewer-2v9ts\">Administrado pela Prefeitura de Uberl\u00e2ndia, por meio da Futel, o Est\u00e1dio Parque do Sabi\u00e1 completou 41 anos em maio deste ano e se consolidou, ao longo dessas quatro d\u00e9cadas, como um dos principais espa\u00e7os esportivos do pa\u00eds. O local tem 15 mil metros quadrados, \u00e9 adaptado para cadeirantes (inclusive, conta com elevador) e est\u00e1 liberado pela Pol\u00edcia Militar para receber at\u00e9 39.940 pessoas nas cadeiras e arquibancadas durante os eventos esportivos. J\u00e1 no caso de shows, com a utiliza\u00e7\u00e3o do gramado pelo p\u00fablico, esse n\u00famero aumenta e pode chegar a 46.782 pessoas.<\/p>\n\n\n\n<p id=\"viewer-a8fpd\">S\u00e3o 68 sa\u00eddas de emerg\u00eancia, 21 banheiros, quatro vesti\u00e1rios, sala de imprensa, sala de arbitragem, sala da federa\u00e7\u00e3o, sala de coletiva de imprensa, \u00e1rea financeira, cabines de transmiss\u00e3o de r\u00e1dio e televis\u00e3o, cabine do Corpo de Bombeiros, cabine de controle de ilumina\u00e7\u00e3o, cabine de controle do placar eletr\u00f4nico, sala de monitoramento e controle de acesso, departamento m\u00e9dico, bares, catracas, bilheteria e dois camarotes, com 40 cadeiras cada. A ilumina\u00e7\u00e3o do campo \u00e9 feita por 104 refletores.<\/p>\n\n\n\n<p id=\"viewer-eeco0\"><strong><em>Prefeitura de Uberl\u00e2ndia<\/em><\/strong><\/p>\n","protected":false},"excerpt":{"rendered":"<p>A partida mineira cl\u00e1ssica entre Am\u00e9rica e Atl\u00e9tico Mineiro acontecer\u00e1 no Est\u00e1dio Parque do Sabi\u00e1, em Uberl\u00e2ndia. O jogo, v\u00e1lido pela 32\u00aa rodada da S\u00e9rie A do Campeonato Brasileiro, ser\u00e1<\/p>\n","protected":false},"author":1,"featured_media":2910,"comment_status":"open","ping_status":"open","sticky":false,"template":"","format":"standard","meta":{"footnotes":""},"categories":[1],"tags":[],"class_list":["post-2909","post","type-post","status-publish","format-standard","has-post-thumbnail","hentry","category-noticias"],"_links":{"self":[{"href":"https:\/\/revistahubclub.com.br\/portal\/wp-json\/wp\/v2\/posts\/2909","targetHints":{"allow":["GET"]}}],"collection":[{"href":"https:\/\/revistahubclub.com.br\/portal\/wp-json\/wp\/v2\/posts"}],"about":[{"href":"https:\/\/revistahubclub.com.br\/portal\/wp-json\/wp\/v2\/types\/post"}],"author":[{"embeddable":true,"href":"https:\/\/revistahubclub.com.br\/portal\/wp-json\/wp\/v2\/users\/1"}],"replies":[{"embeddable":true,"href":"https:\/\/revistahubclub.com.br\/portal\/wp-json\/wp\/v2\/comments?post=2909"}],"version-history":[{"count":1,"href":"https:\/\/revistahubclub.com.br\/portal\/wp-json\/wp\/v2\/posts\/2909\/revisions"}],"predecessor-version":[{"id":2911,"href":"https:\/\/revistahubclub.com.br\/portal\/wp-json\/wp\/v2\/posts\/2909\/revisions\/2911"}],"wp:featuredmedia":[{"embeddable":true,"href":"https:\/\/revistahubclub.com.br\/portal\/wp-json\/wp\/v2\/media\/2910"}],"wp:attachment":[{"href":"https:\/\/revistahubclub.com.br\/portal\/wp-json\/wp\/v2\/media?parent=2909"}],"wp:term":[{"taxonomy":"category","embeddable":true,"href":"https:\/\/revistahubclub.com.br\/portal\/wp-json\/wp\/v2\/categories?post=2909"},{"taxonomy":"post_tag","embeddable":true,"href":"https:\/\/revistahubclub.com.br\/portal\/wp-json\/wp\/v2\/tags?post=2909"}],"curies":[{"name":"wp","href":"https:\/\/api.w.org\/{rel}","templated":true}]}}