{"id":2912,"date":"2023-10-27T10:22:00","date_gmt":"2023-10-27T13:22:00","guid":{"rendered":"https:\/\/revistahubclub.com.br\/portal\/?p=2912"},"modified":"2024-12-16T10:26:39","modified_gmt":"2024-12-16T13:26:39","slug":"uberlandia-shopping-sera-ponto-da-campanha-de-multivacinacao","status":"publish","type":"post","link":"https:\/\/revistahubclub.com.br\/portal\/2023\/10\/27\/uberlandia-shopping-sera-ponto-da-campanha-de-multivacinacao\/","title":{"rendered":"Uberl\u00e2ndia Shopping ser\u00e1 ponto da campanha de multivacina\u00e7\u00e3o"},"content":{"rendered":"\n<p id=\"viewer-1m0ld\">Para ampliar o alcance da campanha de multivacina\u00e7\u00e3o para crian\u00e7as e adolescentes, de 0 a 15 anos, o Uberl\u00e2ndia Shopping ser\u00e1 um dos pontos deste movimento. A a\u00e7\u00e3o acontece amanh\u00e3 (28), em frente \u00e0 Riachuelo, das 10h \u00e0s 20h. A iniciativa da Prefeitura de Uberl\u00e2ndia, por meio do Programa Municipal de Imuniza\u00e7\u00e3o, visa potencializar as a\u00e7\u00f5es para a imuniza\u00e7\u00e3o contra 19 doen\u00e7as, entre elas: meningite, poliomielite, febre amarela, sarampo e HPV &#8211; confira lista completa das vacinas dispon\u00edveis: <a target=\"_blank\" href=\"https:\/\/www.gov.br\/saude\/pt-br\/assuntos\/saude-de-a-a-z\/c\/calendario-nacional-de-vacinacao\" rel=\"noreferrer noopener\">https:\/\/www.gov.br\/saude\/pt-br\/assuntos\/saude-de-a-a-z\/c\/calendario-nacional-de-vacinacao<\/a><\/p>\n\n\n\n<p id=\"viewer-8g1ud\">\u201cAbrir as portas do nosso empreendimento para a\u00e7\u00f5es de sa\u00fade, especialmente o Dia D de vacina\u00e7\u00e3o, \u00e9 um compromisso com o bem-estar da comunidade e um testemunho do nosso compromisso em servir n\u00e3o apenas como um espa\u00e7o comercial, mas tamb\u00e9m de um local de cuidado com a sa\u00fade. Convidamos os pais a trazerem as crian\u00e7as e adolescentes para essa a\u00e7\u00e3o t\u00e3o importante\u201d, diz Yan Marques, coordenador de Marketing do Uberl\u00e2ndia Shopping.<\/p>\n\n\n\n<p id=\"viewer-5on5b\"><strong>Servi\u00e7o<\/strong><\/p>\n\n\n\n<p id=\"viewer-3ob1o\">Dia D da Campanha de Multivacina\u00e7\u00e3o<\/p>\n\n\n\n<p id=\"viewer-6n3hc\">Data: 28\/10\/23 &#8211; s\u00e1bado<\/p>\n\n\n\n<p id=\"viewer-2hlr6\">Hor\u00e1rio: 10h \u00e0s 20h<\/p>\n\n\n\n<p id=\"viewer-272i2\">Local: Uberl\u00e2ndia Shopping &#8211; em frente \u00e0 Riachuelo<\/p>\n\n\n\n<p id=\"viewer-6f86r\"><strong>Sobre o Uberl\u00e2ndia Shopping<\/strong><\/p>\n\n\n\n<p id=\"viewer-b8ggs\">Administrado pela Alqia, antiga Saphyr Shopping Centers, o Uberl\u00e2ndia Shopping \u00e9 a porta de entrada das melhores marcas na regi\u00e3o e refer\u00eancia em conforto, infraestrutura e sustentabilidade. Com 195 lojas distribu\u00eddas em mais de 53,4 mil m\u00b2 de \u00c1rea Bruta Loc\u00e1vel, o empreendimento re\u00fane as primeiras Starbucks, House of Samsonite, Richards e Leroy Merlin da cidade, al\u00e9m de contar com grandes \u00e2ncoras como Centauro, Le Biscuit, Riachuelo, C&amp;A e Renner, hipermercado Carrefour, uma Pra\u00e7a de Alimenta\u00e7\u00e3o completa, tr\u00eas restaurantes especiais e cinco salas de cinema Cinemark, dotadas de tecnologia 3D e XD. Localizado na zona Sul, o Uberl\u00e2ndia Shopping \u00e9 reconhecido pelas comodidades que oferece, como Espa\u00e7o Fam\u00edlia, Espa\u00e7o Cliente, biciclet\u00e1rio e 2.400 vagas de estacionamento, incluindo vagas cobertas e especiais. Inaugurado em 2012, o shopping center prioriza as pr\u00e1ticas ESG desde sua constru\u00e7\u00e3o, adotando pol\u00edticas de preserva\u00e7\u00e3o do meio ambiente, sa\u00fade e seguran\u00e7a ocupacional. Saiba mais em <a target=\"_blank\" href=\"http:\/\/uberlandiashopping.com.br\/\" rel=\"noreferrer noopener\">uberlandiashopping.com.br<\/a>.<\/p>\n","protected":false},"excerpt":{"rendered":"<p>Para ampliar o alcance da campanha de multivacina\u00e7\u00e3o para crian\u00e7as e adolescentes, de 0 a 15 anos, o Uberl\u00e2ndia Shopping ser\u00e1 um dos pontos deste movimento. A a\u00e7\u00e3o acontece amanh\u00e3<\/p>\n","protected":false},"author":1,"featured_media":2913,"comment_status":"open","ping_status":"open","sticky":false,"template":"","format":"standard","meta":{"footnotes":""},"categories":[1],"tags":[],"class_list":["post-2912","post","type-post","status-publish","format-standard","has-post-thumbnail","hentry","category-noticias"],"_links":{"self":[{"href":"https:\/\/revistahubclub.com.br\/portal\/wp-json\/wp\/v2\/posts\/2912","targetHints":{"allow":["GET"]}}],"collection":[{"href":"https:\/\/revistahubclub.com.br\/portal\/wp-json\/wp\/v2\/posts"}],"about":[{"href":"https:\/\/revistahubclub.com.br\/portal\/wp-json\/wp\/v2\/types\/post"}],"author":[{"embeddable":true,"href":"https:\/\/revistahubclub.com.br\/portal\/wp-json\/wp\/v2\/users\/1"}],"replies":[{"embeddable":true,"href":"https:\/\/revistahubclub.com.br\/portal\/wp-json\/wp\/v2\/comments?post=2912"}],"version-history":[{"count":1,"href":"https:\/\/revistahubclub.com.br\/portal\/wp-json\/wp\/v2\/posts\/2912\/revisions"}],"predecessor-version":[{"id":2914,"href":"https:\/\/revistahubclub.com.br\/portal\/wp-json\/wp\/v2\/posts\/2912\/revisions\/2914"}],"wp:featuredmedia":[{"embeddable":true,"href":"https:\/\/revistahubclub.com.br\/portal\/wp-json\/wp\/v2\/media\/2913"}],"wp:attachment":[{"href":"https:\/\/revistahubclub.com.br\/portal\/wp-json\/wp\/v2\/media?parent=2912"}],"wp:term":[{"taxonomy":"category","embeddable":true,"href":"https:\/\/revistahubclub.com.br\/portal\/wp-json\/wp\/v2\/categories?post=2912"},{"taxonomy":"post_tag","embeddable":true,"href":"https:\/\/revistahubclub.com.br\/portal\/wp-json\/wp\/v2\/tags?post=2912"}],"curies":[{"name":"wp","href":"https:\/\/api.w.org\/{rel}","templated":true}]}}