{"id":2932,"date":"2023-10-24T10:33:00","date_gmt":"2023-10-24T13:33:00","guid":{"rendered":"https:\/\/revistahubclub.com.br\/portal\/?p=2932"},"modified":"2024-12-16T10:33:57","modified_gmt":"2024-12-16T13:33:57","slug":"cdl-media-a-assinatura-de-implantacao-da-frente-parlamentar-de-empreendedorismo-em-uberlandia","status":"publish","type":"post","link":"https:\/\/revistahubclub.com.br\/portal\/2023\/10\/24\/cdl-media-a-assinatura-de-implantacao-da-frente-parlamentar-de-empreendedorismo-em-uberlandia\/","title":{"rendered":"CDL media a assinatura de implanta\u00e7\u00e3o da Frente Parlamentar de Empreendedorismo em Uberl\u00e2ndia"},"content":{"rendered":"\n<p id=\"viewer-6utcc\">A Frente \u00e9 uma inciativa das entidades empresariais da cidade, em parceria com a C\u00e2mara Municipal, para apoiar o desenvolvimento econ\u00f4mico dos pequenos neg\u00f3cios.<\/p>\n\n\n\n<p id=\"viewer-6261e\">A CDL sediou, no dia 19 de outubro, a solenidade de assinatura da minuta de implanta\u00e7\u00e3o da Frente Parlamentar de Empreendedorismo em Uberl\u00e2ndia, uma inciativa das entidades empresariais da cidade, em parceria com a C\u00e2mara Municipal, para apoiar o desenvolvimento econ\u00f4mico dos pequenos neg\u00f3cios.<\/p>\n\n\n\n<p id=\"viewer-athpt\">O presidente da CDL, C\u00edcero Novaes, iniciou o evento, refor\u00e7ando a import\u00e2ncia da consolida\u00e7\u00e3o dessa comunidade para fortalecer a luta em defesa dos setores produtivos.<\/p>\n\n\n\n<p id=\"viewer-3e4p1\">A superintendente da CDL, L\u00e9cia Queiroz, deu continuidade ao encontro, apresentando os expressivos resultados do PROJETO VAREJO ON, uma parceria entre a entidade e o SEBRAE, para impulsionar o mercado local, atrav\u00e9s de a\u00e7\u00f5es estrat\u00e9gias, conectadas \u00e0s principais datas do calend\u00e1rio comercial.<\/p>\n\n\n\n<p id=\"viewer-b8iv8\">Ap\u00f3s a apresenta\u00e7\u00e3o, o vereador Leandro Neves foi convidado para conduzir a cerim\u00f4nia de assinatura do novo grupo parlamentar.<\/p>\n\n\n\n<p id=\"viewer-ddhk8\">Em sequ\u00eancia, o Diretor Superintendente do Granja Marileusa, Jos\u00e9 In\u00e1cio Pereira, foi convidado ao palco para formalizar a assinatura do projeto \u201cInnova City Granja Marileusa\u201d, que visa identificar solu\u00e7\u00f5es inovadoras, alinhadas aos objetivos de desenvolvimento sustent\u00e1vel da ONU.<\/p>\n\n\n\n<p id=\"viewer-5lr0o\">O presidente da C\u00e2mara de Dirigentes Lojistas de Belo Horizonte (CDL-BH) e presidente do Conselho Deliberativo do Sebrae Minas, Marcelo de Souza Silva, encerrou as atividades, destacando a atua\u00e7\u00e3o do Sebrae no estado mineiro e os frutos de um trabalho focado em diversificar e ampliar o empreendimento e o crescimento dos pequenos neg\u00f3cios. Ele tamb\u00e9m parabenizou a CDL Uberl\u00e2ndia pelo reconhecido trabalho na promo\u00e7\u00e3o de solu\u00e7\u00f5es corporativas, qualifica\u00e7\u00e3o profissional e pol\u00edticas p\u00fablicas que favore\u00e7am o ambiente de neg\u00f3cios.<\/p>\n\n\n\n<p id=\"viewer-f651a\">Tamb\u00e9m estiveram presentes, os presidentes das CDLs de Araguari, Ituiutaba, Monte Alegre.<\/p>\n\n\n\n<p id=\"viewer-5lg5\">A CDL agradece a visita do presidente Marcelo de Souza Silva e, principalmente, a parceria com o SEBRAE, que \u00e9 um grande aliado da entidade. Que em 2023 possamos continuar lutando e compartilhando do mesmo prop\u00f3sito em favor das empresas locais.<\/p>\n\n\n\n<p id=\"viewer-ahe0q\">Assinaram a minuta de implanta\u00e7\u00e3o da Frente Parlamentar:<\/p>\n\n\n\n<p id=\"viewer-3gmqp\"><strong>MARCELO DE SOUZA E SILVA<\/strong> \u2013 Presidente da C\u00e2mara de Dirigentes Lojistas de Belo Horizonte (CDL-BH) e Presidente do Conselho Deliberativo do Sebrae Minas<\/p>\n\n\n\n<p id=\"viewer-c9ke4\"><strong>PAULO S\u00c9RGIO FERREIRA<\/strong> \u2013 Vice-prefeito de Uberl\u00e2ndia<\/p>\n\n\n\n<p id=\"viewer-qftp\"><strong>C\u00cdCERO HERALDO NOVAES<\/strong> \u2013 Presidente da C\u00e2mara de Dirigentes Lojistas de Uberl\u00e2ndia (CDL)<\/p>\n\n\n\n<p id=\"viewer-cpmck\"><strong>THIAGO SILVEIRA<\/strong> \u2013 Presidente do Sindicato Rural de Uberl\u00e2ndia<\/p>\n\n\n\n<p id=\"viewer-e0o12\"><strong>F\u00c1BIO T\u00daLIO FELIPE<\/strong> \u2013 Presidente da Associa\u00e7\u00e3o Comercial e Industrial de Uberl\u00e2ndia (Aciub)<\/p>\n\n\n\n<p id=\"viewer-c9ekd\"><strong>JOS\u00c9 ALVES<\/strong> \u2013 Presidente da FIEMG Regional Vale do Parana\u00edba<\/p>\n\n\n\n<p id=\"viewer-blpct\"><strong>EDUARDO BRAGA<\/strong> \u2013 Presidente da Sociedade M\u00e9dica de Uberl\u00e2ndia<\/p>\n\n\n\n<p id=\"viewer-7ddja\"><strong>JOS\u00c9 EDUARDO BATISTA<\/strong> \u2013 Presidente da OAB de Uberl\u00e2ndia<\/p>\n\n\n\n<p id=\"viewer-5ukdv\"><strong>LEANDRO NEVES \u2013 <\/strong>Vereador de Uberl\u00e2ndia e membro do Conselho de Ma\u00e7ons do Tri\u00e2ngulo<\/p>\n\n\n\n<p id=\"viewer-av639\"><strong>RAFAEL LELES \u2013<\/strong> Vereador de Uberl\u00e2ndia<\/p>\n\n\n\n<p id=\"viewer-9njts\"><strong>ANT\u00d4NIO AUGUSTO QUEIJINHO \u2013<\/strong> Vereador de Uberl\u00e2ndia<\/p>\n\n\n\n<p id=\"viewer-dghpn\"><strong>S\u00c9RGIO DO BOM PRE\u00c7O \u2013<\/strong> Vereador de Uberl\u00e2ndia<\/p>\n","protected":false},"excerpt":{"rendered":"<p>A Frente \u00e9 uma inciativa das entidades empresariais da cidade, em parceria com a C\u00e2mara Municipal, para apoiar o desenvolvimento econ\u00f4mico dos pequenos neg\u00f3cios. A CDL sediou, no dia 19<\/p>\n","protected":false},"author":1,"featured_media":2933,"comment_status":"open","ping_status":"open","sticky":false,"template":"","format":"standard","meta":{"footnotes":""},"categories":[1],"tags":[],"class_list":["post-2932","post","type-post","status-publish","format-standard","has-post-thumbnail","hentry","category-noticias"],"_links":{"self":[{"href":"https:\/\/revistahubclub.com.br\/portal\/wp-json\/wp\/v2\/posts\/2932","targetHints":{"allow":["GET"]}}],"collection":[{"href":"https:\/\/revistahubclub.com.br\/portal\/wp-json\/wp\/v2\/posts"}],"about":[{"href":"https:\/\/revistahubclub.com.br\/portal\/wp-json\/wp\/v2\/types\/post"}],"author":[{"embeddable":true,"href":"https:\/\/revistahubclub.com.br\/portal\/wp-json\/wp\/v2\/users\/1"}],"replies":[{"embeddable":true,"href":"https:\/\/revistahubclub.com.br\/portal\/wp-json\/wp\/v2\/comments?post=2932"}],"version-history":[{"count":1,"href":"https:\/\/revistahubclub.com.br\/portal\/wp-json\/wp\/v2\/posts\/2932\/revisions"}],"predecessor-version":[{"id":2934,"href":"https:\/\/revistahubclub.com.br\/portal\/wp-json\/wp\/v2\/posts\/2932\/revisions\/2934"}],"wp:featuredmedia":[{"embeddable":true,"href":"https:\/\/revistahubclub.com.br\/portal\/wp-json\/wp\/v2\/media\/2933"}],"wp:attachment":[{"href":"https:\/\/revistahubclub.com.br\/portal\/wp-json\/wp\/v2\/media?parent=2932"}],"wp:term":[{"taxonomy":"category","embeddable":true,"href":"https:\/\/revistahubclub.com.br\/portal\/wp-json\/wp\/v2\/categories?post=2932"},{"taxonomy":"post_tag","embeddable":true,"href":"https:\/\/revistahubclub.com.br\/portal\/wp-json\/wp\/v2\/tags?post=2932"}],"curies":[{"name":"wp","href":"https:\/\/api.w.org\/{rel}","templated":true}]}}