{"id":2951,"date":"2023-10-19T10:38:00","date_gmt":"2023-10-19T13:38:00","guid":{"rendered":"https:\/\/revistahubclub.com.br\/portal\/?p=2951"},"modified":"2024-12-16T10:39:23","modified_gmt":"2024-12-16T13:39:23","slug":"trakinagem-encerra-temporada-de-oficinas-de-curta-metragem-com-genero-experimental","status":"publish","type":"post","link":"https:\/\/revistahubclub.com.br\/portal\/2023\/10\/19\/trakinagem-encerra-temporada-de-oficinas-de-curta-metragem-com-genero-experimental\/","title":{"rendered":"Trakinagem encerra temporada de oficinas de curta-metragem com g\u00eanero Experimental"},"content":{"rendered":"\n<p id=\"viewer-7hfd9\">O projeto Trakinagem Cinema e Educa\u00e7\u00e3o encerra o 4\u00ba bimestre com as \u00faltimas oficinas de 2023 com os alunos do Lar Esp\u00edrita Maria Lobato de Freitas e da Associa\u00e7\u00e3o Desenvolvendo Vida e Miss\u00e3o (ADVEM). Entre os dias 16 de outubro e 5 de dezembro, \u00e0s segundas e ter\u00e7as-feiras, das 13h30 \u00e0s 16h30, os estudantes aprender\u00e3o o g\u00eanero Experimental, iniciativa que visa inspirar a criatividade, fomentar a express\u00e3o art\u00edstica e promover a inclus\u00e3o atrav\u00e9s da produ\u00e7\u00e3o cinematografia.<\/p>\n\n\n\n<figure class=\"wp-block-image\"><img loading=\"lazy\" decoding=\"async\" width=\"666\" height=\"444\" src=\"https:\/\/revistahubclub.com.br\/portal\/wp-content\/uploads\/2024\/12\/d8df41_ad29ccbdb089491e94c4532a5bf70353mv2.jpg\" alt=\"\" class=\"wp-image-2953\" srcset=\"https:\/\/revistahubclub.com.br\/portal\/wp-content\/uploads\/2024\/12\/d8df41_ad29ccbdb089491e94c4532a5bf70353mv2.jpg 666w, https:\/\/revistahubclub.com.br\/portal\/wp-content\/uploads\/2024\/12\/d8df41_ad29ccbdb089491e94c4532a5bf70353mv2-300x200.jpg 300w\" sizes=\"auto, (max-width: 666px) 100vw, 666px\" \/><\/figure>\n\n\n\n<p id=\"viewer-e8mii\">Ministradas pelo instrutor do projeto Trakinagem \u2013 Cinema e Educa\u00e7\u00e3o, Cristiano Barbosa, essas oficinas proporcionar\u00e3o uma experi\u00eancia pr\u00e1tica e educacional em que os alunos ter\u00e3o a oportunidade de criar seus pr\u00f3prios curtas-metragens experimentais. Este g\u00eanero permite uma liberdade criativa sem limites, incentivando os participantes a pensarem \u201cfora da caixa\u201d e a expressar suas vis\u00f5es de forma \u00fanica, criando oportunidades educacionais enriquecedoras para os jovens das comunidades.<\/p>\n\n\n\n<p id=\"viewer-12srn\">&#8220;Nas oficinas de curta-metragem experimental os jovens experimentar\u00e3o os elementos da linguagem audiovisual de forma criativa e ousada, rompendo com os padr\u00f5es das narrativas que est\u00e3o acostumados a ver. Ser\u00e1 um convite a experimenta\u00e7\u00e3o de \u00e2ngulos e movimenta\u00e7\u00f5es inusitadas da c\u00e2mera, assim como da dimens\u00e3o sonora, em que exploraremos os sons e ru\u00eddos do ambiente&#8221;, afirma o instrutor.<\/p>\n\n\n\n<p id=\"viewer-6s993\">Na vis\u00e3o da gerente do Instituto Algar, Carolina Toffoli Rodrigues, o projeto traquinagem cumpriu o objetivo do Instituto Algar que \u00e9 ofertar para as crian\u00e7as e adolescentes oportunidades e desenvolvimento. \u201cAcho que que Trakinagem trabalha muito a curiosidade do aluno e quando ele v\u00ea o document\u00e1rio, o filme que ele mesmo produziu, consegue ver o resultado de seu processo. Achei isso fant\u00e1stico! Al\u00e9m disso, o fato de um dos filmes ter sido selecionado para Festival de Cinema de Ouro Preto foi um diferencial muito bacana\u201d, ressalta Carolina.<\/p>\n\n\n\n<p id=\"viewer-4tc8m\"><strong>Cronograma<\/strong><\/p>\n\n\n\n<p id=\"viewer-bmmit\">O projeto, que est\u00e1 em sua 5\u00aa edi\u00e7\u00e3o, j\u00e1 passou no primeiro semestre deste ano pela Creche Comunit\u00e1ria Associada de Uberl\u00e2ndia (CCAU) do bairro Cana\u00e3 e Associa\u00e7\u00e3o Desenvolvendo Vida e Miss\u00e3o (ADVEM) com g\u00eanero Fic\u00e7\u00e3o e na Periferarte e no ABC do Gl\u00f3ria com g\u00eanero \u201cDocument\u00e1rio\u201d. Na sequ\u00eancia, receberam o projeto a Esta\u00e7\u00e3o Vida e o Instituto de Forma\u00e7\u00e3o Vamos Crescer (IFVC). Para finalizar, de outubro a dezembro, o trabalho acontecer\u00e1 no Lar Esp\u00edrita Maria Lobato de Freitas e ADVEM com o g\u00eanero \u201cExperimental\u201d. Ao final de cada bimestre, os curtas desses alunos tamb\u00e9m s\u00e3o exibidos em uma sess\u00e3o especial de cinema, onde os participantes podem conferir o resultado ao lado de familiares, amigos e colegas, e tamb\u00e9m recebem trof\u00e9us de participa\u00e7\u00e3o.<\/p>\n\n\n\n<p id=\"viewer-almes\">At\u00e9 dezembro, a meta do Trakinagem \u00e9 alcan\u00e7ar 160 alunos, em oito oficinas, com carga hor\u00e1ria de 24 horas\/aula, cada, em sete diferentes institui\u00e7\u00f5es da cidade. Ser\u00e3o produzidos durante as atividades, no m\u00ednimo dois curtas-metragens em cada g\u00eanero cinematogr\u00e1fico trabalhado (Document\u00e1rio, Anima\u00e7\u00e3o, Fic\u00e7\u00e3o e Experimental), resultando em no m\u00ednimo 16 filmes de curta dura\u00e7\u00e3o. Ap\u00f3s a finaliza\u00e7\u00e3o dos encontros, ser\u00e1 produzido um webn\u00e1rio com o objetivo de avaliar as aprendizagens ocorridas e as potencialidades de multiplica\u00e7\u00e3o da metodologia do projeto para mais jovens e educadores de Minas Gerais e todo o Brasil.<\/p>\n\n\n\n<p id=\"viewer-fb3lv\">O projeto Trakinagem Cinema e Educa\u00e7\u00e3o, patrocinado pelo Instituto Algar, por meio da Lei Estadual de Incentivo \u00e0 Cultura de Minas Gerais, realizado pela produtora O Sopro do Tempo e Governo de Minas Gerais.<\/p>\n\n\n\n<p id=\"viewer-icno\"><strong>Sobre o Instituto Algar<\/strong><\/p>\n\n\n\n<p id=\"viewer-8ip5a\">H\u00e1 mais de duas d\u00e9cadas, o Instituto Algar se dedica a contribuir com o desenvolvimento de pessoas. De forma colaborativa, unimos esfor\u00e7os e institui\u00e7\u00f5es para desenvolver a comunidade, por meio da educa\u00e7\u00e3o, do esporte, da cultura e do voluntariado. Enxergar o potencial de cada crian\u00e7a, adolescente e jovem dos nossos programas sociais \u00e9 o que nos inspira. Nessa trajet\u00f3ria, mais de meio milh\u00e3o de vidas j\u00e1 foram transformadas. Instituto Algar; conectando pessoas \u00e0s oportunidades.<\/p>\n\n\n\n<p id=\"viewer-647j\"><strong>Sobre a produtora O Sopro do Tempo<\/strong><\/p>\n\n\n\n<p id=\"viewer-65ug5\">Produtora de cinema e audiovisual criada em 2009 na cidade de Uberl\u00e2ndia que conta com diversos filmes exibidos e premiados em diversos festivais no Brasil e no exterior. Na sua filmografia consta 16 filmes de curta metragem (13 de fic\u00e7\u00e3o e 3 document\u00e1rios), 06 filmes de longa metragem (1 fic\u00e7\u00e3o e 5 document\u00e1rios) e 01 S\u00e9rie para TV com 10 epis\u00f3dios. \u00c9 tamb\u00e9m realizadora das mostras de cinema Contorno \u2013 Cinema Independente e da Borda, e do Trakinagem Cinema e Educa\u00e7\u00e3o, visando educa\u00e7\u00e3o, forma\u00e7\u00e3o de p\u00fablico e o fomento da cadeia produtiva do cinema. Saiba mais em: <a target=\"_blank\" href=\"http:\/\/www.osoprodotempo.com\/\" rel=\"noreferrer noopener\">www.osoprodotempo.com<\/a>.<\/p>\n","protected":false},"excerpt":{"rendered":"<p>O projeto Trakinagem Cinema e Educa\u00e7\u00e3o encerra o 4\u00ba bimestre com as \u00faltimas oficinas de 2023 com os alunos do Lar Esp\u00edrita Maria Lobato de Freitas e da Associa\u00e7\u00e3o Desenvolvendo<\/p>\n","protected":false},"author":1,"featured_media":2952,"comment_status":"open","ping_status":"open","sticky":false,"template":"","format":"standard","meta":{"footnotes":""},"categories":[1],"tags":[],"class_list":["post-2951","post","type-post","status-publish","format-standard","has-post-thumbnail","hentry","category-noticias"],"_links":{"self":[{"href":"https:\/\/revistahubclub.com.br\/portal\/wp-json\/wp\/v2\/posts\/2951","targetHints":{"allow":["GET"]}}],"collection":[{"href":"https:\/\/revistahubclub.com.br\/portal\/wp-json\/wp\/v2\/posts"}],"about":[{"href":"https:\/\/revistahubclub.com.br\/portal\/wp-json\/wp\/v2\/types\/post"}],"author":[{"embeddable":true,"href":"https:\/\/revistahubclub.com.br\/portal\/wp-json\/wp\/v2\/users\/1"}],"replies":[{"embeddable":true,"href":"https:\/\/revistahubclub.com.br\/portal\/wp-json\/wp\/v2\/comments?post=2951"}],"version-history":[{"count":1,"href":"https:\/\/revistahubclub.com.br\/portal\/wp-json\/wp\/v2\/posts\/2951\/revisions"}],"predecessor-version":[{"id":2954,"href":"https:\/\/revistahubclub.com.br\/portal\/wp-json\/wp\/v2\/posts\/2951\/revisions\/2954"}],"wp:featuredmedia":[{"embeddable":true,"href":"https:\/\/revistahubclub.com.br\/portal\/wp-json\/wp\/v2\/media\/2952"}],"wp:attachment":[{"href":"https:\/\/revistahubclub.com.br\/portal\/wp-json\/wp\/v2\/media?parent=2951"}],"wp:term":[{"taxonomy":"category","embeddable":true,"href":"https:\/\/revistahubclub.com.br\/portal\/wp-json\/wp\/v2\/categories?post=2951"},{"taxonomy":"post_tag","embeddable":true,"href":"https:\/\/revistahubclub.com.br\/portal\/wp-json\/wp\/v2\/tags?post=2951"}],"curies":[{"name":"wp","href":"https:\/\/api.w.org\/{rel}","templated":true}]}}