{"id":2955,"date":"2023-10-18T10:39:00","date_gmt":"2023-10-18T13:39:00","guid":{"rendered":"https:\/\/revistahubclub.com.br\/portal\/?p=2955"},"modified":"2024-12-16T10:40:16","modified_gmt":"2024-12-16T13:40:16","slug":"mutirao-divida-zero-tera-quase-30-empresas-e-instituicoes-participantes","status":"publish","type":"post","link":"https:\/\/revistahubclub.com.br\/portal\/2023\/10\/18\/mutirao-divida-zero-tera-quase-30-empresas-e-instituicoes-participantes\/","title":{"rendered":"Mutir\u00e3o D\u00edvida Zero ter\u00e1 quase 30 empresas e institui\u00e7\u00f5es participantes"},"content":{"rendered":"\n<p id=\"viewer-2jm5\">Quase 30 empresas e institui\u00e7\u00f5es j\u00e1 confirmaram presen\u00e7a na 2\u00aa edi\u00e7\u00e3o do Mutir\u00e3o D\u00edvida Zero, que acontece de 24 a 26 de outubro na Arena Sabiazinho (<strong>Confira a lista completa ao final do texto<\/strong>). Realizado pela Superintend\u00eancia de Prote\u00e7\u00e3o e Defesa do Consumidor (Procon) de Uberl\u00e2ndia, com apoio da C\u00e2mara Municipal, o evento facilita a negocia\u00e7\u00e3o de d\u00edvidas. Os interessados em aproveitar a oportunidade devem se cadastrar na p\u00e1gina oficial do mutir\u00e3o, localizada no Portal da Prefeitura de Uberl\u00e2ndia. (<a target=\"_blank\" href=\"https:\/\/dividazero.uberlandia.mg.gov.br\/requerente\" rel=\"noreferrer noopener\"><strong>Clique aqui para se cadastrar<\/strong><\/a>)<\/p>\n\n\n\n<p id=\"viewer-82kij\">Ao acessar a p\u00e1gina do Mutir\u00e3o D\u00edvida Zero, \u00e9 necess\u00e1rio informar CPF e data de nascimento ou CNPJ e data de abertura da empresa. Em seguida, vai aparecer a lista das empresas e institui\u00e7\u00f5es participantes. Basta marcar aquela ou aquelas em que quer ser atendido e a data. No dia do evento o cidad\u00e3o ou representante da empresa deve levar documentos pessoais e outros que sejam relevantes para a negocia\u00e7\u00e3o.<\/p>\n\n\n\n<p id=\"viewer-35b31\">O Mutir\u00e3o D\u00edvida Zero tem o objetivo de auxiliar na recupera\u00e7\u00e3o da cidadania fiscal e prevenir o superendividamento da popula\u00e7\u00e3o. A a\u00e7\u00e3o foi institu\u00edda como evento anual por meio da lei municipal 13.900, proposta e assinada pelo prefeito Odelmo Le\u00e3o em 2022. Na primeira edi\u00e7\u00e3o, mais de 12 mil pessoas foram atendidas.<\/p>\n\n\n\n<p id=\"viewer-6e19r\">&#8220;O Mutir\u00e3o D\u00edvida Zero facilita a negocia\u00e7\u00e3o de d\u00edvidas ao aproximar consumidores e empresas. Procuramos tamb\u00e9m oferecer um ambiente acolhedor e humano, onde as pessoas possam ser bem atendidas em suas demandas e chegar a um acordo que seja considerado justo pelas partes. Al\u00e9m disso, teremos o estande do Procon Uberl\u00e2ndia com uma equipe preparada para auxiliar quem busca negociar com alguma empresa que n\u00e3o esteja presente no Mutir\u00e3o&#8221;, explica o superintendente do \u00f3rg\u00e3o, Egmar Ferraz.<\/p>\n\n\n\n<p id=\"viewer-3irc3\"><strong>Servi\u00e7os<\/strong><\/p>\n\n\n\n<p id=\"viewer-8j2cj\">A estrutura montada na Arena Sabiazinho para o Mutir\u00e3o D\u00edvida Zero 2023 foi aprimorada em rela\u00e7\u00e3o \u00e0 do ano anterior. No lugar das mesas de pl\u00e1stico entram estandes fixos, para maior conforto dos cidad\u00e3os em atendimento e parceiros. A \u00e1rea externa estar\u00e1 sinalizada e contar\u00e1 com o time do Procon Uberl\u00e2ndia para receber o p\u00fablico. O servi\u00e7o de acessibilidade ser\u00e1 fornecido por meio da parceria com a plataforma Icom, que atua na tradu\u00e7\u00e3o simult\u00e2nea e interativa envolvendo a L\u00edngua Brasileira de Sinais (Libras).<\/p>\n\n\n\n<p id=\"viewer-8fk1p\">Na \u00e1rea interna, as pessoas aguardar\u00e3o atendimento nas arquibancadas. As senhas ser\u00e3o informadas em dois grandes pain\u00e9is montados no gin\u00e1sio e anunciadas por um locutor.<\/p>\n\n\n\n<p id=\"viewer-ego8v\">Ainda na \u00e1rea externa ser\u00e1 montada uma barraca com diversos servi\u00e7os gratuitos oferecidos por \u00f3rg\u00e3os da Prefeitura e outros parceiros. Entre as a\u00e7\u00f5es est\u00e3o o Programa Escola \u00c1gua Cidad\u00e3 (Peac), do Departamento Municipal de \u00c1gua e Esgoto (Dmae), que levar\u00e1 atividades l\u00fadicas para as crian\u00e7as, e a Unidade de Vigil\u00e2ncia em Zoonoses (UVZ), com orienta\u00e7\u00f5es sobre controle de endemias.<\/p>\n\n\n\n<p id=\"viewer-enqlr\"><strong>Confira a lista completa das empresas e institui\u00e7\u00f5es participantes<\/strong><\/p>\n\n\n\n<p id=\"viewer-6ek1t\"><strong>BANCOS<\/strong>: Banco do Brasil | Banco Mercantil do Brasil S.A | Banco Semear S.A. | Bradesco | Caixa Econ\u00f4mica Federal | Ita\u00fa \/ Itaucard | Santander | Sicredi Planalto RS\/MG | Tribanco<\/p>\n\n\n\n<p id=\"viewer-7ppt4\"><strong>CR\u00c9DITO<\/strong>: Cart\u00f3rio de Protesto e CDL <strong>CONSTRU\u00c7\u00c3O CIVIL E IMOBILI\u00c1RIO<\/strong>: C&amp;A Construtora | MRV | Op\u00e7\u00e3o Empreendimentos Imobili\u00e1rios Eireli <strong>EDUCA\u00c7\u00c3O<\/strong>: Faculdade Pit\u00e1goras\/Anhanguera | Instituto Mix de Profiss\u00f5es<\/p>\n\n\n\n<p id=\"viewer-bbb63\"><strong>PED\u00c1GIO<\/strong>: Sem Parar<\/p>\n\n\n\n<p id=\"viewer-1ln45\"><strong>ACESSIBILIDADE<\/strong>: Icom Libras<\/p>\n\n\n\n<p id=\"viewer-3a621\"><strong>DIREITOS DO CONSUMIDOR<\/strong>: Procon Uberl\u00e2ndia <strong>SA\u00daDE<\/strong>: Unimed <strong>SERVI\u00c7OS P\u00daBLICOS<\/strong>: Cemig | Dmae | Secretaria de Finan\u00e7as <strong>TELEFONIA E INTERNET<\/strong>: Algar Telecom | Claro | Sky | Tim<\/p>\n\n\n\n<p id=\"viewer-2qe4i\"><strong>VAREJISTA<\/strong>: Casas Bahia\/Ponto Frio<\/p>\n\n\n\n<p id=\"viewer-52rl0\"><strong>Programe-se:<\/strong><\/p>\n\n\n\n<p id=\"viewer-fljno\"><strong>Mutir\u00e3o D\u00edvida Zero<\/strong><\/p>\n\n\n\n<p id=\"viewer-128t6\"><strong>Dias:<\/strong> 24, 25 e 26 de outubro<\/p>\n\n\n\n<p id=\"viewer-b2eog\"><strong>Hor\u00e1rio:<\/strong> Das 9h \u00e0s 18h<\/p>\n\n\n\n<p id=\"viewer-7anlb\"><strong>Local:<\/strong> Arena Sabiazinho<\/p>\n\n\n\n<p id=\"viewer-bp75m\"><a target=\"_blank\" href=\"https:\/\/dividazero.uberlandia.mg.gov.br\/requerente\" rel=\"noreferrer noopener\"><strong>Clique aqui e se cadastre!<\/strong><\/a><\/p>\n","protected":false},"excerpt":{"rendered":"<p>Quase 30 empresas e institui\u00e7\u00f5es j\u00e1 confirmaram presen\u00e7a na 2\u00aa edi\u00e7\u00e3o do Mutir\u00e3o D\u00edvida Zero, que acontece de 24 a 26 de outubro na Arena Sabiazinho (Confira a lista completa<\/p>\n","protected":false},"author":1,"featured_media":2956,"comment_status":"open","ping_status":"open","sticky":false,"template":"","format":"standard","meta":{"footnotes":""},"categories":[1],"tags":[],"class_list":["post-2955","post","type-post","status-publish","format-standard","has-post-thumbnail","hentry","category-noticias"],"_links":{"self":[{"href":"https:\/\/revistahubclub.com.br\/portal\/wp-json\/wp\/v2\/posts\/2955","targetHints":{"allow":["GET"]}}],"collection":[{"href":"https:\/\/revistahubclub.com.br\/portal\/wp-json\/wp\/v2\/posts"}],"about":[{"href":"https:\/\/revistahubclub.com.br\/portal\/wp-json\/wp\/v2\/types\/post"}],"author":[{"embeddable":true,"href":"https:\/\/revistahubclub.com.br\/portal\/wp-json\/wp\/v2\/users\/1"}],"replies":[{"embeddable":true,"href":"https:\/\/revistahubclub.com.br\/portal\/wp-json\/wp\/v2\/comments?post=2955"}],"version-history":[{"count":1,"href":"https:\/\/revistahubclub.com.br\/portal\/wp-json\/wp\/v2\/posts\/2955\/revisions"}],"predecessor-version":[{"id":2957,"href":"https:\/\/revistahubclub.com.br\/portal\/wp-json\/wp\/v2\/posts\/2955\/revisions\/2957"}],"wp:featuredmedia":[{"embeddable":true,"href":"https:\/\/revistahubclub.com.br\/portal\/wp-json\/wp\/v2\/media\/2956"}],"wp:attachment":[{"href":"https:\/\/revistahubclub.com.br\/portal\/wp-json\/wp\/v2\/media?parent=2955"}],"wp:term":[{"taxonomy":"category","embeddable":true,"href":"https:\/\/revistahubclub.com.br\/portal\/wp-json\/wp\/v2\/categories?post=2955"},{"taxonomy":"post_tag","embeddable":true,"href":"https:\/\/revistahubclub.com.br\/portal\/wp-json\/wp\/v2\/tags?post=2955"}],"curies":[{"name":"wp","href":"https:\/\/api.w.org\/{rel}","templated":true}]}}