{"id":2965,"date":"2023-10-17T10:42:00","date_gmt":"2023-10-17T13:42:00","guid":{"rendered":"https:\/\/revistahubclub.com.br\/portal\/?p=2965"},"modified":"2024-12-16T10:43:18","modified_gmt":"2024-12-16T13:43:18","slug":"comeca-campanha-de-multivacinacao-para-criancas-e-adolescentes-a-partir-de-segunda-23","status":"publish","type":"post","link":"https:\/\/revistahubclub.com.br\/portal\/2023\/10\/17\/comeca-campanha-de-multivacinacao-para-criancas-e-adolescentes-a-partir-de-segunda-23\/","title":{"rendered":"Come\u00e7a Campanha de Multivacina\u00e7\u00e3o para crian\u00e7as e adolescentes a partir de segunda (23)"},"content":{"rendered":"\n<p id=\"viewer-dqcdr\">Com o intuito de ampliar a prote\u00e7\u00e3o e garantir mais sa\u00fade \u00e0 popula\u00e7\u00e3o, a Prefeitura de Uberl\u00e2ndia inicia, na pr\u00f3xima segunda-feira (23), a Campanha de Multivacina\u00e7\u00e3o para crian\u00e7as e adolescentes. Durante a campanha, ser\u00e3o refor\u00e7adas as a\u00e7\u00f5es para a imuniza\u00e7\u00e3o contra 19 doen\u00e7as, entre elas: meningite, poliomielite, febre amarela, sarampo e HPV. O p\u00fablico-alvo s\u00e3o pessoas com idade entre 0 a menores de 15 anos. (<a target=\"_blank\" href=\"https:\/\/www.gov.br\/saude\/pt-br\/assuntos\/saude-de-a-a-z\/c\/calendario-nacional-de-vacinacao\" rel=\"noreferrer noopener\">Veja <\/a><a target=\"_blank\" href=\"https:\/\/www.gov.br\/saude\/pt-br\/assuntos\/saude-de-a-a-z\/c\/calendario-nacional-de-vacinacao\" rel=\"noreferrer noopener\"><strong>AQUI<\/strong><\/a><a target=\"_blank\" href=\"https:\/\/www.gov.br\/saude\/pt-br\/assuntos\/saude-de-a-a-z\/c\/calendario-nacional-de-vacinacao\" rel=\"noreferrer noopener\"> a lista completa das vacinas dispon\u00edveis<\/a>)<\/p>\n\n\n\n<p id=\"viewer-25t9d\">&#8220;Todos os imunizantes desta campanha j\u00e1 s\u00e3o disponibilizados normalmente nas salas de vacina do munic\u00edpio. No entanto, a cobertura vacinal est\u00e1 bem abaixo do esperado. Nosso objetivo \u00e9 fazer busca ativa das crian\u00e7as e adolescente que n\u00e3o est\u00e3o protegidas e, assim, alcan\u00e7ar um alto \u00edndice de vacina\u00e7\u00e3o. Esta \u00e9 uma oportunidade de mobiliza\u00e7\u00e3o do p\u00fablico-alvo para import\u00e2ncia de manter o cart\u00e3o de vacina em dia&#8221;, destacou a coordenadora do Programa Municipal de Imuniza\u00e7\u00e3o, Claubia Oliveira.<\/p>\n\n\n\n<p id=\"viewer-7b2fa\">No cen\u00e1rio epidemiol\u00f3gico do pa\u00eds, h\u00e1 preocupa\u00e7\u00e3o com doen\u00e7as antes consideradas controladas, como \u00e9 o caso da poliomielite (paralisia infantil). Ainda conforme a coordenadora do Programa de Imuniza\u00e7\u00e3o, a import\u00e2ncia da vacina\u00e7\u00e3o impacta diretamente em uma menor circula\u00e7\u00e3o de v\u00edrus e bact\u00e9rias.<\/p>\n\n\n\n<p id=\"viewer-6i4go\">Para intensificar os esfor\u00e7os e atingir o prop\u00f3sito da campanha, a Secretaria Municipal de Sa\u00fade promover\u00e1 a\u00e7\u00f5es de sensibiliza\u00e7\u00e3o na rede municipal de sa\u00fade e atividades de conscientiza\u00e7\u00e3o e vacina\u00e7\u00e3o nas escolas p\u00fablicas da cidade. O cronograma de a\u00e7\u00f5es est\u00e1 em fase de elabora\u00e7\u00e3o e ser\u00e1 colocado em pr\u00e1tica durante o per\u00edodo da Campanha de Multivacina\u00e7\u00e3o.<\/p>\n\n\n\n<p id=\"viewer-d216e\"><strong>Vacine<\/strong><\/p>\n\n\n\n<p id=\"viewer-a6vem\">Uberl\u00e2ndia conta com 74 salas de vacina. As salas das Unidades B\u00e1sicas de Sa\u00fade da Fam\u00edlia (UBSFs) funcionam das 7h30 \u00e0s 16h30. J\u00e1 os espa\u00e7os existentes nas Unidades B\u00e1sicas de Sa\u00fade (UBSs) t\u00eam atendimento das 7h30 \u00e0s 18h, sendo que as salas das unidades dos bairros Roosevelt, Brasil e Tocantins ficam abertas das 8h at\u00e9 as 21h. Os ambulat\u00f3rios das Unidades de Atendimento Integrado (UAIs) dos bairros Luizote, Planalto, Martins, Tibery e Pampulha tamb\u00e9m atendem das 8h \u00e0s 21h.<\/p>\n\n\n\n<p id=\"viewer-8goo1\">Neste ano, a campanha em Uberl\u00e2ndia tem t\u00e9rmino previsto para o dia 3 de novembro, inclusive, com mobiliza\u00e7\u00e3o do Dia D de multivacina\u00e7\u00e3o em 28 de outubro (s\u00e1bado). Ressalta-se que uma cobertura vacinal considerada ideal pelo Minist\u00e9rio da Sa\u00fade compreende, no m\u00ednimo, 95% do p\u00fablico-alvo de cada vacina, contudo, a m\u00e9dia de cobertura das doses que constam no calend\u00e1rio desse p\u00fablico est\u00e1 entre 60% e 75%.<\/p>\n","protected":false},"excerpt":{"rendered":"<p>Com o intuito de ampliar a prote\u00e7\u00e3o e garantir mais sa\u00fade \u00e0 popula\u00e7\u00e3o, a Prefeitura de Uberl\u00e2ndia inicia, na pr\u00f3xima segunda-feira (23), a Campanha de Multivacina\u00e7\u00e3o para crian\u00e7as e adolescentes.<\/p>\n","protected":false},"author":1,"featured_media":2966,"comment_status":"open","ping_status":"open","sticky":false,"template":"","format":"standard","meta":{"footnotes":""},"categories":[1],"tags":[],"class_list":["post-2965","post","type-post","status-publish","format-standard","has-post-thumbnail","hentry","category-noticias"],"_links":{"self":[{"href":"https:\/\/revistahubclub.com.br\/portal\/wp-json\/wp\/v2\/posts\/2965","targetHints":{"allow":["GET"]}}],"collection":[{"href":"https:\/\/revistahubclub.com.br\/portal\/wp-json\/wp\/v2\/posts"}],"about":[{"href":"https:\/\/revistahubclub.com.br\/portal\/wp-json\/wp\/v2\/types\/post"}],"author":[{"embeddable":true,"href":"https:\/\/revistahubclub.com.br\/portal\/wp-json\/wp\/v2\/users\/1"}],"replies":[{"embeddable":true,"href":"https:\/\/revistahubclub.com.br\/portal\/wp-json\/wp\/v2\/comments?post=2965"}],"version-history":[{"count":1,"href":"https:\/\/revistahubclub.com.br\/portal\/wp-json\/wp\/v2\/posts\/2965\/revisions"}],"predecessor-version":[{"id":2967,"href":"https:\/\/revistahubclub.com.br\/portal\/wp-json\/wp\/v2\/posts\/2965\/revisions\/2967"}],"wp:featuredmedia":[{"embeddable":true,"href":"https:\/\/revistahubclub.com.br\/portal\/wp-json\/wp\/v2\/media\/2966"}],"wp:attachment":[{"href":"https:\/\/revistahubclub.com.br\/portal\/wp-json\/wp\/v2\/media?parent=2965"}],"wp:term":[{"taxonomy":"category","embeddable":true,"href":"https:\/\/revistahubclub.com.br\/portal\/wp-json\/wp\/v2\/categories?post=2965"},{"taxonomy":"post_tag","embeddable":true,"href":"https:\/\/revistahubclub.com.br\/portal\/wp-json\/wp\/v2\/tags?post=2965"}],"curies":[{"name":"wp","href":"https:\/\/api.w.org\/{rel}","templated":true}]}}