{"id":2980,"date":"2023-10-17T10:44:00","date_gmt":"2023-10-17T13:44:00","guid":{"rendered":"https:\/\/revistahubclub.com.br\/portal\/?p=2980"},"modified":"2024-12-16T10:44:49","modified_gmt":"2024-12-16T13:44:49","slug":"brasal-realiza-a-sipat-2023-uma-semana-dedicada-a-conscientizacao-sobre-seguranca-no-trabalho-meio","status":"publish","type":"post","link":"https:\/\/revistahubclub.com.br\/portal\/2023\/10\/17\/brasal-realiza-a-sipat-2023-uma-semana-dedicada-a-conscientizacao-sobre-seguranca-no-trabalho-meio\/","title":{"rendered":"Brasal realiza a SIPAT 2023: uma semana dedicada \u00e0 conscientiza\u00e7\u00e3o sobre seguran\u00e7a no trabalho, meio"},"content":{"rendered":"\n<p id=\"viewer-coqee\"><br>A Brasal Incorpora\u00e7\u00f5es filial Uberl\u00e2ndia realiza de 16 a 20 de outubro, uma semana dedicada \u00e0 conscientiza\u00e7\u00e3o sobre seguran\u00e7a no trabalho, meio ambiente e sa\u00fade ocupacional com mescla de cultura.<\/p>\n\n\n\n<p id=\"viewer-b1slh\">Com o objetivo de promover o conhecimento e conscientizar os trabalhadores dos canteiros de obras e administrativos, o encontro contar\u00e1 com o apoio de parceiros como as Secretarias de Cultura, Meio Ambiente e Educa\u00e7\u00e3o da Prefeitura de Uberl\u00e2ndia, Comandos da Pol\u00edcia Militar e Corpo de Bombeiros, Departamento Municipal de \u00c1gua e Esgoto, Central de Tratamento de Res\u00edduos S\u00f3lidos e profissionais t\u00e9cnicos.<\/p>\n\n\n\n<p id=\"viewer-7l1qh\">Colaboradores dos canteiros de obra (Arven, Duo, Chess, Iris, P\u00f3s-obra e departamentos administrativos) acompanhar\u00e3o palestras e atividades como gincanas, no intuito de ampliar e reciclar o conhecimento. Na programa\u00e7\u00e3o constam temas significativos, como: respeito ao meio ambiente da constru\u00e7\u00e3o civil, que abordar\u00e1 o descarte de res\u00edduos, acidentes com causas traum\u00e1ticas e p\u00f3s-atendimento, infec\u00e7\u00f5es sexualmente transmiss\u00edveis adotada em substitui\u00e7\u00e3o da DST, acompanhamento com soros positivos (HIV); ferramentas manuais, com abordagem nos cuidados com manuseios e risco de acidentes e abuso excessivo de \u00e1lcool e drogas il\u00edcitas, e Lei Municipal, com foco na atualiza\u00e7\u00e3o legislativa do Munic\u00edpio, fiscaliza\u00e7\u00e3o dos fiscais da Prefeitura, referente ao descarte de entulho na constru\u00e7\u00e3o civil.<\/p>\n\n\n\n<p id=\"viewer-5sq5s\">Tamb\u00e9m haver\u00e1 um Simulado de Abandono de \u00c1rea, atendendo a NR23 e Instru\u00e7\u00e3o T\u00e9cnica n\u00ba 12, sendo realizado com apoio do Corpo de Bombeiros do 5\u00ba Batalh\u00e3o. O treinamento visa repassar informa\u00e7\u00f5es referentes a rota de fuga em caso de focos inc\u00eandio e sobre o atendimento em casos de primeiros socorros, como orientar os colaboradores e estabelecer crit\u00e9rios m\u00ednimos para forma\u00e7\u00e3o de Brigada de Inc\u00eandio.<\/p>\n\n\n\n<p id=\"viewer-1mcki\">Em prol da sa\u00fade do colaborador, haver\u00e1 massagens laborais dispon\u00edveis e brindes, e tamb\u00e9m daremos a oportunidade aos trabalhadores da cultura e os que atuam em \u00e1reas como artes c\u00eanicas, publicidade, editora\u00e7\u00e3o e livrarias, trazendo ao p\u00fablico no encerramento a m\u00fasica cl\u00e1ssica com apoio da Banda Municipal da Secretaria da Cultura de Uberl\u00e2ndia.<\/p>\n\n\n\n<p id=\"viewer-7emmu\">Momento cultural e encerramento<\/p>\n\n\n\n<p id=\"viewer-75ejg\">No 20 de outubro, das 7h \u00e0s 11h, ser\u00e1 um momento de celebra\u00e7\u00e3o, cultura e inspira\u00e7\u00e3o voltado para os colaboradores, que come\u00e7ar\u00e3o o dia com gin\u00e1stica laboral, \u00e0s 7h, seguida de apresenta\u00e7\u00e3o do balan\u00e7o da Sipat pelo diretor da Brasal \u2013 filial Uberl\u00e2ndia, Sebasti\u00e3o Longuinho. \u00c0s 8h haver\u00e1 apresenta\u00e7\u00e3o do grupo de teatro Traquitana e, \u00e0s 9h40, da Banda Municipal.<\/p>\n\n\n\n<p id=\"viewer-8lebc\">Em homenagem ao m\u00eas das crian\u00e7as, haver\u00e1 ainda premia\u00e7\u00f5es para os filhos dos colaboradores que participaram da atividade de desenho e sorteio de brindes aos trabalhadores.<\/p>\n\n\n\n<p id=\"viewer-5rehp\">\u201cA Semana Interna de Preven\u00e7\u00e3o de Acidentes no Trabalho \u00e9 um evento de suma import\u00e2ncia para nossa empresa, pois reflete nosso compromisso com a seguran\u00e7a, o bem-estar e o desenvolvimento de nossa equipe. Queremos que esta Sipat seja um marco em nossa jornada conjunta rumo \u00e0 excel\u00eancia. Acreditamos que a integra\u00e7\u00e3o de conhecimentos sobre seguran\u00e7a, cultura, meio ambiente e educa\u00e7\u00e3o contribuir\u00e1 para a forma\u00e7\u00e3o de colaboradores conscientes e respons\u00e1veis, multiplicando o tema. Nosso desejo \u00e9 que cada colaborador possa se sentir bem-informado e atualizado atrav\u00e9s de abordagens simples e diretas de profissionais qualificados\u201d, afirma o diretor da Brasal \u2013 filial Uberl\u00e2ndia, Sebasti\u00e3o Longuinho.<\/p>\n\n\n\n<p id=\"viewer-a5j4j\"><strong>Sobre a Brasal<\/strong><\/p>\n\n\n\n<p id=\"viewer-7fna7\">Com mais de 60 anos de hist\u00f3ria, a Brasal \u00e9 um grupo multissegmentado que atua nos mercados de incorpora\u00e7\u00e3o e constru\u00e7\u00e3o imobili\u00e1ria, produ\u00e7\u00e3o e distribui\u00e7\u00e3o de bebidas, concession\u00e1ria de ve\u00edculos, comercializa\u00e7\u00e3o de combust\u00edveis e gera\u00e7\u00e3o de energia limpa e renov\u00e1vel.<\/p>\n\n\n\n<p id=\"viewer-5tcqv\">Em 2003, a Brasal Incorpora\u00e7\u00f5es iniciou sua opera\u00e7\u00e3o no mercado de Bras\u00edlia. Carregando atributos que valorizam o lazer, a seguran\u00e7a, a tecnologia e a boa localiza\u00e7\u00e3o, com projetos que proporcionam tempo de qualidade para quem compra, vivencia ou investe em um Brasal. Chegou ao mercado de Goi\u00e2nia em 2011, quatro anos depois lan\u00e7ou seu primeiro empreendimento em Uberl\u00e2ndia.<\/p>\n\n\n\n<p id=\"viewer-1j14h\">Nos seus 20 anos de opera\u00e7\u00e3o com foco em empreendimentos residenciais, comerciais e loteamentos, conta com mais de 8.500 unidades entregues e em obra, cerca de 1,5 milh\u00e3o de metros quadrados constru\u00eddos e R$ 7,3 bilh\u00f5es em VGV (Volume Geral de Vendas) lan\u00e7ados.<\/p>\n\n\n\n<p id=\"viewer-d5aan\">Atualmente, totaliza mais de 1.500 colaboradores diretos, \u00e9 reconhecida como uma das Melhores Empresas para Trabalhar no Centro-Oeste (Great Place To Work), alcan\u00e7ando pela 5 \u00aa vez consecutiva a certifica\u00e7\u00e3o GPTW. Al\u00e9m disso, seu Sistema de Gest\u00e3o foi aprovado em uma das mais importantes e respeitadas certifica\u00e7\u00f5es de excel\u00eancia: Bureau Veritas, para norma PBQP H\/SIAC n\u00edvel A e ISO 9001, com auditorias anuais de conformidade. Cada lan\u00e7amento de produto traz consigo a caracter\u00edstica de oferecer projetos inspiradores, com tecnologia, atemporalidade e o cliente no centro do neg\u00f3cio. Todos eles feitos sob os mais exigentes crit\u00e9rios de intelig\u00eancia e excel\u00eancia construtiva, que visam processos sustent\u00e1veis no \u00e2mbito social e ambiental. A Brasal Incorpora\u00e7\u00f5es trabalha para que a satisfa\u00e7\u00e3o seja o elo entre sua marca e seus clientes, internos e externos. Porque confian\u00e7a gera resultado.<\/p>\n","protected":false},"excerpt":{"rendered":"<p>A Brasal Incorpora\u00e7\u00f5es filial Uberl\u00e2ndia realiza de 16 a 20 de outubro, uma semana dedicada \u00e0 conscientiza\u00e7\u00e3o sobre seguran\u00e7a no trabalho, meio ambiente e sa\u00fade ocupacional com mescla de cultura.<\/p>\n","protected":false},"author":1,"featured_media":2981,"comment_status":"open","ping_status":"open","sticky":false,"template":"","format":"standard","meta":{"footnotes":""},"categories":[1],"tags":[],"class_list":["post-2980","post","type-post","status-publish","format-standard","has-post-thumbnail","hentry","category-noticias"],"_links":{"self":[{"href":"https:\/\/revistahubclub.com.br\/portal\/wp-json\/wp\/v2\/posts\/2980","targetHints":{"allow":["GET"]}}],"collection":[{"href":"https:\/\/revistahubclub.com.br\/portal\/wp-json\/wp\/v2\/posts"}],"about":[{"href":"https:\/\/revistahubclub.com.br\/portal\/wp-json\/wp\/v2\/types\/post"}],"author":[{"embeddable":true,"href":"https:\/\/revistahubclub.com.br\/portal\/wp-json\/wp\/v2\/users\/1"}],"replies":[{"embeddable":true,"href":"https:\/\/revistahubclub.com.br\/portal\/wp-json\/wp\/v2\/comments?post=2980"}],"version-history":[{"count":1,"href":"https:\/\/revistahubclub.com.br\/portal\/wp-json\/wp\/v2\/posts\/2980\/revisions"}],"predecessor-version":[{"id":2982,"href":"https:\/\/revistahubclub.com.br\/portal\/wp-json\/wp\/v2\/posts\/2980\/revisions\/2982"}],"wp:featuredmedia":[{"embeddable":true,"href":"https:\/\/revistahubclub.com.br\/portal\/wp-json\/wp\/v2\/media\/2981"}],"wp:attachment":[{"href":"https:\/\/revistahubclub.com.br\/portal\/wp-json\/wp\/v2\/media?parent=2980"}],"wp:term":[{"taxonomy":"category","embeddable":true,"href":"https:\/\/revistahubclub.com.br\/portal\/wp-json\/wp\/v2\/categories?post=2980"},{"taxonomy":"post_tag","embeddable":true,"href":"https:\/\/revistahubclub.com.br\/portal\/wp-json\/wp\/v2\/tags?post=2980"}],"curies":[{"name":"wp","href":"https:\/\/api.w.org\/{rel}","templated":true}]}}