{"id":2994,"date":"2023-10-13T10:47:00","date_gmt":"2023-10-13T13:47:00","guid":{"rendered":"https:\/\/revistahubclub.com.br\/portal\/?p=2994"},"modified":"2024-12-16T10:48:14","modified_gmt":"2024-12-16T13:48:14","slug":"illycaffe-lanca-o-arabica-selection-brasile-cerrado-mineiro","status":"publish","type":"post","link":"https:\/\/revistahubclub.com.br\/portal\/2023\/10\/13\/illycaffe-lanca-o-arabica-selection-brasile-cerrado-mineiro\/","title":{"rendered":"illycaff\u00e8 lan\u00e7a o Arabica Selection Brasile Cerrado Mineiro"},"content":{"rendered":"\n<p id=\"viewer-cf87c\"><em>A edi\u00e7\u00e3o celebra a parceria de mais de 30 anos entre a empresa italiana e o caf\u00e9 brasileiro<\/em><\/p>\n\n\n\n<p id=\"viewer-5o5fu\">A illycaff\u00e8 lan\u00e7a o Arabica Selection Brasile Cerrado Mineiro, o primeiro caf\u00e9 de agricultura regenerativa e certificado regenagri\u00ae criado em conjunto com a Federa\u00e7\u00e3o dos Cafeicultores do Cerrado.<\/p>\n\n\n\n<p id=\"viewer-3ndeh\">Comprometida em mitigar os efeitos das mudan\u00e7as clim\u00e1ticas em toda a cadeia de fornecimento, come\u00e7ando pelo cultivo do caf\u00e9, a illycaff\u00e8 promove o modelo sustent\u00e1vel de agricultura regenerativa, que permite regenerar naturalmente o solo e reduzir as emiss\u00f5es de CO2. Este tipo de cultivo tamb\u00e9m contribui para a melhoria da sa\u00fade do ecossistema gra\u00e7as ao aumento da biodiversidade das esp\u00e9cies utilizadas para cobertura e din\u00e2mica do solo. Na regi\u00e3o do Cerrado Mineiro, onde a empresa trabalha lado a lado com produtores locais h\u00e1 mais de trinta anos, o caf\u00e9 que comp\u00f5e o Arabica Selection Brasile Cerrado Mineiro \u00e9 cultivado aplicando as melhores pr\u00e1ticas regenerativas certificadas pela regenagri\u00ae.<\/p>\n\n\n\n<p id=\"viewer-4gufn\">A especialidade do illy Arabica Selection Brasile Cerrado Mineiro, assim como de todos os Arabica Selection, est\u00e1 em sua origem geogr\u00e1fica. A Regi\u00e3o do Cerrado Mineiro \u00e9 reconhecida mundialmente pelo caf\u00e9 diferenciado, com identidade e alta qualidade, resultante da combina\u00e7\u00e3o perfeita entre seu microclima, solo, relevo e altitude, al\u00e9m \u00e9 claro do vasto conhecimento dos produtores da regi\u00e3o.<\/p>\n\n\n\n<p id=\"viewer-eavpf\">\u201cO Arabica Selection Brasile Cerrado Mineiro \u00e9 o resultado da rela\u00e7\u00e3o que constru\u00edmos ao longo dos anos com os produtores de caf\u00e9 e a Federa\u00e7\u00e3o dos Cafeicultores do Cerrado. Partilhamos a urg\u00eancia de encontrar uma solu\u00e7\u00e3o para os efeitos das altera\u00e7\u00f5es clim\u00e1ticas\u201d, comenta Cristina Scocchia, CEO da illycaff\u00e8. \u201cConscientes de que este desafio s\u00f3 pode ser superado com a uni\u00e3o de for\u00e7as, identificamos as melhores t\u00e9cnicas de adapta\u00e7\u00e3o, mitiga\u00e7\u00e3o e regenera\u00e7\u00e3o de ecossistemas, produzindo o primeiro caf\u00e9 100% Arabica proveniente de agricultura regenerativa certificada, com o certificado regenagri\u00ae.\u201d<\/p>\n\n\n\n<p id=\"viewer-803s6\">A redu\u00e7\u00e3o da explora\u00e7\u00e3o dos recursos naturais, a regenera\u00e7\u00e3o do solo, a preserva\u00e7\u00e3o da biodiversidade e da produtividade futura da terra s\u00e3o alguns dos resultados obtidos com a aplica\u00e7\u00e3o de pr\u00e1ticas agron\u00f4micas regenerativas selecionadas pela illycaff\u00e8. Um modelo que muda o foco da planta para o solo, propondo as melhores solu\u00e7\u00f5es naturais para nutrir, fortalecer e torn\u00e1-lo f\u00e9rtil e resistente \u00e0s amea\u00e7as externas.<\/p>\n\n\n\n<p id=\"viewer-c53ul\">\u201cA parceria com a illycaff\u00e8 representa um marco significativo na nossa miss\u00e3o de internacionalizar a marca e consolidar a Denomina\u00e7\u00e3o de Origem Regi\u00e3o do Cerrado Mineiro. Os produtores de caf\u00e9 da nossa regi\u00e3o, presentes por 55 munic\u00edpios, s\u00e3o extremamente gratos pelo reconhecimento e pela longa parceria com a illycaff\u00e8, e de levarmos agora um produto Illy com a Marca da Regi\u00e3o garantindo a Denomina\u00e7\u00e3o de Origem para dezenas de pa\u00edses no mundo\u201d, enfatiza Gl\u00e1ucio de Castro, presidente da Federa\u00e7\u00e3o dos Cafeicultores do Cerrado.<\/p>\n\n\n\n<p id=\"viewer-fcpun\">O novo Arabica Selection Brasile Cerrado Mineiro \u00e9 um caf\u00e9 especial e diferenciado, com notas de caramelo e frutas secas, e est\u00e1 dispon\u00edvel em latas de 250g nas vers\u00f5es gr\u00e3o e mo\u00eddo. Voc\u00ea pode encontr\u00e1-lo em illy.com, nos pontos de venda diretos da illy e em redes de supermercados selecionadas.<\/p>\n\n\n\n<p id=\"viewer-6hrei\"><strong>illycaff\u00e8<\/strong> \u00e9 uma empresa familiar italiana fundada em 1933, em Trieste, que tem como miss\u00e3o oferecer o melhor caf\u00e9 ao mundo. Produz um exclusivo blend 100% Ar\u00e1bica composto por 9 ingredientes diferentes. A empresa seleciona apenas 1% dos melhores gr\u00e3os de Ar\u00e1bica do mundo. Todos os dias s\u00e3o servidas 8 milh\u00f5es de x\u00edcaras de caf\u00e9 illy em mais de 140 pa\u00edses em todo o mundo, em caf\u00e9s, restaurantes e hot\u00e9is, nos caf\u00e9s e lojas de marca pr\u00f3pria, em casa e nos escrit\u00f3rios, onde a empresa est\u00e1 presente atrav\u00e9s de filiais e distribuidores. Desde a sua funda\u00e7\u00e3o, a illycaff\u00e8 tem direcionado suas estrat\u00e9gias para um modelo de neg\u00f3cio sustent\u00e1vel, compromisso que refor\u00e7ou em 2019 ao adotar o status de Benefit Company e em 2021 ao tornar-se a primeira empresa de caf\u00e9 italiana a obter a certifica\u00e7\u00e3o internacional B Corp. Desde 2013, a empresa \u00e9 tamb\u00e9m uma das Empresas Mais \u00c9ticas do Mundo. Tudo o que \u00e9 \u201cmade in illy\u201d tem a ver com beleza e arte, princ\u00edpios fundamentais da marca, desde o seu logotipo, desenhado pelo artista James Rosenquist, at\u00e9 as x\u00edcaras da illy Art Collection, decoradas por mais de 125 artistas internacionais, ou m\u00e1quinas de caf\u00e9 concebidas por designers de renome internacional. Com o objetivo de difundir a cultura de qualidade a produtores, baristas e amantes do caf\u00e9, a empresa desenvolveu a Universit\u00e0 del Caff\u00e8, que hoje realiza cursos em 25 pa\u00edses em todo o mundo. Em 2021, a Rh\u00f4ne Capital tornou-se acionista minorit\u00e1ria da illycaff\u00e8 com o objetivo de contribuir para os planos de crescimento internacional da empresa. Em 2022, a empresa contava com 1230 colaboradores e um volume de neg\u00f3cios de 567,7 milh\u00f5es de euros. A rede pr\u00f3pria da marca de caf\u00e9s illy conta com 190 pontos de venda em 34 pa\u00edses.<\/p>\n\n\n\n<p id=\"viewer-8d19q\"><strong>Federa\u00e7\u00e3o dos Cafeicultores do Cerrado<\/strong> A Regi\u00e3o do Cerrado Mineiro (RCM), ao longo das \u00faltimas cinco d\u00e9cadas, consolidou-se como um importante centro de produ\u00e7\u00e3o de caf\u00e9 de alta qualidade no Brasil, sendo a primeira Denomina\u00e7\u00e3o de Origem (DO) para caf\u00e9 no pa\u00eds, com um modelo \u00fanico de governan\u00e7a estruturado em cooperativas e associa\u00e7\u00f5es, que inspirou inclusive outras regi\u00f5es brasileiras. Seus 4.500 produtores est\u00e3o localizados em 55 munic\u00edpios, distribu\u00eddos em 250mil hectares, sendo respons\u00e1veis por 25,4% da produ\u00e7\u00e3o de caf\u00e9 em Minas Gerais e 12,7% da produ\u00e7\u00e3o total do pa\u00eds. Sua localiza\u00e7\u00e3o privilegiada, com esta\u00e7\u00f5es clim\u00e1ticas bem definidas, altitude entre 800 e 1.300 metros e solo prop\u00edcio, resulta em caf\u00e9s excepcionais, caracterizados por aroma intenso, acidez c\u00edtrica delicada e sabor adocicado com notas que v\u00e3o de caramelo a nozes, al\u00e9m de um final de longa dura\u00e7\u00e3o. Reconhecida pela sua atitude e foco em inova\u00e7\u00e3o, a RCM tem hoje presen\u00e7a de marca em todos os continentes para mais de 30 pa\u00edses e \u00e9 a Regi\u00e3o de caf\u00e9 no Brasil com a maior \u00e1rea certificada em boas pr\u00e1ticas agr\u00edcolas, incluindo a primeira fazenda certificada em agricultura regenerativa no mundo \u2013 raz\u00f5es pelas quais \u00e9 considerada one stop shop no Brasil para v\u00e1rios compradores.<\/p>\n","protected":false},"excerpt":{"rendered":"<p>A edi\u00e7\u00e3o celebra a parceria de mais de 30 anos entre a empresa italiana e o caf\u00e9 brasileiro A illycaff\u00e8 lan\u00e7a o Arabica Selection Brasile Cerrado Mineiro, o primeiro caf\u00e9<\/p>\n","protected":false},"author":1,"featured_media":2995,"comment_status":"open","ping_status":"open","sticky":false,"template":"","format":"standard","meta":{"footnotes":""},"categories":[1],"tags":[],"class_list":["post-2994","post","type-post","status-publish","format-standard","has-post-thumbnail","hentry","category-noticias"],"_links":{"self":[{"href":"https:\/\/revistahubclub.com.br\/portal\/wp-json\/wp\/v2\/posts\/2994","targetHints":{"allow":["GET"]}}],"collection":[{"href":"https:\/\/revistahubclub.com.br\/portal\/wp-json\/wp\/v2\/posts"}],"about":[{"href":"https:\/\/revistahubclub.com.br\/portal\/wp-json\/wp\/v2\/types\/post"}],"author":[{"embeddable":true,"href":"https:\/\/revistahubclub.com.br\/portal\/wp-json\/wp\/v2\/users\/1"}],"replies":[{"embeddable":true,"href":"https:\/\/revistahubclub.com.br\/portal\/wp-json\/wp\/v2\/comments?post=2994"}],"version-history":[{"count":1,"href":"https:\/\/revistahubclub.com.br\/portal\/wp-json\/wp\/v2\/posts\/2994\/revisions"}],"predecessor-version":[{"id":2996,"href":"https:\/\/revistahubclub.com.br\/portal\/wp-json\/wp\/v2\/posts\/2994\/revisions\/2996"}],"wp:featuredmedia":[{"embeddable":true,"href":"https:\/\/revistahubclub.com.br\/portal\/wp-json\/wp\/v2\/media\/2995"}],"wp:attachment":[{"href":"https:\/\/revistahubclub.com.br\/portal\/wp-json\/wp\/v2\/media?parent=2994"}],"wp:term":[{"taxonomy":"category","embeddable":true,"href":"https:\/\/revistahubclub.com.br\/portal\/wp-json\/wp\/v2\/categories?post=2994"},{"taxonomy":"post_tag","embeddable":true,"href":"https:\/\/revistahubclub.com.br\/portal\/wp-json\/wp\/v2\/tags?post=2994"}],"curies":[{"name":"wp","href":"https:\/\/api.w.org\/{rel}","templated":true}]}}