{"id":2997,"date":"2023-10-11T10:48:00","date_gmt":"2023-10-11T13:48:00","guid":{"rendered":"https:\/\/revistahubclub.com.br\/portal\/?p=2997"},"modified":"2024-12-16T10:48:48","modified_gmt":"2024-12-16T13:48:48","slug":"inscricoes-no-concurso-da-cemig-terminam-na-quarta-feira-18-10","status":"publish","type":"post","link":"https:\/\/revistahubclub.com.br\/portal\/2023\/10\/11\/inscricoes-no-concurso-da-cemig-terminam-na-quarta-feira-18-10\/","title":{"rendered":"Inscri\u00e7\u00f5es no concurso da Cemig terminam na quarta-feira (18\/10)"},"content":{"rendered":"\n<p id=\"viewer-s1dr\">Os interessados em participar do Concurso P\u00fablico da Cemig, edital 02\/2023, podem realizar a inscri\u00e7\u00e3o at\u00e9 a pr\u00f3xima quarta-feira (18\/10). O certame tem como objetivo a reposi\u00e7\u00e3o de vagas em aberto e a forma\u00e7\u00e3o de cadastro reserva para cargos de n\u00edvel m\u00e9dio, t\u00e9cnico profissionalizante e de n\u00edvel universit\u00e1rio. As inscri\u00e7\u00f5es podem ser feitas no site da <a target=\"_blank\" href=\"https:\/\/www.gestaodeconcursos.com.br\/site\/site\/DetalheConcurso.aspx?CodigoConcurso=1528\" rel=\"noreferrer noopener\">Funda\u00e7\u00e3o de Apoio da UFMG \u2013 Fundep<\/a>.<\/p>\n\n\n\n<p id=\"viewer-9qmv8\"><em>Cemig \/ Divulga\u00e7\u00e3o<\/em><\/p>\n\n\n\n<p id=\"viewer-ed75\">O regime jur\u00eddico para a contrata\u00e7\u00e3o ser\u00e1 o da Consolida\u00e7\u00e3o das Leis do Trabalho (CLT). Os requisitos exigidos variam de acordo com as especifica\u00e7\u00f5es de cada vaga e constam no <a target=\"_blank\" href=\"https:\/\/www.gestaodeconcursos.com.br\/site\/common\/BaixarArquivo.aspx?guid=89e5a265-086e-4245-8ce2-98e7b9cf306b\" rel=\"noreferrer noopener\">Anexo A do Edital<\/a>.<\/p>\n\n\n\n<p id=\"viewer-c8coo\">Como benef\u00edcios, a Cemig oferece planos de sa\u00fade e odontol\u00f3gico, previd\u00eancia privada, seguro de vida em grupo e vale-alimenta\u00e7\u00e3o ou refei\u00e7\u00e3o, estando todos sob regime de coparticipa\u00e7\u00e3o e nos termos da legisla\u00e7\u00e3o pertinente, normas da companhia e Acordo Coletivo de Trabalho (ACT) vigente.<\/p>\n\n\n\n<p id=\"viewer-ehore\">As etapas do concurso, bem como as disciplinas, o n\u00famero e valor das quest\u00f5es da prova objetiva est\u00e3o definidos no <a target=\"_blank\" href=\"https:\/\/www.gestaodeconcursos.com.br\/site\/common\/BaixarArquivo.aspx?guid=c85d1758-888c-4a53-9bd8-6e0d44c00c09\" rel=\"noreferrer noopener\">Anexo B do Edital<\/a>. As quest\u00f5es ir\u00e3o abordar temas relativos aos programas e as refer\u00eancias bibliogr\u00e1ficas sugeridas conforme <a target=\"_blank\" href=\"https:\/\/www.gestaodeconcursos.com.br\/site\/common\/BaixarArquivo.aspx?guid=2bd582ff-91a6-42f8-993c-8e0d3db36068\" rel=\"noreferrer noopener\">Anexo D do Edital<\/a>.<\/p>\n\n\n\n<p id=\"viewer-em4o9\">As provas est\u00e3o previstas para serem aplicadas no dia 19\/11 nas cidades de Belo Horizonte, Divin\u00f3polis, Governador Valadares, Juiz de Fora, Montes Claros, Paracatu, Te\u00f3filo Otoni, Uberl\u00e2ndia e Varginha, conforme escolha de cidade do candidato no ato da inscri\u00e7\u00e3o.<\/p>\n\n\n\n<p id=\"viewer-127cq\"><strong>Remunera\u00e7\u00e3o e condi\u00e7\u00f5es para admiss\u00e3o<\/strong><\/p>\n\n\n\n<p id=\"viewer-ab272\">Para este concurso, as vagas contemplam sal\u00e1rios a partir de R$ 2.544,62. Para consultar as remunera\u00e7\u00f5es de cada cargo, bem como o n\u00famero de vagas, basta verificar as informa\u00e7\u00f5es que constam no <a target=\"_blank\" href=\"https:\/\/www.gestaodeconcursos.com.br\/site\/common\/BaixarArquivo.aspx?guid=89e5a265-086e-4245-8ce2-98e7b9cf306b\" rel=\"noreferrer noopener\">Anexo A do Edital<\/a>.<\/p>\n\n\n\n<p id=\"viewer-d7ohg\"><strong>As condi\u00e7\u00f5es para admiss\u00e3o s\u00e3o:<\/strong><\/p>\n\n\n\n<ul class=\"wp-block-list\">\n<li>Ter idade m\u00ednima de 18 anos comprovados at\u00e9 a data da admiss\u00e3o;<\/li>\n\n\n\n<li>Os candidatos do sexo masculino dever\u00e3o apresentar certificado de reservista ou de dispensa de incorpora\u00e7\u00e3o;<\/li>\n\n\n\n<li>Encontrar-se no pleno exerc\u00edcio dos direitos civis e pol\u00edticos;<\/li>\n\n\n\n<li>Estar em dia com as obriga\u00e7\u00f5es eleitorais;<\/li>\n\n\n\n<li>Ser brasileiro nato ou naturalizado e, em caso de nacionalidade portuguesa, estar amparado pela reciprocidade de direitos advinda da legisla\u00e7\u00e3o espec\u00edfica;<\/li>\n\n\n\n<li>Possuir os requisitos exigidos para o c\u00f3digo de vaga pretendido;<\/li>\n\n\n\n<li>Ter sido aprovado no concurso e ter sido considerado apto na Avalia\u00e7\u00e3o Pr\u00e9-Admissional de Sa\u00fade, realizada por profissionais da Cemig ou por ela indicados;<\/li>\n\n\n\n<li>N\u00e3o receber proventos ou remunera\u00e7\u00e3o de cargo, emprego ou fun\u00e7\u00e3o p\u00fablica, ressalvados os cargos acumul\u00e1veis previstos na Constitui\u00e7\u00e3o Federal;<\/li>\n\n\n\n<li>Cumprir as determina\u00e7\u00f5es previstas no Edital.<\/li>\n<\/ul>\n\n\n\n<p id=\"viewer-1mj7v\">O candidato aprovado que, na data de admiss\u00e3o, n\u00e3o reunir ou n\u00e3o comprovar os requisitos estabelecidos no Edital e em seus anexos perder\u00e1 o direito \u00e0 investidura no cargo.<\/p>\n","protected":false},"excerpt":{"rendered":"<p>Os interessados em participar do Concurso P\u00fablico da Cemig, edital 02\/2023, podem realizar a inscri\u00e7\u00e3o at\u00e9 a pr\u00f3xima quarta-feira (18\/10). O certame tem como objetivo a reposi\u00e7\u00e3o de vagas em<\/p>\n","protected":false},"author":1,"featured_media":2998,"comment_status":"open","ping_status":"open","sticky":false,"template":"","format":"standard","meta":{"footnotes":""},"categories":[1],"tags":[],"class_list":["post-2997","post","type-post","status-publish","format-standard","has-post-thumbnail","hentry","category-noticias"],"_links":{"self":[{"href":"https:\/\/revistahubclub.com.br\/portal\/wp-json\/wp\/v2\/posts\/2997","targetHints":{"allow":["GET"]}}],"collection":[{"href":"https:\/\/revistahubclub.com.br\/portal\/wp-json\/wp\/v2\/posts"}],"about":[{"href":"https:\/\/revistahubclub.com.br\/portal\/wp-json\/wp\/v2\/types\/post"}],"author":[{"embeddable":true,"href":"https:\/\/revistahubclub.com.br\/portal\/wp-json\/wp\/v2\/users\/1"}],"replies":[{"embeddable":true,"href":"https:\/\/revistahubclub.com.br\/portal\/wp-json\/wp\/v2\/comments?post=2997"}],"version-history":[{"count":1,"href":"https:\/\/revistahubclub.com.br\/portal\/wp-json\/wp\/v2\/posts\/2997\/revisions"}],"predecessor-version":[{"id":2999,"href":"https:\/\/revistahubclub.com.br\/portal\/wp-json\/wp\/v2\/posts\/2997\/revisions\/2999"}],"wp:featuredmedia":[{"embeddable":true,"href":"https:\/\/revistahubclub.com.br\/portal\/wp-json\/wp\/v2\/media\/2998"}],"wp:attachment":[{"href":"https:\/\/revistahubclub.com.br\/portal\/wp-json\/wp\/v2\/media?parent=2997"}],"wp:term":[{"taxonomy":"category","embeddable":true,"href":"https:\/\/revistahubclub.com.br\/portal\/wp-json\/wp\/v2\/categories?post=2997"},{"taxonomy":"post_tag","embeddable":true,"href":"https:\/\/revistahubclub.com.br\/portal\/wp-json\/wp\/v2\/tags?post=2997"}],"curies":[{"name":"wp","href":"https:\/\/api.w.org\/{rel}","templated":true}]}}