{"id":3009,"date":"2023-10-11T10:51:00","date_gmt":"2023-10-11T13:51:00","guid":{"rendered":"https:\/\/revistahubclub.com.br\/portal\/?p=3009"},"modified":"2024-12-16T10:51:39","modified_gmt":"2024-12-16T13:51:39","slug":"abertura-do-comercio-no-feriado-de-12-de-outubro-e-facultativo","status":"publish","type":"post","link":"https:\/\/revistahubclub.com.br\/portal\/2023\/10\/11\/abertura-do-comercio-no-feriado-de-12-de-outubro-e-facultativo\/","title":{"rendered":"Abertura do com\u00e9rcio no feriado de 12 de outubro \u00e9 facultativo"},"content":{"rendered":"\n<p id=\"viewer-29oot\">A CDL de Uberl\u00e2ndia informa que \u00e9 facultado \u00e0s empresas do Com\u00e9rcio Varejista de G\u00eaneros Aliment\u00edcios e Afins \u2013 Supermercados, Mercearias, Sacol\u00f5es e Similares \u2013 o trabalho em dias de feriados.<\/p>\n\n\n\n<p id=\"viewer-8b3qk\">Para o ramo de Lojistas do Com\u00e9rcio, faculta-se \u00e0s empresas do com\u00e9rcio varejista de bens e servi\u00e7os o trabalho no feriado de 12 de outubro (Dia de Nossa Senhora Aparecida, padroeira do Brasil), limitando o funcionamento dos estabelecimentos das 9 horas \u00e0s 18 horas. Na data mencionada, as horas efetivamente trabalhadas ser\u00e3o pagas como dobra, conforme previsto em lei, sendo vedada a compensa\u00e7\u00e3o das mesmas.<\/p>\n","protected":false},"excerpt":{"rendered":"<p>A CDL de Uberl\u00e2ndia informa que \u00e9 facultado \u00e0s empresas do Com\u00e9rcio Varejista de G\u00eaneros Aliment\u00edcios e Afins \u2013 Supermercados, Mercearias, Sacol\u00f5es e Similares \u2013 o trabalho em dias de<\/p>\n","protected":false},"author":1,"featured_media":3010,"comment_status":"open","ping_status":"open","sticky":false,"template":"","format":"standard","meta":{"footnotes":""},"categories":[1],"tags":[],"class_list":["post-3009","post","type-post","status-publish","format-standard","has-post-thumbnail","hentry","category-noticias"],"_links":{"self":[{"href":"https:\/\/revistahubclub.com.br\/portal\/wp-json\/wp\/v2\/posts\/3009","targetHints":{"allow":["GET"]}}],"collection":[{"href":"https:\/\/revistahubclub.com.br\/portal\/wp-json\/wp\/v2\/posts"}],"about":[{"href":"https:\/\/revistahubclub.com.br\/portal\/wp-json\/wp\/v2\/types\/post"}],"author":[{"embeddable":true,"href":"https:\/\/revistahubclub.com.br\/portal\/wp-json\/wp\/v2\/users\/1"}],"replies":[{"embeddable":true,"href":"https:\/\/revistahubclub.com.br\/portal\/wp-json\/wp\/v2\/comments?post=3009"}],"version-history":[{"count":1,"href":"https:\/\/revistahubclub.com.br\/portal\/wp-json\/wp\/v2\/posts\/3009\/revisions"}],"predecessor-version":[{"id":3011,"href":"https:\/\/revistahubclub.com.br\/portal\/wp-json\/wp\/v2\/posts\/3009\/revisions\/3011"}],"wp:featuredmedia":[{"embeddable":true,"href":"https:\/\/revistahubclub.com.br\/portal\/wp-json\/wp\/v2\/media\/3010"}],"wp:attachment":[{"href":"https:\/\/revistahubclub.com.br\/portal\/wp-json\/wp\/v2\/media?parent=3009"}],"wp:term":[{"taxonomy":"category","embeddable":true,"href":"https:\/\/revistahubclub.com.br\/portal\/wp-json\/wp\/v2\/categories?post=3009"},{"taxonomy":"post_tag","embeddable":true,"href":"https:\/\/revistahubclub.com.br\/portal\/wp-json\/wp\/v2\/tags?post=3009"}],"curies":[{"name":"wp","href":"https:\/\/api.w.org\/{rel}","templated":true}]}}