{"id":301,"date":"2024-10-30T14:46:45","date_gmt":"2024-10-30T17:46:45","guid":{"rendered":"https:\/\/revistahubclub.com.br\/portal\/?p=301"},"modified":"2024-12-11T14:47:24","modified_gmt":"2024-12-11T17:47:24","slug":"feira-de-oportunidades-recebe-tony-ventura-para-revelar-as-inovacoes-que-vao-redefinir-o-futuro-do-varejo","status":"publish","type":"post","link":"https:\/\/revistahubclub.com.br\/portal\/2024\/10\/30\/feira-de-oportunidades-recebe-tony-ventura-para-revelar-as-inovacoes-que-vao-redefinir-o-futuro-do-varejo\/","title":{"rendered":"Feira de Oportunidades recebe Tony Ventura para revelar as inova\u00e7\u00f5es que v\u00e3o redefinir o futuro do varejo"},"content":{"rendered":"\n<p id=\"viewer-gxbbx1431\"><em>O evento \u00e9 gratuito e as inscri\u00e7\u00f5es est\u00e3o abertas <\/em><a target=\"_blank\" href=\"http:\/\/www.loja.cdludi.org.br\/\" rel=\"noreferrer noopener\"><em><u>www.loja.cdludi.org.br<\/u><\/em><\/a><\/p>\n\n\n\n<p id=\"viewer-w5cnx1377\">No pr\u00f3ximo dia 21 de novembro, a CDL Uberl\u00e2ndia e o Sebrae promovem a Feira de Oportunidades, um evento que promete aproximar empres\u00e1rios e profissionais do varejo. Com o tema \u201cO Futuro do Varejo com as Novas Tecnologias\u201d, a programa\u00e7\u00e3o, que se inicia \u00e0s 17h, come\u00e7ar\u00e1 com uma feira com diversos expositores. O destaque da noite ser\u00e1 a palestra de Tony Ventura, reconhecido internacionalmente como especialista e pesquisador de novas tecnologias, e considerado um dos cinco melhores palestrantes do assunto no mundo. Ventura subir\u00e1 ao palco \u00e0s 19h para abordar as principais tend\u00eancias tecnol\u00f3gicas no setor varejista.&nbsp;<\/p>\n\n\n\n<p id=\"viewer-64j4j1281\">Tony Ventura \u00e9 uma refer\u00eancia global em tecnologias emergentes, dedicando-se \u00e0 busca de ferramentas que aceleram a transforma\u00e7\u00e3o digital em empresas de diversos setores. Criador do curso de Transforma\u00e7\u00e3o Digital para o Minist\u00e9rio da Economia do Brasil, Ventura possui vasta experi\u00eancia, al\u00e9m de um mestrado em neg\u00f3cios sustent\u00e1veis nos Estados Unidos. Tamb\u00e9m \u00e9 o fundador da maior comunidade de ferramentas tecnol\u00f3gicas do mundo, o que o torna um dos maiores especialistas em growth hacking e inova\u00e7\u00e3o digital.&nbsp;<\/p>\n\n\n\n<p id=\"viewer-b07cd1283\">\u201cA Feira de Oportunidades reflete o compromisso da CDL com o fortalecimento do com\u00e9rcio local, ao proporcionar um ambiente de aprendizado e inova\u00e7\u00e3o. Nossa proposta \u00e9 conectar empreendedores e gestores com novas tecnologias e tend\u00eancias que est\u00e3o evoluindo o mercado global, oferecendo as ferramentas poss\u00edveis para que se adaptem com sucesso \u00e0s exig\u00eancias do futuro\u201d, disse L\u00e9cia Queiroz, superintendente da CDL.&nbsp;<\/p>\n\n\n\n<p id=\"viewer-zv2h21285\">Para participar, os interessados devem se inscrever pelo <a target=\"_blank\" href=\"http:\/\/loja.cdludi.org.br\/\" rel=\"noreferrer noopener\">loja.cdludi.org.br<\/a>&nbsp;e levar no dia 1kg de alimento n\u00e3o perec\u00edvel, que ser\u00e1 destinado a institui\u00e7\u00f5es sociais apoiadas pela CDL. O evento \u00e9 realizado pela CDL Uberl\u00e2ndia e Sebrae, com o apoio da Uberhub e patroc\u00ednio das empresas Autus, Claro, Costa Moraes, Uberl\u00e2ndia Refrescos, Caf\u00e9 Cajub\u00e1, Maiore Consultoria Multi Imobili\u00e1ria, OBDC Contabilidade, Sicoob Aracoop, UP Tanto e Zapi Impermeabilizantes.<\/p>\n\n\n\n<p id=\"viewer-hio7x1289\">Servi\u00e7o&nbsp;<\/p>\n\n\n\n<p id=\"viewer-fhtvj1291\">Feira de Oportunidades: O Futuro do Varejo com as Novas Tecnologias&nbsp;<\/p>\n\n\n\n<p id=\"viewer-7548f1293\">Data: 21 de novembro de 2024<\/p>\n\n\n\n<p id=\"viewer-byhxp1295\">Hor\u00e1rio: a partir das 17h (Feira de Expositores) \/ 19h (Palestra de Tony Ventura)&nbsp;<\/p>\n\n\n\n<p id=\"viewer-keyl41297\">Local: CDL Conven\u00e7\u00f5es e Eventos&nbsp;<\/p>\n\n\n\n<p id=\"viewer-3s8r61299\">Entrada: 1kg de alimento n\u00e3o perec\u00edvel&nbsp;<\/p>\n\n\n\n<p id=\"viewer-c63h21301\">Inscri\u00e7\u00f5es: <a target=\"_blank\" href=\"https:\/\/loja.cdludi.org.br\/\" rel=\"noreferrer noopener\">https:\/\/loja.cdludi.org.br\/<\/a><\/p>\n","protected":false},"excerpt":{"rendered":"<p>O evento \u00e9 gratuito e as inscri\u00e7\u00f5es est\u00e3o abertas www.loja.cdludi.org.br No pr\u00f3ximo dia 21 de novembro, a CDL Uberl\u00e2ndia e o Sebrae promovem a Feira de Oportunidades, um evento que<\/p>\n","protected":false},"author":1,"featured_media":302,"comment_status":"open","ping_status":"open","sticky":false,"template":"","format":"standard","meta":{"footnotes":""},"categories":[1],"tags":[],"class_list":["post-301","post","type-post","status-publish","format-standard","has-post-thumbnail","hentry","category-noticias"],"_links":{"self":[{"href":"https:\/\/revistahubclub.com.br\/portal\/wp-json\/wp\/v2\/posts\/301","targetHints":{"allow":["GET"]}}],"collection":[{"href":"https:\/\/revistahubclub.com.br\/portal\/wp-json\/wp\/v2\/posts"}],"about":[{"href":"https:\/\/revistahubclub.com.br\/portal\/wp-json\/wp\/v2\/types\/post"}],"author":[{"embeddable":true,"href":"https:\/\/revistahubclub.com.br\/portal\/wp-json\/wp\/v2\/users\/1"}],"replies":[{"embeddable":true,"href":"https:\/\/revistahubclub.com.br\/portal\/wp-json\/wp\/v2\/comments?post=301"}],"version-history":[{"count":1,"href":"https:\/\/revistahubclub.com.br\/portal\/wp-json\/wp\/v2\/posts\/301\/revisions"}],"predecessor-version":[{"id":303,"href":"https:\/\/revistahubclub.com.br\/portal\/wp-json\/wp\/v2\/posts\/301\/revisions\/303"}],"wp:featuredmedia":[{"embeddable":true,"href":"https:\/\/revistahubclub.com.br\/portal\/wp-json\/wp\/v2\/media\/302"}],"wp:attachment":[{"href":"https:\/\/revistahubclub.com.br\/portal\/wp-json\/wp\/v2\/media?parent=301"}],"wp:term":[{"taxonomy":"category","embeddable":true,"href":"https:\/\/revistahubclub.com.br\/portal\/wp-json\/wp\/v2\/categories?post=301"},{"taxonomy":"post_tag","embeddable":true,"href":"https:\/\/revistahubclub.com.br\/portal\/wp-json\/wp\/v2\/tags?post=301"}],"curies":[{"name":"wp","href":"https:\/\/api.w.org\/{rel}","templated":true}]}}