{"id":3028,"date":"2023-10-09T11:05:00","date_gmt":"2023-10-09T14:05:00","guid":{"rendered":"https:\/\/revistahubclub.com.br\/portal\/?p=3028"},"modified":"2024-12-16T11:05:35","modified_gmt":"2024-12-16T14:05:35","slug":"193-dos-vendedores-locais-ainda-nao-utilizam-kpis-de-vendas-segundo-levantamento-da-cdl-uberlandi","status":"publish","type":"post","link":"https:\/\/revistahubclub.com.br\/portal\/2023\/10\/09\/193-dos-vendedores-locais-ainda-nao-utilizam-kpis-de-vendas-segundo-levantamento-da-cdl-uberlandi\/","title":{"rendered":"19,3% dos vendedores locais ainda n\u00e3o utilizam KPIs de vendas, segundo levantamento da CDL Uberl\u00e2ndi"},"content":{"rendered":"\n<p id=\"viewer-406hp\">A CDL Uberl\u00e2ndia realizou no m\u00eas de setembro um levantamento local com o objetivo de mapear o perfil das equipes comerciais de nossa cidade.<\/p>\n\n\n\n<p id=\"viewer-4p3ff\">70,2% dos entrevistados atuam na comercializa\u00e7\u00e3o de produtos ou servi\u00e7os para o consumidor final (B2C), enquanto 29,8% atendem outras empresas (B2B).<\/p>\n\n\n\n<p id=\"viewer-c99t5\">Sobre a utiliza\u00e7\u00e3o de indicadores de performance, 33,3% dos entrevistados afirmaram utilizar a taxa de positiva\u00e7\u00e3o e convers\u00e3o de vendas como base de an\u00e1lise. J\u00e1 19,4% focam a aten\u00e7\u00e3o no faturamento e 17,5% analisam o ticket m\u00e9dio, que \u00e9 valor m\u00e9dio de vendas por cliente.<\/p>\n\n\n\n<p id=\"viewer-6tm9d\">Ainda segundo a sondagem, 19,3% dos vendedores n\u00e3o utilizam KPIs de vendas, um n\u00famero significativamente alto de profissionais que n\u00e3o sabem avaliar o seu desempenho e, consequentemente, identificar quais estrat\u00e9gias est\u00e3o dando certo e quais devem ser repensadas.<\/p>\n\n\n\n<p id=\"viewer-9m3ca\">Com rela\u00e7\u00e3o ao n\u00edvel de conhecimento acerca dos produtos ou servi\u00e7os comercializados, 66% afirmaram conhecer com profundidade o portf\u00f3lio do neg\u00f3cio; 28% conhecem razoavelmente e 5,3% confessaram conhecer pouco sobre o que vendem. Mesmo assim, <strong>94,7% dos vendedores acreditam na solu\u00e7\u00e3o que vendem.<\/strong><\/p>\n\n\n\n<p id=\"viewer-fimo0\">Questionados sobre a quantidade de negativas que recebem diariamente de prospects e clientes, 54,4% <em>\u201cs\u00e3o recusados\u201d<\/em> de 1 a 3 vezes e 28,1%, de 4 at\u00e9 8 vezes.<\/p>\n\n\n\n<p id=\"viewer-6u7qa\">Ainda de acordo com esses profissionais, <strong>os fatores que mais impactam negativamente a produtividade est\u00e3o relacionados \u00e0s habilidades comportamentais (57,9%), <\/strong>que precisam ser desenvolvidas, como: gest\u00e3o de tempo, olhar sobre metas, planejamento e vis\u00e3o estrat\u00e9gica. Os demais respondentes (42,1%) citaram fatores externos como a concorr\u00eancia, a aus\u00eancia de produtos e o momento atual da economia.<\/p>\n\n\n\n<p id=\"viewer-e9gua\">Quando indagados sobre a busca por qualifica\u00e7\u00e3o profissional nos \u00faltimos 12 meses, 33,3% citaram cursos online de vendas; 22,8% participaram de pelo menos 1 palestra presencial de vendas e 28,1% investiram em outros cursos ou treinamentos preparat\u00f3rios.<\/p>\n\n\n\n<p id=\"viewer-freuc\"><strong>A falta de planejamento estrat\u00e9gico e de compet\u00eancias comportamentais s\u00e3o as principais vil\u00e3s do processo de vendas.<\/strong><\/p>\n\n\n\n<p id=\"viewer-ck1ej\">Uma an\u00e1lise b\u00e1sica desse cen\u00e1rio revela que os principais desafios podem ser supridos com desenvolvimento profissional e pessoal.<\/p>\n\n\n\n<p id=\"viewer-dpsm7\">Com a miss\u00e3o de melhorar a performance dos vendedores e aquecer o varejo local, a CDL promove o <a target=\"_blank\" href=\"https:\/\/www.congressodevendascdludi.org\/\" rel=\"noreferrer noopener\"><strong>CONGRESSO DE VENDAS 2023 <\/strong><\/a>no dia 25 de outubro, a partir das 13h, no audit\u00f3rio CDL Conven\u00e7\u00f5es.<\/p>\n\n\n\n<p id=\"viewer-42qgi\">Entre as presen\u00e7as confirmadas, est\u00e1 o estrategista de vendas e prospec\u00e7\u00e3o Marcelo Baratella, autor do renomado Best-seller \u201cGPS das Vendas\u201d, professor especialista na Funda\u00e7\u00e3o Dom Cabral, dos MBAs USP e PUC e criador da metodologia M.A.R.C.A, que ser\u00e1 amplamente abordada durante o evento.<\/p>\n\n\n\n<p id=\"viewer-a4ihu\">Outro nome muito aguardado pelos participantes \u00e9 o empreendedor M\u00e1rcio M\u00e2ncio, que al\u00e9m de conceitos pr\u00e1ticos sobre vendas, apresentar\u00e1 a famosa metodologia R.P.M, uma t\u00e9cnica pr\u00f3pria, capaz de transformar a forma de lidar com a equipe comercial e com o mercado.<\/p>\n\n\n\n<p id=\"viewer-90mt8\">Para completar o time de convidados, o especialista em desenvolvimento de lideran\u00e7as, vendas e disciplina, Leonardo Guilherme, compartilha sua vasta experi\u00eancia em negocia\u00e7\u00f5es diretas, lideran\u00e7a inovadora e desenvolvimento humano.<\/p>\n\n\n\n<p id=\"viewer-fpbs7\">Al\u00e9m das palestras, os participantes poder\u00e3o aprender mais com grandes cases de sucesso. O Painel Empreendedor receber\u00e1 Ale Artola, Diretor de Vendas e Treinamento do Cons\u00f3rcio Primo Rossi, Leandro Sales, Head Regional do Banco Santander e Wender Jefson do Amaral, diretor nacional de canais e vendas digitais da Algar Telecom, para debater as oportunidades e os desafios em canais de vendas.<\/p>\n\n\n\n<p id=\"viewer-8ps4r\">Ao final do evento, os inscritos poder\u00e3o interagir entre si e com as empresas expositoras e em um Happy Hour open bar e open food ao som do cantor Douglas Alessi.<\/p>\n\n\n\n<p id=\"viewer-b9v39\">Os interessados em participar do Congresso de Vendas podem acessar o site: <a target=\"_blank\" href=\"https:\/\/www.congressodevendascdludi.org\/\" rel=\"noreferrer noopener\"><strong>congressodevendascdludi.org.<\/strong><\/a><\/p>\n","protected":false},"excerpt":{"rendered":"<p>A CDL Uberl\u00e2ndia realizou no m\u00eas de setembro um levantamento local com o objetivo de mapear o perfil das equipes comerciais de nossa cidade. 70,2% dos entrevistados atuam na comercializa\u00e7\u00e3o<\/p>\n","protected":false},"author":1,"featured_media":3029,"comment_status":"open","ping_status":"open","sticky":false,"template":"","format":"standard","meta":{"footnotes":""},"categories":[1],"tags":[],"class_list":["post-3028","post","type-post","status-publish","format-standard","has-post-thumbnail","hentry","category-noticias"],"_links":{"self":[{"href":"https:\/\/revistahubclub.com.br\/portal\/wp-json\/wp\/v2\/posts\/3028","targetHints":{"allow":["GET"]}}],"collection":[{"href":"https:\/\/revistahubclub.com.br\/portal\/wp-json\/wp\/v2\/posts"}],"about":[{"href":"https:\/\/revistahubclub.com.br\/portal\/wp-json\/wp\/v2\/types\/post"}],"author":[{"embeddable":true,"href":"https:\/\/revistahubclub.com.br\/portal\/wp-json\/wp\/v2\/users\/1"}],"replies":[{"embeddable":true,"href":"https:\/\/revistahubclub.com.br\/portal\/wp-json\/wp\/v2\/comments?post=3028"}],"version-history":[{"count":1,"href":"https:\/\/revistahubclub.com.br\/portal\/wp-json\/wp\/v2\/posts\/3028\/revisions"}],"predecessor-version":[{"id":3030,"href":"https:\/\/revistahubclub.com.br\/portal\/wp-json\/wp\/v2\/posts\/3028\/revisions\/3030"}],"wp:featuredmedia":[{"embeddable":true,"href":"https:\/\/revistahubclub.com.br\/portal\/wp-json\/wp\/v2\/media\/3029"}],"wp:attachment":[{"href":"https:\/\/revistahubclub.com.br\/portal\/wp-json\/wp\/v2\/media?parent=3028"}],"wp:term":[{"taxonomy":"category","embeddable":true,"href":"https:\/\/revistahubclub.com.br\/portal\/wp-json\/wp\/v2\/categories?post=3028"},{"taxonomy":"post_tag","embeddable":true,"href":"https:\/\/revistahubclub.com.br\/portal\/wp-json\/wp\/v2\/tags?post=3028"}],"curies":[{"name":"wp","href":"https:\/\/api.w.org\/{rel}","templated":true}]}}