{"id":3031,"date":"2023-10-06T11:05:00","date_gmt":"2023-10-06T14:05:00","guid":{"rendered":"https:\/\/revistahubclub.com.br\/portal\/?p=3031"},"modified":"2024-12-16T11:06:12","modified_gmt":"2024-12-16T14:06:12","slug":"campanha-do-agasalho-2023-conta-com-mais-de-10-pontos-de-arrecadacao","status":"publish","type":"post","link":"https:\/\/revistahubclub.com.br\/portal\/2023\/10\/06\/campanha-do-agasalho-2023-conta-com-mais-de-10-pontos-de-arrecadacao\/","title":{"rendered":"Campanha do Agasalho 2023 conta com mais de 10 pontos de arrecada\u00e7\u00e3o"},"content":{"rendered":"\n<p id=\"viewer-3038j\">A Campanha do Agasalho 2023 est\u00e1 em andamento e j\u00e1 disp\u00f5e de mais de dez pontos de arrecada\u00e7\u00e3o de roupas e cobertores. Promovida pela Prefeitura de Uberl\u00e2ndia, em parceria com a emissora Band Tri\u00e2ngulo, a iniciativa busca contribuir com a distribui\u00e7\u00e3o de itens que ajudam a popula\u00e7\u00e3o em situa\u00e7\u00e3o de vulnerabilidade social a se proteger em per\u00edodo de temperaturas mais baixas.<\/p>\n\n\n\n<p id=\"viewer-6iu6l\">Todos os itens arrecadados at\u00e9 o dia 18 de junho ser\u00e3o encaminhados \u00e0s fam\u00edlias cadastradas na Diretoria de Benef\u00edcios Socioassistenciais, por meio da Secretaria Municipal de Desenvolvimento Social. Nesta 10\u00aa edi\u00e7\u00e3o, a campanha conta com os seguintes pontos de arrecada\u00e7\u00e3o:<\/p>\n\n\n\n<p id=\"viewer-3r8pq\">\u00b7 <strong>Centro Administrativo Municipal:<\/strong> av. Anselmo Alves dos Santos, 600, bairro Santa M\u00f4nica (recep\u00e7\u00e3o do gabinete do prefeito, no piso 1 do bloco 1);<\/p>\n\n\n\n<p id=\"viewer-amd0v\">\u00b7 <strong>Band Tri\u00e2ngulo:<\/strong> av. Rondon Pacheco, 3.159, bairro L\u00eddice;<\/p>\n\n\n\n<p id=\"viewer-2n09r\">\u00b7 <strong>Terminal Central:<\/strong> av. Jo\u00e3o Pinheiro, Centro;<\/p>\n\n\n\n<p id=\"viewer-rbrp\">\u00b7 <strong>Uniube:<\/strong> av. Afonso Pena, 1.177, Centro;<\/p>\n\n\n\n<p id=\"viewer-bpt7b\">\u00b7 <strong>Politriz:<\/strong> rua Nivaldo Guerreiro Nunes, 240, Distrito Industrial;<\/p>\n\n\n\n<p id=\"viewer-3hdcr\">\u00b7 <strong>Rede Bretas de Supermercados<\/strong>: em todas as unidades.<\/p>\n\n\n\n<p id=\"viewer-1oa3s\"><strong><em>Prefeitura de Uberl\u00e2ndia<\/em><\/strong><\/p>\n","protected":false},"excerpt":{"rendered":"<p>A Campanha do Agasalho 2023 est\u00e1 em andamento e j\u00e1 disp\u00f5e de mais de dez pontos de arrecada\u00e7\u00e3o de roupas e cobertores. Promovida pela Prefeitura de Uberl\u00e2ndia, em parceria com<\/p>\n","protected":false},"author":1,"featured_media":3032,"comment_status":"open","ping_status":"open","sticky":false,"template":"","format":"standard","meta":{"footnotes":""},"categories":[1],"tags":[],"class_list":["post-3031","post","type-post","status-publish","format-standard","has-post-thumbnail","hentry","category-noticias"],"_links":{"self":[{"href":"https:\/\/revistahubclub.com.br\/portal\/wp-json\/wp\/v2\/posts\/3031","targetHints":{"allow":["GET"]}}],"collection":[{"href":"https:\/\/revistahubclub.com.br\/portal\/wp-json\/wp\/v2\/posts"}],"about":[{"href":"https:\/\/revistahubclub.com.br\/portal\/wp-json\/wp\/v2\/types\/post"}],"author":[{"embeddable":true,"href":"https:\/\/revistahubclub.com.br\/portal\/wp-json\/wp\/v2\/users\/1"}],"replies":[{"embeddable":true,"href":"https:\/\/revistahubclub.com.br\/portal\/wp-json\/wp\/v2\/comments?post=3031"}],"version-history":[{"count":1,"href":"https:\/\/revistahubclub.com.br\/portal\/wp-json\/wp\/v2\/posts\/3031\/revisions"}],"predecessor-version":[{"id":3033,"href":"https:\/\/revistahubclub.com.br\/portal\/wp-json\/wp\/v2\/posts\/3031\/revisions\/3033"}],"wp:featuredmedia":[{"embeddable":true,"href":"https:\/\/revistahubclub.com.br\/portal\/wp-json\/wp\/v2\/media\/3032"}],"wp:attachment":[{"href":"https:\/\/revistahubclub.com.br\/portal\/wp-json\/wp\/v2\/media?parent=3031"}],"wp:term":[{"taxonomy":"category","embeddable":true,"href":"https:\/\/revistahubclub.com.br\/portal\/wp-json\/wp\/v2\/categories?post=3031"},{"taxonomy":"post_tag","embeddable":true,"href":"https:\/\/revistahubclub.com.br\/portal\/wp-json\/wp\/v2\/tags?post=3031"}],"curies":[{"name":"wp","href":"https:\/\/api.w.org\/{rel}","templated":true}]}}