{"id":304,"date":"2024-10-30T14:47:27","date_gmt":"2024-10-30T17:47:27","guid":{"rendered":"https:\/\/revistahubclub.com.br\/portal\/?p=304"},"modified":"2024-12-11T14:48:12","modified_gmt":"2024-12-11T17:48:12","slug":"tratamentos-esteticos-combinados-a-chave-para-resultados-mais-eficazes-e-duradouros","status":"publish","type":"post","link":"https:\/\/revistahubclub.com.br\/portal\/2024\/10\/30\/tratamentos-esteticos-combinados-a-chave-para-resultados-mais-eficazes-e-duradouros\/","title":{"rendered":"Tratamentos est\u00e9ticos combinados: a chave para resultados mais eficazes e duradouros"},"content":{"rendered":"\n<p id=\"viewer-pipty132\">O mercado da est\u00e9tica est\u00e1 em constante evolu\u00e7\u00e3o, trazendo inova\u00e7\u00f5es que oferecem n\u00e3o s\u00f3 resultados mais eficazes, mas tamb\u00e9m apar\u00eancia natural e duradoura. Uma das estrat\u00e9gias que tem ganhado destaque \u00e9 a combina\u00e7\u00e3o de diferentes procedimentos est\u00e9ticos, que potencializam os efeitos e alcan\u00e7am um rejuvenescimento mais completo, personalizado e natural.<\/p>\n\n\n\n<p id=\"viewer-iwgpj39\">Entre as t\u00e9cnicas mais inovadoras contra a flacidez facial, os fios Aptos, origin\u00e1rios da Ge\u00f3rgia e presentes na Europa h\u00e1 mais de 25 anos, est\u00e3o agora dispon\u00edveis no Brasil. Com uma composi\u00e7\u00e3o inovadora de \u00e1cido hialur\u00f4nico, \u00e1cido polil\u00e1tico e policaprolactona, oferecem uma solu\u00e7\u00e3o duradoura, proporcionando um efeito lifting e de sustenta\u00e7\u00e3o que podem durar de um a dois anos, ajudando a levantar o rosto, melhorar o contorno, reduzir o \u201cbulldog\u201d e o bigode chin\u00eas, al\u00e9m de diminuir a flacidez do pesco\u00e7o e promover melhorias no t\u00f4nus, vi\u00e7o e luminosidade da pele.<\/p>\n\n\n\n<p id=\"viewer-pipmq41\">De acordo com a dermatologista Cintia Cunha, da Cl\u00ednica Audatti, o segredo do tratamento n\u00e3o est\u00e1 apenas na composi\u00e7\u00e3o dos fios e no formato das esp\u00edculas, mas tamb\u00e9m na t\u00e9cnica de aplica\u00e7\u00e3o. &#8220;Temos combinado os fios com outras tecnologias para potencializar seus efeitos, al\u00e9m de proporcionar mais durabilidade. Essa estrat\u00e9gia de associa\u00e7\u00f5es faz parte do nosso modelo Audatti de tratamento com foco na naturalidade\u201d, explica.<\/p>\n\n\n\n<p id=\"viewer-hvtg443\"><strong>&nbsp;<\/strong><\/p>\n\n\n\n<p id=\"viewer-5u1kv45\"><strong>A for\u00e7a das combina\u00e7\u00f5es: potencializando resultados<\/strong><\/p>\n\n\n\n<p id=\"viewer-36lop47\">A integra\u00e7\u00e3o de fios Aptos com outras tecnologias \u00e9 um exemplo de como a combina\u00e7\u00e3o de tratamentos pode maximizar os resultados est\u00e9ticos. Cintia Cunha explica que associar procedimentos como peeling, microagulhamento, radiofrequ\u00eancia, ultrassom micro e macrofocado e bioestimuladores de col\u00e1geno potencializa os efeitos, proporcionando uma abordagem global ao tratamento facial.<\/p>\n\n\n\n<p id=\"viewer-qzain49\">Esses protocolos personalizados s\u00e3o criados para cada paciente com base nas caracter\u00edsticas individuais da pele e nos objetivos est\u00e9ticos, abordando desde a flacidez at\u00e9 a melhora da textura e luminosidade da pele. \u201cA combina\u00e7\u00e3o de diferentes t\u00e9cnicas em um \u00fanico protocolo permite tratar m\u00faltiplos aspectos do envelhecimento, como flacidez, rugas e contorno facial, de forma mais eficiente. Cada procedimento tem suas finalidades espec\u00edficas e juntos proporcionam um efeito sin\u00e9rgico, melhorando significativamente os resultados e promovendo uma apar\u00eancia mais natural e harm\u00f4nica\u201d, ressalta a dermatologista.<\/p>\n\n\n\n<p id=\"viewer-sdqnm99\"><strong>Aplica\u00e7\u00f5es diversificadas<\/strong><\/p>\n\n\n\n<p id=\"viewer-filyo53\">Essa abordagem n\u00e3o se limita apenas ao rejuvenescimento facial. Para outras \u00e1reas do corpo, como gl\u00fateos e papada, combina\u00e7\u00f5es espec\u00edficas de tecnologias tamb\u00e9m mostram resultados promissores. Por exemplo, a associa\u00e7\u00e3o de bioestimuladores com infravermelho e lipolaser pode firmar e tonificar os gl\u00fateos, enquanto o ultrassom micro e macrofocado combinado com emptiers e bioestimuladores \u00e9 eficaz para melhorar o contorno facial e reduzir a papada.<\/p>\n\n\n\n<p id=\"viewer-b2lkd55\">No caso de manchas nas m\u00e3os, a combina\u00e7\u00e3o de lasers como o CO2 fracionado e o Thulium atua desde a epiderme at\u00e9 a derme profunda, promovendo a renova\u00e7\u00e3o celular e o clareamento das manchas. Esses tratamentos integrados n\u00e3o apenas abordam os sinais de envelhecimento, mas tamb\u00e9m melhoram a sa\u00fade geral da pele. \u201cOs tratamentos est\u00e9ticos combinados representam uma evolu\u00e7\u00e3o significativa na busca por resultados mais eficazes e naturais. No entanto, \u00e9 essencial que sejam realizados por profissionais capacitados e que cada plano de tratamento seja personalizado, considerando as necessidades e caracter\u00edsticas individuais de cada paciente. Com uma avalia\u00e7\u00e3o adequada e a combina\u00e7\u00e3o correta de t\u00e9cnicas, \u00e9 poss\u00edvel alcan\u00e7ar uma apar\u00eancia rejuvenescida e natural, mantendo a sa\u00fade e a beleza da pele a longo prazo\u201d, conclui Cintia Cunha.<\/p>\n\n\n\n<p id=\"viewer-vfla057\">&nbsp;<\/p>\n","protected":false},"excerpt":{"rendered":"<p>O mercado da est\u00e9tica est\u00e1 em constante evolu\u00e7\u00e3o, trazendo inova\u00e7\u00f5es que oferecem n\u00e3o s\u00f3 resultados mais eficazes, mas tamb\u00e9m apar\u00eancia natural e duradoura. Uma das estrat\u00e9gias que tem ganhado destaque<\/p>\n","protected":false},"author":1,"featured_media":305,"comment_status":"open","ping_status":"open","sticky":false,"template":"","format":"standard","meta":{"footnotes":""},"categories":[1],"tags":[],"class_list":["post-304","post","type-post","status-publish","format-standard","has-post-thumbnail","hentry","category-noticias"],"_links":{"self":[{"href":"https:\/\/revistahubclub.com.br\/portal\/wp-json\/wp\/v2\/posts\/304","targetHints":{"allow":["GET"]}}],"collection":[{"href":"https:\/\/revistahubclub.com.br\/portal\/wp-json\/wp\/v2\/posts"}],"about":[{"href":"https:\/\/revistahubclub.com.br\/portal\/wp-json\/wp\/v2\/types\/post"}],"author":[{"embeddable":true,"href":"https:\/\/revistahubclub.com.br\/portal\/wp-json\/wp\/v2\/users\/1"}],"replies":[{"embeddable":true,"href":"https:\/\/revistahubclub.com.br\/portal\/wp-json\/wp\/v2\/comments?post=304"}],"version-history":[{"count":1,"href":"https:\/\/revistahubclub.com.br\/portal\/wp-json\/wp\/v2\/posts\/304\/revisions"}],"predecessor-version":[{"id":306,"href":"https:\/\/revistahubclub.com.br\/portal\/wp-json\/wp\/v2\/posts\/304\/revisions\/306"}],"wp:featuredmedia":[{"embeddable":true,"href":"https:\/\/revistahubclub.com.br\/portal\/wp-json\/wp\/v2\/media\/305"}],"wp:attachment":[{"href":"https:\/\/revistahubclub.com.br\/portal\/wp-json\/wp\/v2\/media?parent=304"}],"wp:term":[{"taxonomy":"category","embeddable":true,"href":"https:\/\/revistahubclub.com.br\/portal\/wp-json\/wp\/v2\/categories?post=304"},{"taxonomy":"post_tag","embeddable":true,"href":"https:\/\/revistahubclub.com.br\/portal\/wp-json\/wp\/v2\/tags?post=304"}],"curies":[{"name":"wp","href":"https:\/\/api.w.org\/{rel}","templated":true}]}}