{"id":3040,"date":"2023-10-05T11:07:00","date_gmt":"2023-10-05T14:07:00","guid":{"rendered":"https:\/\/revistahubclub.com.br\/portal\/?p=3040"},"modified":"2024-12-16T11:08:35","modified_gmt":"2024-12-16T14:08:35","slug":"tribunal-regional-federal-inicia-curso-em-praticas-restaurativas-no-triangulo-mineiro","status":"publish","type":"post","link":"https:\/\/revistahubclub.com.br\/portal\/2023\/10\/05\/tribunal-regional-federal-inicia-curso-em-praticas-restaurativas-no-triangulo-mineiro\/","title":{"rendered":"Tribunal Regional Federal inicia curso em pr\u00e1ticas restaurativas no Tri\u00e2ngulo Mineiro"},"content":{"rendered":"\n<p id=\"viewer-n86j\">A Escola de Magistratura do TRF6 deu in\u00edcio ao curso \u201cForma\u00e7\u00e3o em pr\u00e1ticas restaurativas para abordagem de conflitos relacionados ao ass\u00e9dio e \u00e0 discrimina\u00e7\u00e3o\u201d no audit\u00f3rio da Subse\u00e7\u00e3o Judici\u00e1ria de Uberl\u00e2ndia no dia 2 de outubro. Participaram da abertura do evento os desembargadores federais M\u00f4nica Sifuentes (Presidente da corte federal mineira), Prado de Vasconcelos, Lincoln Rodrigues de Faria, Simone S. Lemos, Luciana Pinheiro Costa (presidente da Comiss\u00e3o de Preven\u00e7\u00e3o e Enfrentamento do Ass\u00e9dio Moral, do Ass\u00e9dio Sexual e da Discrimina\u00e7\u00e3o no \u00e2mbito do TRF6), Gr\u00e9gore Moura (diretor da Escola do TRF6) e Pedro Felipe Santos (vice-diretor).<\/p>\n\n\n\n<p id=\"viewer-j6p9\">O curso \u00e9 fruto de uma parceria entre a Escola de Magistratura do TRF6 e o N\u00facleo de Pr\u00e1ticas Restaurativas da SSJ de Uberl\u00e2ndia e tem uma carga hor\u00e1ria de 40 horas. A forma\u00e7\u00e3o segue at\u00e9 o dia 6 de outubro.<\/p>\n\n\n\n<p id=\"viewer-du6tj\">Outras autoridades tamb\u00e9m estiveram presente na solenidade de abertura do curso: Salise Sanchotene, Conselheira do CNJ (Conselho Nacional de Justi\u00e7a); Catarina Volkart, ju\u00edza federal da 4a Regi\u00e3o; Osmane Santos, juiz federal da SSJ de Uberl\u00e2ndia; Andrea Keust, ju\u00edza do trabalho do TRT6; Leonardo Macedo, procurador da Rep\u00fablica em Uberl\u00e2ndia; e Deborah Bonnas, reitora do IFTM (Instituto Federal do Tri\u00e2ngulo Mineiro).<\/p>\n\n\n\n<p id=\"viewer-3rnf5\">Pela manh\u00e3, Andrea Keust exp\u00f4s um relato pessoal de ass\u00e9dio e os presentes puderam fazer perguntas. \u00c0 tarde, foi aberto o painel do curso propriamente dito, cujo tema foi \u201cA pol\u00edtica de preven\u00e7\u00e3o e enfrentamento do ass\u00e9dio moral, do ass\u00e9dio sexual e da discrimina\u00e7\u00e3o no \u00e2mbito do Poder Judici\u00e1rio, conforme Resolu\u00e7\u00e3o n. 351\/2020 do Conselho Nacional de Justi\u00e7a, e a Pol\u00edtica Nacional de Justi\u00e7a Restaurativa no \u00e2mbito do Poder Judici\u00e1rio, conforme Resolu\u00e7\u00e3o 225\/2016 do Conselho Nacional de Justi\u00e7a\u201d.<\/p>\n","protected":false},"excerpt":{"rendered":"<p>A Escola de Magistratura do TRF6 deu in\u00edcio ao curso \u201cForma\u00e7\u00e3o em pr\u00e1ticas restaurativas para abordagem de conflitos relacionados ao ass\u00e9dio e \u00e0 discrimina\u00e7\u00e3o\u201d no audit\u00f3rio da Subse\u00e7\u00e3o Judici\u00e1ria de<\/p>\n","protected":false},"author":1,"featured_media":3041,"comment_status":"open","ping_status":"open","sticky":false,"template":"","format":"standard","meta":{"footnotes":""},"categories":[1],"tags":[],"class_list":["post-3040","post","type-post","status-publish","format-standard","has-post-thumbnail","hentry","category-noticias"],"_links":{"self":[{"href":"https:\/\/revistahubclub.com.br\/portal\/wp-json\/wp\/v2\/posts\/3040","targetHints":{"allow":["GET"]}}],"collection":[{"href":"https:\/\/revistahubclub.com.br\/portal\/wp-json\/wp\/v2\/posts"}],"about":[{"href":"https:\/\/revistahubclub.com.br\/portal\/wp-json\/wp\/v2\/types\/post"}],"author":[{"embeddable":true,"href":"https:\/\/revistahubclub.com.br\/portal\/wp-json\/wp\/v2\/users\/1"}],"replies":[{"embeddable":true,"href":"https:\/\/revistahubclub.com.br\/portal\/wp-json\/wp\/v2\/comments?post=3040"}],"version-history":[{"count":1,"href":"https:\/\/revistahubclub.com.br\/portal\/wp-json\/wp\/v2\/posts\/3040\/revisions"}],"predecessor-version":[{"id":3042,"href":"https:\/\/revistahubclub.com.br\/portal\/wp-json\/wp\/v2\/posts\/3040\/revisions\/3042"}],"wp:featuredmedia":[{"embeddable":true,"href":"https:\/\/revistahubclub.com.br\/portal\/wp-json\/wp\/v2\/media\/3041"}],"wp:attachment":[{"href":"https:\/\/revistahubclub.com.br\/portal\/wp-json\/wp\/v2\/media?parent=3040"}],"wp:term":[{"taxonomy":"category","embeddable":true,"href":"https:\/\/revistahubclub.com.br\/portal\/wp-json\/wp\/v2\/categories?post=3040"},{"taxonomy":"post_tag","embeddable":true,"href":"https:\/\/revistahubclub.com.br\/portal\/wp-json\/wp\/v2\/tags?post=3040"}],"curies":[{"name":"wp","href":"https:\/\/api.w.org\/{rel}","templated":true}]}}