{"id":3049,"date":"2023-10-03T11:10:00","date_gmt":"2023-10-03T14:10:00","guid":{"rendered":"https:\/\/revistahubclub.com.br\/portal\/?p=3049"},"modified":"2024-12-16T11:10:39","modified_gmt":"2024-12-16T14:10:39","slug":"mega-feirao-de-imoveis-1o-megacon-sera-entre-20-e-22-de-outubro-na-arena-sabiazinho-em-uberlandia","status":"publish","type":"post","link":"https:\/\/revistahubclub.com.br\/portal\/2023\/10\/03\/mega-feirao-de-imoveis-1o-megacon-sera-entre-20-e-22-de-outubro-na-arena-sabiazinho-em-uberlandia\/","title":{"rendered":"Mega feir\u00e3o de im\u00f3veis: 1\u00ba Megacon ser\u00e1 entre 20 e 22 de outubro, na Arena Sabiazinho, em Uberl\u00e2ndia"},"content":{"rendered":"\n<p id=\"viewer-d7re2\"><em>Lan\u00e7amento aconteceu na Prefeitura de Uberl\u00e2ndia (Foto:<\/em><\/p>\n\n\n\n<p id=\"viewer-7kg3o\">Uberl\u00e2ndia receber\u00e1 entre os dias 20 e 22 de outubro o primeiro mega feir\u00e3o de im\u00f3veis. O Megacon ser\u00e1 aberto no dia 20, \u00e0s 19h, e seguir\u00e1 pelos dias 21 e 22 de outubro, na Arena Sabiazinho, sempre com entrada gratuita. Realizada pelo Sindicato da Ind\u00fastria da Constru\u00e7\u00e3o Civil do Tri\u00e2ngulo Mineiro e Alto Parana\u00edba (Sinduscon-TAP), a edi\u00e7\u00e3o ter\u00e1: feira de neg\u00f3cios, com quiosques comerciais, vendas de im\u00f3veis, financiamentos, seguros e servi\u00e7os voltados para essa \u00e1rea; palestras t\u00e9cnicas sobre mercado imobili\u00e1rio, investimentos e constru\u00e7\u00e3o civil, entre outros; e pra\u00e7a de alimenta\u00e7\u00e3o.<\/p>\n\n\n\n<p id=\"viewer-duuo7\">\u201cNosso governo trabalha para oferecer \u00e0 popula\u00e7\u00e3o o que ela precisa, especialmente, em \u00e1reas fundamentais, como a habita\u00e7\u00e3o. A Prefeitura atua como facilitadora. Por isso, apoia eventos como esse, que visam estimular o setor, desenvolver a cidade e disponibilizar oportunidades para as pessoas\u201d, ressaltou o prefeito Odelmo Le\u00e3o.<\/p>\n\n\n\n<p id=\"viewer-4dtf9\">No mega feir\u00e3o, que tem como p\u00fablico-alvo interessados nos servi\u00e7os oferecidos no evento, empresas do ramo da constru\u00e7\u00e3o e estudantes, a Prefeitura de Uberl\u00e2ndia ter\u00e1 um lounge, onde ser\u00e3o mostradas solu\u00e7\u00f5es inovadoras para a constru\u00e7\u00e3o civil (l\u00e3 e vergalh\u00e3o de basalto). Nesse espa\u00e7o, a gest\u00e3o municipal tamb\u00e9m far\u00e1 apresenta\u00e7\u00e3o, por meio do Departamento Municipal de \u00c1gua e Esgoto (Dmae), de painel que sinaliza os pontos de maior desenvolvimento da cidade e a infraestrutura disponibilizada pela autarquia para a amplia\u00e7\u00e3o habitacional.<\/p>\n\n\n\n<p id=\"viewer-6et05\">A Prefeitura tamb\u00e9m contar\u00e1 com um estande da Habita\u00e7\u00e3o, no qual ser\u00e3o feitas inscri\u00e7\u00f5es para o Programa Minha Casa Minha Vida. Ter\u00e1, ainda, amostras e doa\u00e7\u00e3o de mudas pela Secretaria Municipal de Meio Ambiente e Sustentabilidade e realiza\u00e7\u00e3o de palestras (veja abaixo a programa\u00e7\u00e3o) pela Secretaria Municipal de Gest\u00e3o Estrat\u00e9gica, com entrega de certificados da Escola de Governo da Prefeitura de Uberl\u00e2ndia.<\/p>\n\n\n\n<p id=\"viewer-dh8hh\"><strong>O qu\u00ea: <\/strong>Primeira edi\u00e7\u00e3o do Megacon (feir\u00e3o de im\u00f3veis)<\/p>\n\n\n\n<p id=\"viewer-2qr3j\"><strong>Onde:<\/strong> Arena Sabiazinho, em Uberl\u00e2ndia<strong>Quando: dias 20 (sexta \u2013 19h \u00e0s 22h), 21 (s\u00e1bado \u2013 9h \u00e0s 21h) e 22 de outubro (domingo \u2013 9h \u00e0s 18h)<\/strong><\/p>\n\n\n\n<p id=\"viewer-2effd\"><strong>Palestras \u2013 Secretaria Municipal de Gest\u00e3o Estrat\u00e9gica<\/strong><\/p>\n\n\n\n<p id=\"viewer-8ch83\"><strong>Quando:<\/strong> 21\/10 (s\u00e1bado)<\/p>\n\n\n\n<p id=\"viewer-16tkr\"><strong>Hor\u00e1rios:<\/strong><\/p>\n\n\n\n<p id=\"viewer-8q584\">9h30 \u2013 10h20 \u2013 Funda\u00e7\u00f5es<\/p>\n\n\n\n<p id=\"viewer-em8ci\">11h \u2013 11h50 \u2013 O uso de Filamentos de Basalto na Constru\u00e7\u00e3o Civil<\/p>\n\n\n\n<p id=\"viewer-c2m9t\">14h \u2013 14h50 \u2013 Processos de aprova\u00e7\u00f5es de projeto<\/p>\n\n\n\n<p id=\"viewer-aoknd\">15h30 \u2013 16h30 \u2013 Viabilidade T\u00e9cnica: \u00e1gua, esgoto e drenagem pluvial<\/p>\n","protected":false},"excerpt":{"rendered":"<p>Lan\u00e7amento aconteceu na Prefeitura de Uberl\u00e2ndia (Foto: Uberl\u00e2ndia receber\u00e1 entre os dias 20 e 22 de outubro o primeiro mega feir\u00e3o de im\u00f3veis. O Megacon ser\u00e1 aberto no dia 20,<\/p>\n","protected":false},"author":1,"featured_media":3050,"comment_status":"open","ping_status":"open","sticky":false,"template":"","format":"standard","meta":{"footnotes":""},"categories":[1],"tags":[],"class_list":["post-3049","post","type-post","status-publish","format-standard","has-post-thumbnail","hentry","category-noticias"],"_links":{"self":[{"href":"https:\/\/revistahubclub.com.br\/portal\/wp-json\/wp\/v2\/posts\/3049","targetHints":{"allow":["GET"]}}],"collection":[{"href":"https:\/\/revistahubclub.com.br\/portal\/wp-json\/wp\/v2\/posts"}],"about":[{"href":"https:\/\/revistahubclub.com.br\/portal\/wp-json\/wp\/v2\/types\/post"}],"author":[{"embeddable":true,"href":"https:\/\/revistahubclub.com.br\/portal\/wp-json\/wp\/v2\/users\/1"}],"replies":[{"embeddable":true,"href":"https:\/\/revistahubclub.com.br\/portal\/wp-json\/wp\/v2\/comments?post=3049"}],"version-history":[{"count":1,"href":"https:\/\/revistahubclub.com.br\/portal\/wp-json\/wp\/v2\/posts\/3049\/revisions"}],"predecessor-version":[{"id":3051,"href":"https:\/\/revistahubclub.com.br\/portal\/wp-json\/wp\/v2\/posts\/3049\/revisions\/3051"}],"wp:featuredmedia":[{"embeddable":true,"href":"https:\/\/revistahubclub.com.br\/portal\/wp-json\/wp\/v2\/media\/3050"}],"wp:attachment":[{"href":"https:\/\/revistahubclub.com.br\/portal\/wp-json\/wp\/v2\/media?parent=3049"}],"wp:term":[{"taxonomy":"category","embeddable":true,"href":"https:\/\/revistahubclub.com.br\/portal\/wp-json\/wp\/v2\/categories?post=3049"},{"taxonomy":"post_tag","embeddable":true,"href":"https:\/\/revistahubclub.com.br\/portal\/wp-json\/wp\/v2\/tags?post=3049"}],"curies":[{"name":"wp","href":"https:\/\/api.w.org\/{rel}","templated":true}]}}