{"id":3067,"date":"2023-10-02T11:12:00","date_gmt":"2023-10-02T14:12:00","guid":{"rendered":"https:\/\/revistahubclub.com.br\/portal\/?p=3067"},"modified":"2024-12-16T11:13:11","modified_gmt":"2024-12-16T14:13:11","slug":"pela-primeira-vez-em-uberlandia-o-vozes-pela-vida-chega-a-uberlandia","status":"publish","type":"post","link":"https:\/\/revistahubclub.com.br\/portal\/2023\/10\/02\/pela-primeira-vez-em-uberlandia-o-vozes-pela-vida-chega-a-uberlandia\/","title":{"rendered":"Pela primeira vez em Uberl\u00e2ndia, o \u2018Vozes pela Vida\u2019 chega a Uberl\u00e2ndia"},"content":{"rendered":"\n<p id=\"viewer-q38p\"><em>Quinze artistas ir\u00e3o se apresentar no Cineteatro Nininha Rocha do Centro Municipal de Cultura; toda a renda arrecada ser\u00e1 revertida \u00e0 Pontes de Amor.<\/em><\/p>\n\n\n\n<p id=\"viewer-2sd53\">Est\u00e3o \u00e0 venda os ingressos para Vozes Pela Vida, um projeto cultural que tem como objetivo realizar shows beneficentes em favor de diferentes institui\u00e7\u00f5es socais. Quinze artistas se apresentar\u00e3o no dia 22 de outubro, no Cineteatro Nininha Rocha do Centro Municipal de Cultura de Uberl\u00e2ndia, das 17h \u00e0s 19h, e das 19h30 \u00e0s 21h30. Carvalho e Mariano, D\u00eddio, Douglas Alessi, Gabriel Nandes, Guilherme Lopes, Jhean Marcel, Jo\u00e3o Klein, Laura Rogalli, Luc\u00e3o, Mafe Peccin, Matheus Freitas, Miguel Cabral, Miltim, Pri Damasceno e Yasmim Duarte abrilhantar\u00e3o a noite.<\/p>\n\n\n\n<p id=\"viewer-64pdc\">Para curtir esse espet\u00e1culo, que vai do rock ao sertanejo, o organizador e idealizador do evento, Milton Junior, incentiva o p\u00fablico a ir vestido de branco. \u201c\u00c9 uma identidade que criamos para o projeto desde o in\u00edcio do Vozes pela Vida, que na verdade \u00e9 uma corrente do bem para apoiar causas relevantes. J\u00e1 passamos pelos estados de Minas Gerais, Pernambuco e Goi\u00e1s, e agora iremos realiz\u00e1-lo pela primeira vez em Uberl\u00e2ndia, doando 100% das vendas dos ingressos \u00e0 Pontes de Amor, que desempenha um papel crucial na comunidade, ajudando crian\u00e7as e adolescentes a encontrarem um lar permanente\u201d, disse.<\/p>\n\n\n\n<p id=\"viewer-3cs5i\">A diretora t\u00e9cnica da Pontes de Amor, Sara Vargas disse que O &#8216;Vozes Pela Vida&#8217; \u00e9 uma iniciativa que toca o cora\u00e7\u00e3o de todos aqueles que acreditam na capacidade da m\u00fasica e da solidariedade para transformar vidas. \u201cEsse projeto vai muito al\u00e9m da m\u00fasica. \u00c9 uma manifesta\u00e7\u00e3o de amor, compaix\u00e3o e compromisso com uma causa maior\u201d, afirma.<\/p>\n\n\n\n<p id=\"viewer-7m9p2\">Toda a renda arrecada com a venda dos ingressos ir\u00e1 para a Pontes investir em seus projetos.<\/p>\n\n\n\n<p id=\"viewer-6nfgo\">Servi\u00e7o<\/p>\n\n\n\n<p id=\"viewer-308co\">Data: 22\/9<\/p>\n\n\n\n<p id=\"viewer-fp379\">1\u00aa SESS\u00c3O: das 17h \u00e0s 19h<\/p>\n\n\n\n<p id=\"viewer-7cbpt\">2\u00aa sess\u00e3o: das 19h30 \u00e0s 21h30<\/p>\n\n\n\n<p id=\"viewer-469k5\">Ingressos: Bio da Pontes de Amor e pelo Vozes Pela Vida<\/p>\n\n\n\n<p id=\"viewer-6o9kg\"><a target=\"_blank\" href=\"https:\/\/instagram.com\/vozespelavida?fbclid=IwAR1fTMhpnmm-yWSybzGbXDOJUDyp4d7dYmEZApBpTMHHC-g4X6jmdj2wJjg\" rel=\"noreferrer noopener\">Instagram.com\/vozespelavida<\/a><\/p>\n\n\n\n<figure class=\"wp-block-embed\"><div class=\"wp-block-embed__wrapper\">\nhttps:\/\/www.instagram.com\/pontesdeamor\n<\/div><\/figure>\n\n\n\n<p id=\"viewer-8j1b9\">Valor: R$ 80, 00 (inteira)<\/p>\n\n\n\n<p id=\"viewer-3irap\">Meia solid\u00e1ria R$ 40,00 (mais um litro de leite)<\/p>\n\n\n\n<p id=\"viewer-e2qcu\">Sobre a Pontes de Amor<\/p>\n\n\n\n<p id=\"viewer-c1kfo\">Criada em 2012, a Pontes de Amor \u00e9 uma Organiza\u00e7\u00e3o Filantr\u00f3pica sem fins lucrativos, filiada \u00e0 Associa\u00e7\u00e3o Nacional dos Grupos de Apoio \u00e0 Ado\u00e7\u00e3o (ANGAAD), que atua em Uberl\u00e2ndia e no Tri\u00e2ngulo Mineiro em sintonia com a Vara da Inf\u00e2ncia e da Juventude, \u00d3rg\u00e3os e Conselhos de Direito da Crian\u00e7a e do Adolescente. Surgiu diante da preocupa\u00e7\u00e3o com a garantia dos direitos de crian\u00e7as\/adolescentes institucionalizados e dos altos \u00edndices de devolu\u00e7\u00e3o de crian\u00e7as por fam\u00edlias adotivas no Brasil e de crises familiares no p\u00f3s ado\u00e7\u00e3o por falta de apoio, acompanhamento psicol\u00f3gico, psicopedag\u00f3gico.<\/p>\n\n\n\n<p id=\"viewer-b3mbf\">Sobre o Vozes Pela Vida<\/p>\n\n\n\n<p id=\"viewer-1rtt6\">Surgiu no ano de 2014, na cidade de Ipor\u00e1 &#8211; GO, visando estreitar o di\u00e1logo entre v\u00e1rias vertentes culturais e religiosas atrav\u00e9s de cantores e bandas de diversos estilos musicais comprometidos pela defesa da vida. Com participa\u00e7\u00f5es de artistas Regionais e Nacionais, e ajudando obras nos estados brasileiros por onde passou, chega pela primeira vez na Para\u00edba, para uma edi\u00e7\u00e3o em sua capital Jo\u00e3o Pessoa.<\/p>\n","protected":false},"excerpt":{"rendered":"<p>Quinze artistas ir\u00e3o se apresentar no Cineteatro Nininha Rocha do Centro Municipal de Cultura; toda a renda arrecada ser\u00e1 revertida \u00e0 Pontes de Amor. Est\u00e3o \u00e0 venda os ingressos para<\/p>\n","protected":false},"author":1,"featured_media":3068,"comment_status":"open","ping_status":"open","sticky":false,"template":"","format":"standard","meta":{"footnotes":""},"categories":[1],"tags":[],"class_list":["post-3067","post","type-post","status-publish","format-standard","has-post-thumbnail","hentry","category-noticias"],"_links":{"self":[{"href":"https:\/\/revistahubclub.com.br\/portal\/wp-json\/wp\/v2\/posts\/3067","targetHints":{"allow":["GET"]}}],"collection":[{"href":"https:\/\/revistahubclub.com.br\/portal\/wp-json\/wp\/v2\/posts"}],"about":[{"href":"https:\/\/revistahubclub.com.br\/portal\/wp-json\/wp\/v2\/types\/post"}],"author":[{"embeddable":true,"href":"https:\/\/revistahubclub.com.br\/portal\/wp-json\/wp\/v2\/users\/1"}],"replies":[{"embeddable":true,"href":"https:\/\/revistahubclub.com.br\/portal\/wp-json\/wp\/v2\/comments?post=3067"}],"version-history":[{"count":1,"href":"https:\/\/revistahubclub.com.br\/portal\/wp-json\/wp\/v2\/posts\/3067\/revisions"}],"predecessor-version":[{"id":3069,"href":"https:\/\/revistahubclub.com.br\/portal\/wp-json\/wp\/v2\/posts\/3067\/revisions\/3069"}],"wp:featuredmedia":[{"embeddable":true,"href":"https:\/\/revistahubclub.com.br\/portal\/wp-json\/wp\/v2\/media\/3068"}],"wp:attachment":[{"href":"https:\/\/revistahubclub.com.br\/portal\/wp-json\/wp\/v2\/media?parent=3067"}],"wp:term":[{"taxonomy":"category","embeddable":true,"href":"https:\/\/revistahubclub.com.br\/portal\/wp-json\/wp\/v2\/categories?post=3067"},{"taxonomy":"post_tag","embeddable":true,"href":"https:\/\/revistahubclub.com.br\/portal\/wp-json\/wp\/v2\/tags?post=3067"}],"curies":[{"name":"wp","href":"https:\/\/api.w.org\/{rel}","templated":true}]}}