{"id":3070,"date":"2023-10-02T11:13:00","date_gmt":"2023-10-02T14:13:00","guid":{"rendered":"https:\/\/revistahubclub.com.br\/portal\/?p=3070"},"modified":"2024-12-16T11:13:44","modified_gmt":"2024-12-16T14:13:44","slug":"medo-de-dirigir-pode-ser-controlado","status":"publish","type":"post","link":"https:\/\/revistahubclub.com.br\/portal\/2023\/10\/02\/medo-de-dirigir-pode-ser-controlado\/","title":{"rendered":"Medo de dirigir pode ser controlado"},"content":{"rendered":"\n<p id=\"viewer-ab3ag\"><em><br>Segundo a OMS, 6% da popula\u00e7\u00e3o brasileira tem esta fobia<\/em><\/p>\n\n\n\n<p id=\"viewer-dtvbi\">Para muitos, dirigir \u00e9 uma atividade simples, mas n\u00e3o se aplica a todos. De acordo com dados de 2022 da Organiza\u00e7\u00e3o Mundial da Sa\u00fade (OMS), 6% da popula\u00e7\u00e3o brasileira enfrenta o medo de dirigir, que tem at\u00e9 nome: amaxofobia. Ainda segundo a Associa\u00e7\u00e3o Brasileira de Medicina de Tr\u00e1fego (Abramet), 80% das pessoas com medo de dirigir j\u00e1 possuem Carteira de Habilita\u00e7\u00e3o &#8211; cerca de dois milh\u00f5es de motoristas. Essa limita\u00e7\u00e3o pode ser devido a transtorno de ansiedade ou mesmo provocada por traumas. Os sintomas mais comuns incluem pernas bambas, suor excessivo e m\u00e3os tr\u00eamulas &#8211; rea\u00e7\u00f5es semelhantes \u00e0 de qualquer situa\u00e7\u00e3o de extremo estresse ou medo intenso. Mas a boa not\u00edcia \u00e9 que existem solu\u00e7\u00f5es para a quest\u00e3o.<\/p>\n\n\n\n<p id=\"viewer-alqki\">Para o psiquiatra e psicoterapeuta Alfredo Dem\u00e9trio, uma avalia\u00e7\u00e3o cuidadosa \u00e9 crucial para estabelecer um diagn\u00f3stico preciso e elaborar o tratamento mais indicado. &#8220;Se o medo de dirigir \u00e9 leve ou se a pessoa dirige, mas enfrenta medo, uma abordagem psicoterap\u00eautica pode ser \u00fatil para explorar o tipo de medo envolvido. No entanto, se o medo \u00e9 intenso demais e domina a mente, tornando imposs\u00edvel sequer pensar na atividade, ent\u00e3o estamos lidando com uma condi\u00e7\u00e3o chamada fobia espec\u00edfica&#8221;, explica o especialista.<\/p>\n\n\n\n<p id=\"viewer-742c1\"><strong>Quando a ajuda \u00e9 necess\u00e1ria<\/strong> Caso o medo, embora desafiador, n\u00e3o alcance o status de fobia \u00e9 mais f\u00e1cil ser tratado. O processo inicia-se com a verifica\u00e7\u00e3o da habilidade real para dirigir. Posteriormente, pequenos trajetos podem ser percorridos sob a supervis\u00e3o de algu\u00e9m habilitado. Eventualmente, a transi\u00e7\u00e3o para trajetos independentes \u00e9 um passo vi\u00e1vel. &#8220;Contudo, quando tudo que julgou poss\u00edvel j\u00e1 foi feito e n\u00e3o resolveu \u00e9 hora de buscar ajuda profissional. A ansiedade intensa que n\u00e3o deixa enfrentar o medo \u00e9 um indicativo s\u00e9rio. Um diagn\u00f3stico m\u00e9dico ajudar\u00e1 a determinar se \u00e9 realmente uma fobia espec\u00edfica e, nesse caso, um plano terap\u00eautico, inclusive o uso de medicamentos, poder\u00e1 ser recomendado. O ideal \u00e9 buscar ajudar quando perceber que a situa\u00e7\u00e3o est\u00e1 fugindo da normalidade, afinal dirigir \u00e9 liberdade, uma tarefa que possibilita ir e vir sem depender dos outros&#8221;, finaliza.<\/p>\n","protected":false},"excerpt":{"rendered":"<p>Segundo a OMS, 6% da popula\u00e7\u00e3o brasileira tem esta fobia Para muitos, dirigir \u00e9 uma atividade simples, mas n\u00e3o se aplica a todos. De acordo com dados de 2022 da<\/p>\n","protected":false},"author":1,"featured_media":3071,"comment_status":"open","ping_status":"open","sticky":false,"template":"","format":"standard","meta":{"footnotes":""},"categories":[1],"tags":[],"class_list":["post-3070","post","type-post","status-publish","format-standard","has-post-thumbnail","hentry","category-noticias"],"_links":{"self":[{"href":"https:\/\/revistahubclub.com.br\/portal\/wp-json\/wp\/v2\/posts\/3070","targetHints":{"allow":["GET"]}}],"collection":[{"href":"https:\/\/revistahubclub.com.br\/portal\/wp-json\/wp\/v2\/posts"}],"about":[{"href":"https:\/\/revistahubclub.com.br\/portal\/wp-json\/wp\/v2\/types\/post"}],"author":[{"embeddable":true,"href":"https:\/\/revistahubclub.com.br\/portal\/wp-json\/wp\/v2\/users\/1"}],"replies":[{"embeddable":true,"href":"https:\/\/revistahubclub.com.br\/portal\/wp-json\/wp\/v2\/comments?post=3070"}],"version-history":[{"count":1,"href":"https:\/\/revistahubclub.com.br\/portal\/wp-json\/wp\/v2\/posts\/3070\/revisions"}],"predecessor-version":[{"id":3072,"href":"https:\/\/revistahubclub.com.br\/portal\/wp-json\/wp\/v2\/posts\/3070\/revisions\/3072"}],"wp:featuredmedia":[{"embeddable":true,"href":"https:\/\/revistahubclub.com.br\/portal\/wp-json\/wp\/v2\/media\/3071"}],"wp:attachment":[{"href":"https:\/\/revistahubclub.com.br\/portal\/wp-json\/wp\/v2\/media?parent=3070"}],"wp:term":[{"taxonomy":"category","embeddable":true,"href":"https:\/\/revistahubclub.com.br\/portal\/wp-json\/wp\/v2\/categories?post=3070"},{"taxonomy":"post_tag","embeddable":true,"href":"https:\/\/revistahubclub.com.br\/portal\/wp-json\/wp\/v2\/tags?post=3070"}],"curies":[{"name":"wp","href":"https:\/\/api.w.org\/{rel}","templated":true}]}}