{"id":3073,"date":"2023-09-29T11:13:00","date_gmt":"2023-09-29T14:13:00","guid":{"rendered":"https:\/\/revistahubclub.com.br\/portal\/?p=3073"},"modified":"2024-12-16T11:14:18","modified_gmt":"2024-12-16T14:14:18","slug":"juri-internacional-avalia-os-melhores-cafes-do-11o-premio-regiao-do-cerrado-mineiro","status":"publish","type":"post","link":"https:\/\/revistahubclub.com.br\/portal\/2023\/09\/29\/juri-internacional-avalia-os-melhores-cafes-do-11o-premio-regiao-do-cerrado-mineiro\/","title":{"rendered":"J\u00fari internacional avalia os melhores caf\u00e9s do 11\u00ba Pr\u00eamio Regi\u00e3o do Cerrado Mineiro"},"content":{"rendered":"\n<p id=\"viewer-a9a0j\">A Federa\u00e7\u00e3o dos Cafeicultores do Cerrado realizou a Etapa de Ranqueamento Regional do 11\u00b0 Pr\u00eamio Regi\u00e3o do Cerrado Mineiro, de 26 a 28 de setembro. Um j\u00fari internacional avaliou os 60 melhores caf\u00e9s produzidos nesta safra, sendo 30 naturais, 18 de fermenta\u00e7\u00e3o induzida e 12 cerejas descascados.<\/p>\n\n\n\n<p id=\"viewer-ffo7n\">Promovido pela\u202fFedera\u00e7\u00e3o dos Cafeicultores do Cerrado, com apoio do Sebrae Minas, o Pr\u00eamio tem como objetivo reconhecer e premiar os melhores caf\u00e9s dos 55 munic\u00edpios que comp\u00f5em a Regi\u00e3o do Cerrado Mineiro, valorizando o \u00e1rduo trabalho dos cafeicultores na produ\u00e7\u00e3o de caf\u00e9s de alta qualidade.<\/p>\n\n\n\n<p id=\"viewer-96a4t\">O julgamento dos lotes finalistas foi conduzido por 12 \u00e1rbitros, incluindo tr\u00eas Q-Graders internacionais dos Estados Unidos. Entre os jurados estavam o Head Judge Silvio Leite, o Head Scientific judge, Dr. Leandro Paiva, pesquisador no Instituto Federal de Machado; o Head Technical Judge, Ronaldo Dantas, Diretor da Savassi Coffees; Hugo Portes da Sucafina; Maryana Castro da NKG Group; Luis Salvio da Nucoffee; Jo\u00e3o Jarduli da Montsanto Tavares Group e Cafebras; Carolina Franco da Lucca Caf\u00e9s Especiais; Tiago de Mello Felipe da Pato Rei; James Fairbrass da Proudmary; Philip Hand da Ground Work Coffee e Eric David Wolf da Casa Brasil.<\/p>\n\n\n\n<p id=\"viewer-choc4\">\u201c\u00c9 muito importante o Brasil ter diferentes regi\u00f5es, as denomina\u00e7\u00f5es de origem e isso representa os sabores que v\u00eam dessas regi\u00f5es, como o Cerrado Mineiro. Eu acho que este cupping \u00e9 uma \u00f3tima maneira de identificarmos esses sabores e mostrar como os cafeicultores podem se destacar na produ\u00e7\u00e3o, ano ap\u00f3s ano, dos atributos que achamos que est\u00e3o representados aqui nesta regi\u00e3o. A qualidade est\u00e1 crescendo e, \u00e0s vezes, os produtores precisam fazer coisas que n\u00e3o est\u00e3o acostumados para criar mais sabores novos no caf\u00e9, especialmente quando est\u00e3o tentando alcan\u00e7ar uma qualidade superior. \u00c9 um grande prazer e uma honra estar aqui\u201d, avalia Philip Hand da Ground Work Coffee.<\/p>\n\n\n\n<p id=\"viewer-fannm\">\u201cO concurso vem ressaltar as caracter\u00edsticas do terroir Cerrado Mineiro. Ano ap\u00f3s ano, temos percebido muita qualidade, diversidade em termos de do\u00e7ura, de sabor, tend\u00eancia a frutas, caramelo, toque floral, compondo o menu de caf\u00e9s especiais fornecidos pela Regi\u00e3o do Cerrado Mineiro. Ainda temos muito espa\u00e7o para evoluir, atendendo a expectativa do consumidor final com um produto de alt\u00edssima qualidade. Houve evolu\u00e7\u00e3o em aspectos t\u00e9cnicos da safra passada para essa, ou seja, os caf\u00e9s nas tr\u00eas categorias est\u00e3o com mais intensidade, o que \u00e9 bastante positivo\u201d, pontua Silvio Leite.<\/p>\n\n\n\n<p id=\"viewer-74clg\">De 5 de outubro a 14 de novembro, ocorrer\u00e1 a Etapa Campe\u00f5es Cooperativas do 11\u00ba Pr\u00eamio RCM, com a realiza\u00e7\u00e3o da Expocaccer (5\/10), Coopadap (19\/10), Carmocer (20\/10), Carpec (26\/10), Coocacer (11\/11) e monteCCer (14\/11).<\/p>\n\n\n\n<p id=\"viewer-403ib\">\u201c\u00c9 importante ressaltar que a etapa de Ranqueamento Regional representa um passo fundamental na identifica\u00e7\u00e3o e no reconhecimento da qualidade do caf\u00e9 produzido na Regi\u00e3o do Cerrado Mineiro. A dedica\u00e7\u00e3o e o esfor\u00e7o dos cafeicultores s\u00e3o reconhecidos e celebrados nesta fase do pr\u00eamio. Nossos agradecimentos \u00e0s cooperativas e associa\u00e7\u00f5es do sistema RCM, bem como aos dedicados \u00e1rbitros que contribu\u00edram com suas avalia\u00e7\u00f5es imparciais. Desejamos boa sorte a todos os cafeicultores que participar\u00e3o desta etapa final, e esperamos que o sucesso continue a brilhar sobre a ind\u00fastria cafeeira do Cerrado Mineiro\u201d, destaca o diretor executivo da Federa\u00e7\u00e3o dos Cafeicultores do Cerrado.<\/p>\n","protected":false},"excerpt":{"rendered":"<p>A Federa\u00e7\u00e3o dos Cafeicultores do Cerrado realizou a Etapa de Ranqueamento Regional do 11\u00b0 Pr\u00eamio Regi\u00e3o do Cerrado Mineiro, de 26 a 28 de setembro. Um j\u00fari internacional avaliou os<\/p>\n","protected":false},"author":1,"featured_media":3074,"comment_status":"open","ping_status":"open","sticky":false,"template":"","format":"standard","meta":{"footnotes":""},"categories":[1],"tags":[],"class_list":["post-3073","post","type-post","status-publish","format-standard","has-post-thumbnail","hentry","category-noticias"],"_links":{"self":[{"href":"https:\/\/revistahubclub.com.br\/portal\/wp-json\/wp\/v2\/posts\/3073","targetHints":{"allow":["GET"]}}],"collection":[{"href":"https:\/\/revistahubclub.com.br\/portal\/wp-json\/wp\/v2\/posts"}],"about":[{"href":"https:\/\/revistahubclub.com.br\/portal\/wp-json\/wp\/v2\/types\/post"}],"author":[{"embeddable":true,"href":"https:\/\/revistahubclub.com.br\/portal\/wp-json\/wp\/v2\/users\/1"}],"replies":[{"embeddable":true,"href":"https:\/\/revistahubclub.com.br\/portal\/wp-json\/wp\/v2\/comments?post=3073"}],"version-history":[{"count":1,"href":"https:\/\/revistahubclub.com.br\/portal\/wp-json\/wp\/v2\/posts\/3073\/revisions"}],"predecessor-version":[{"id":3075,"href":"https:\/\/revistahubclub.com.br\/portal\/wp-json\/wp\/v2\/posts\/3073\/revisions\/3075"}],"wp:featuredmedia":[{"embeddable":true,"href":"https:\/\/revistahubclub.com.br\/portal\/wp-json\/wp\/v2\/media\/3074"}],"wp:attachment":[{"href":"https:\/\/revistahubclub.com.br\/portal\/wp-json\/wp\/v2\/media?parent=3073"}],"wp:term":[{"taxonomy":"category","embeddable":true,"href":"https:\/\/revistahubclub.com.br\/portal\/wp-json\/wp\/v2\/categories?post=3073"},{"taxonomy":"post_tag","embeddable":true,"href":"https:\/\/revistahubclub.com.br\/portal\/wp-json\/wp\/v2\/tags?post=3073"}],"curies":[{"name":"wp","href":"https:\/\/api.w.org\/{rel}","templated":true}]}}