{"id":335,"date":"2024-10-28T14:57:39","date_gmt":"2024-10-28T17:57:39","guid":{"rendered":"https:\/\/revistahubclub.com.br\/portal\/?p=335"},"modified":"2024-12-11T14:58:18","modified_gmt":"2024-12-11T17:58:18","slug":"professores-de-uberlandia-se-tornam-alunos-em-processo-continuo-de-formacao-pelo-pacto-pela-alfabetizacao","status":"publish","type":"post","link":"https:\/\/revistahubclub.com.br\/portal\/2024\/10\/28\/professores-de-uberlandia-se-tornam-alunos-em-processo-continuo-de-formacao-pelo-pacto-pela-alfabetizacao\/","title":{"rendered":"Professores de Uberl\u00e2ndia se tornam alunos em processo cont\u00ednuo de forma\u00e7\u00e3o\u00a0pelo Pacto pela Alfabetiza\u00e7\u00e3o"},"content":{"rendered":"\n<p id=\"viewer-4frhq30\"><em>Programa vem transformando resultados da educa\u00e7\u00e3o b\u00e1sica na cidade<\/em><\/p>\n\n\n\n<p id=\"viewer-jzmfh32\">&nbsp;<\/p>\n\n\n\n<p id=\"viewer-zg1hc34\">Enquanto o pa\u00eds busca solu\u00e7\u00f5es para garantir a alfabetiza\u00e7\u00e3o das crian\u00e7as no tempo adequado, Uberl\u00e2ndia se destaca como um exemplo no desenvolvimento da leitura e escrita na idade certa. \u00c0 frente desse movimento est\u00e3o cerca de 412 professores da rede municipal de ensino que, mais que ensinar, se encontram em um processo cont\u00ednuo de forma\u00e7\u00e3o, assumindo compromisso com o Pacto pela Alfabetiza\u00e7\u00e3o, em parceria com o Instituto Projeto de Vida, Aciub, Instituto Raiar e Prefeitura de Uberl\u00e2ndia.<\/p>\n\n\n\n<p id=\"viewer-dpc7936\">O Pacto pela Alfabetiza\u00e7\u00e3o, que atende mais de 10 mil crian\u00e7as do 1\u00ba e 2\u00ba ano, transforma a sala de aula em um ambiente rico de aprendizagem, proporcionando resultados expressivos na leitura e flu\u00eancia dos estudantes, por meio do ensino estruturado.<\/p>\n\n\n\n<p id=\"viewer-59q8838\">A forma\u00e7\u00e3o dos professores n\u00e3o se limita ao in\u00edcio do ano letivo. O processo \u00e9 cont\u00ednuo, com forma\u00e7\u00f5es espec\u00edficas ao longo do ano, focadas em metodologias como a instru\u00e7\u00e3o f\u00f4nica, essencial para a decodifica\u00e7\u00e3o das palavras e a compreens\u00e3o leitora. No 1\u00ba ano, o foco est\u00e1 em garantir que as crian\u00e7as conhe\u00e7am e pratiquem todos os fonemas; no 2\u00ba ano, o objetivo \u00e9 assegurar que a leitura seja fluida e compreensiva, consolidando o processo de alfabetiza\u00e7\u00e3o.<\/p>\n\n\n\n<p id=\"viewer-tb9qo40\">Para Raquel Garcia, presidente executiva do Instituto Projeto de Vida, os professores s\u00e3o os pilares dessa transforma\u00e7\u00e3o. &#8220;Estamos sempre buscando formas de apoiar e preparar esses profissionais para enfrentarem os desafios da sala de aula de forma eficaz e inovadora. O compromisso cont\u00ednuo com a forma\u00e7\u00e3o dos docentes \u00e9 o que garante o avan\u00e7o constante nos resultados de alfabetiza\u00e7\u00e3o na cidade\u201d, avalia.<\/p>\n\n\n\n<p id=\"viewer-d7e7s84\"><strong>A jornada de forma\u00e7\u00e3o: professores como protagonistas<\/strong><\/p>\n\n\n\n<p id=\"viewer-8tuli44\">O Pacto pela Alfabetiza\u00e7\u00e3o n\u00e3o apenas oferece um programa de forma\u00e7\u00e3o inicial, mas tamb\u00e9m se aprofunda em forma\u00e7\u00f5es cont\u00ednuas ao longo do ano letivo. Entre os temas abordados est\u00e3o como trabalhar o som das letras, garantir a flu\u00eancia leitora e utilizar os materiais did\u00e1ticos disponibilizados.&nbsp;Essas forma\u00e7\u00f5es tamb\u00e9m s\u00e3o complementadas por avalia\u00e7\u00f5es processuais, que ajudam a identificar necessidades espec\u00edficas e ajustar as estrat\u00e9gias de ensino.<\/p>\n\n\n\n<p id=\"viewer-beojj46\">\u201cEstar em constante forma\u00e7\u00e3o nos d\u00e1 a seguran\u00e7a e as ferramentas para melhorar a cada dia. Temos que estar sempre \u00e0 frente, garantindo que nossos alunos n\u00e3o s\u00f3 leiam, mas compreendam o que est\u00e3o lendo\u201d, diz a professora Gigliane Narciso de Souza, que atua no 1\u00ba ano do ensino fundamental.<\/p>\n\n\n\n<p id=\"viewer-xxapu48\">O acompanhamento&nbsp;cont\u00ednuo \u00e9 coordenado pela da Secretaria&nbsp;Municipal de Educa\u00e7\u00e3o, por meio da equipe pedag\u00f3gica dos anos iniciais do Ensino Fundamental\/Cemepe. \u201cO Pacto se prop\u00f5e a oferecer aos munic\u00edpios um ensino estruturado, materiais unificados e baseados em evid\u00eancias, al\u00e9m de um sistema de monitoramento e gest\u00e3o da interven\u00e7\u00e3o que nos permite alcan\u00e7ar um alinhamento em nossa pol\u00edtica da rede. Aceitamos esse desafio com a convic\u00e7\u00e3o de que, como gestores da educa\u00e7\u00e3o, temos o dever de garantir o melhor para nossas crian\u00e7as\u201d, afirma a secret\u00e1ria municipal de Educa\u00e7\u00e3o,&nbsp;Tania Toledo.<\/p>\n\n\n\n<p id=\"viewer-q2388105\"><strong>Impacto positivo<\/strong><\/p>\n\n\n\n<p id=\"viewer-yxhm752\">Com 209 professores atendendo 5.119 crian\u00e7as do 1\u00ba ano e 203 docentes respons\u00e1veis por 5.193 alunos no 2\u00ba ano, o Pacto pela Alfabetiza\u00e7\u00e3o tem consolidado Uberl\u00e2ndia como um exemplo de sucesso educacional.&nbsp;\u201cA alfabetiza\u00e7\u00e3o \u00e9 um processo complexo e sabemos que os professores s\u00e3o protagonistas dessa jornada. Com o suporte adequado, eles podem transformar vidas e garantir um futuro promissor para as crian\u00e7as\u201d, completa Raquel.<\/p>\n\n\n\n<p id=\"viewer-nrdh3124\"><strong>Sobre o Pacto pela Alfabetiza\u00e7\u00e3o<\/strong><\/p>\n\n\n\n<p id=\"viewer-wsadr56\">O Pacto pela Alfabetiza\u00e7\u00e3o foi implantando em 2022 na Rede Municipal de Ensino de Uberl\u00e2ndia e atua para garantir o direito constitucional das crian\u00e7as serem alfabetizadas na idade certa, consolidando este processo ao final do 2\u00ba ano do Ensino Fundamental, conforme preconiza a Pol\u00edtica Nacional de Alfabetiza\u00e7\u00e3o. A implanta\u00e7\u00e3o do Pacto na cidade&nbsp;est\u00e1 em conson\u00e2ncia com o Compromisso Nacional Crian\u00e7a Alfabetizada que visa elevar a qualidade da alfabetiza\u00e7\u00e3o, combater o analfabetismo em todo o territ\u00f3rio brasileiro e promover pr\u00e1ticas de alfabetiza\u00e7\u00e3o mais eficazes, a fim de criar melhores condi\u00e7\u00f5es para o ensino e a aprendizagem das habilidades de leitura e de escrita em todo o pa\u00eds.<\/p>\n\n\n\n<p id=\"viewer-b2f78143\"><strong>Sobre o Instituto Projeto de Vida<\/strong><\/p>\n\n\n\n<p id=\"viewer-1cetp60\">Organiza\u00e7\u00e3o social criada em 2018 como forma pr\u00e1tica de dar oportunidades a pessoas, comunidades e escolas, atrav\u00e9s da educa\u00e7\u00e3o e&nbsp;da disponibilidade de ferramentas e profissionais que auxiliam no desenvolvimento profissional e humano dos beneficiados pelos programas disponibilizados. O IPV tem como foco levar solu\u00e7\u00f5es que gerem impacto por onde passar. A mudan\u00e7a de vida, cria\u00e7\u00e3o de oportunidades e desenvolvimento pessoal e comportamental de cada beneficiado \u00e9 o que move o Instituto.<\/p>\n","protected":false},"excerpt":{"rendered":"<p>Programa vem transformando resultados da educa\u00e7\u00e3o b\u00e1sica na cidade &nbsp; Enquanto o pa\u00eds busca solu\u00e7\u00f5es para garantir a alfabetiza\u00e7\u00e3o das crian\u00e7as no tempo adequado, Uberl\u00e2ndia se destaca como um exemplo<\/p>\n","protected":false},"author":1,"featured_media":336,"comment_status":"open","ping_status":"open","sticky":false,"template":"","format":"standard","meta":{"footnotes":""},"categories":[1],"tags":[],"class_list":["post-335","post","type-post","status-publish","format-standard","has-post-thumbnail","hentry","category-noticias"],"_links":{"self":[{"href":"https:\/\/revistahubclub.com.br\/portal\/wp-json\/wp\/v2\/posts\/335","targetHints":{"allow":["GET"]}}],"collection":[{"href":"https:\/\/revistahubclub.com.br\/portal\/wp-json\/wp\/v2\/posts"}],"about":[{"href":"https:\/\/revistahubclub.com.br\/portal\/wp-json\/wp\/v2\/types\/post"}],"author":[{"embeddable":true,"href":"https:\/\/revistahubclub.com.br\/portal\/wp-json\/wp\/v2\/users\/1"}],"replies":[{"embeddable":true,"href":"https:\/\/revistahubclub.com.br\/portal\/wp-json\/wp\/v2\/comments?post=335"}],"version-history":[{"count":1,"href":"https:\/\/revistahubclub.com.br\/portal\/wp-json\/wp\/v2\/posts\/335\/revisions"}],"predecessor-version":[{"id":337,"href":"https:\/\/revistahubclub.com.br\/portal\/wp-json\/wp\/v2\/posts\/335\/revisions\/337"}],"wp:featuredmedia":[{"embeddable":true,"href":"https:\/\/revistahubclub.com.br\/portal\/wp-json\/wp\/v2\/media\/336"}],"wp:attachment":[{"href":"https:\/\/revistahubclub.com.br\/portal\/wp-json\/wp\/v2\/media?parent=335"}],"wp:term":[{"taxonomy":"category","embeddable":true,"href":"https:\/\/revistahubclub.com.br\/portal\/wp-json\/wp\/v2\/categories?post=335"},{"taxonomy":"post_tag","embeddable":true,"href":"https:\/\/revistahubclub.com.br\/portal\/wp-json\/wp\/v2\/tags?post=335"}],"curies":[{"name":"wp","href":"https:\/\/api.w.org\/{rel}","templated":true}]}}