{"id":338,"date":"2024-10-25T14:58:20","date_gmt":"2024-10-25T17:58:20","guid":{"rendered":"https:\/\/revistahubclub.com.br\/portal\/?p=338"},"modified":"2024-12-11T14:59:46","modified_gmt":"2024-12-11T17:59:46","slug":"marise-romano-personalidades-uberabenses-em-destaque","status":"publish","type":"post","link":"https:\/\/revistahubclub.com.br\/portal\/2024\/10\/25\/marise-romano-personalidades-uberabenses-em-destaque\/","title":{"rendered":"Marise Romano &#8211; Personalidades uberabenses em destaque"},"content":{"rendered":"\n<p id=\"viewer-foo\"><strong><em>Publi Editorial | Fotos Marise Romano<\/em><\/strong><\/p>\n\n\n\n<p id=\"viewer-3w5nm1682\">A coluna social desse m\u00eas presta homenagem a alguns advogados de destaque nas cidades de Uberaba e regi\u00e3o. O trabalho realizado com dedica\u00e7\u00e3o e honestidade deve ser valorizado, pois promove a concilia\u00e7\u00e3o e a paz.<\/p>\n\n\n\n<figure class=\"wp-block-image size-full\"><img loading=\"lazy\" decoding=\"async\" width=\"740\" height=\"317\" src=\"https:\/\/revistahubclub.com.br\/portal\/wp-content\/uploads\/2024\/12\/faf46e_146387d0c1dd4022925a1abc6f3cd79bmv2.webp\" alt=\"\" class=\"wp-image-340\" srcset=\"https:\/\/revistahubclub.com.br\/portal\/wp-content\/uploads\/2024\/12\/faf46e_146387d0c1dd4022925a1abc6f3cd79bmv2.webp 740w, https:\/\/revistahubclub.com.br\/portal\/wp-content\/uploads\/2024\/12\/faf46e_146387d0c1dd4022925a1abc6f3cd79bmv2-300x129.webp 300w\" sizes=\"auto, (max-width: 740px) 100vw, 740px\" \/><\/figure>\n\n\n\n<figure class=\"wp-block-image size-full\"><img loading=\"lazy\" decoding=\"async\" width=\"740\" height=\"492\" src=\"https:\/\/revistahubclub.com.br\/portal\/wp-content\/uploads\/2024\/12\/faf46e_7f5684c7b25b474287fc291faad3cd7amv2.webp\" alt=\"\" class=\"wp-image-341\" srcset=\"https:\/\/revistahubclub.com.br\/portal\/wp-content\/uploads\/2024\/12\/faf46e_7f5684c7b25b474287fc291faad3cd7amv2.webp 740w, https:\/\/revistahubclub.com.br\/portal\/wp-content\/uploads\/2024\/12\/faf46e_7f5684c7b25b474287fc291faad3cd7amv2-300x199.webp 300w\" sizes=\"auto, (max-width: 740px) 100vw, 740px\" \/><\/figure>\n","protected":false},"excerpt":{"rendered":"<p>Publi Editorial | Fotos Marise Romano A coluna social desse m\u00eas presta homenagem a alguns advogados de destaque nas cidades de Uberaba e regi\u00e3o. O trabalho realizado com dedica\u00e7\u00e3o e<\/p>\n","protected":false},"author":1,"featured_media":339,"comment_status":"open","ping_status":"open","sticky":false,"template":"","format":"standard","meta":{"footnotes":""},"categories":[1],"tags":[],"class_list":["post-338","post","type-post","status-publish","format-standard","has-post-thumbnail","hentry","category-noticias"],"_links":{"self":[{"href":"https:\/\/revistahubclub.com.br\/portal\/wp-json\/wp\/v2\/posts\/338","targetHints":{"allow":["GET"]}}],"collection":[{"href":"https:\/\/revistahubclub.com.br\/portal\/wp-json\/wp\/v2\/posts"}],"about":[{"href":"https:\/\/revistahubclub.com.br\/portal\/wp-json\/wp\/v2\/types\/post"}],"author":[{"embeddable":true,"href":"https:\/\/revistahubclub.com.br\/portal\/wp-json\/wp\/v2\/users\/1"}],"replies":[{"embeddable":true,"href":"https:\/\/revistahubclub.com.br\/portal\/wp-json\/wp\/v2\/comments?post=338"}],"version-history":[{"count":1,"href":"https:\/\/revistahubclub.com.br\/portal\/wp-json\/wp\/v2\/posts\/338\/revisions"}],"predecessor-version":[{"id":342,"href":"https:\/\/revistahubclub.com.br\/portal\/wp-json\/wp\/v2\/posts\/338\/revisions\/342"}],"wp:featuredmedia":[{"embeddable":true,"href":"https:\/\/revistahubclub.com.br\/portal\/wp-json\/wp\/v2\/media\/339"}],"wp:attachment":[{"href":"https:\/\/revistahubclub.com.br\/portal\/wp-json\/wp\/v2\/media?parent=338"}],"wp:term":[{"taxonomy":"category","embeddable":true,"href":"https:\/\/revistahubclub.com.br\/portal\/wp-json\/wp\/v2\/categories?post=338"},{"taxonomy":"post_tag","embeddable":true,"href":"https:\/\/revistahubclub.com.br\/portal\/wp-json\/wp\/v2\/tags?post=338"}],"curies":[{"name":"wp","href":"https:\/\/api.w.org\/{rel}","templated":true}]}}