{"id":350,"date":"2024-10-25T15:01:33","date_gmt":"2024-10-25T18:01:33","guid":{"rendered":"https:\/\/revistahubclub.com.br\/portal\/?p=350"},"modified":"2024-12-11T15:02:18","modified_gmt":"2024-12-11T18:02:18","slug":"a-importancia-da-imagem-profissional","status":"publish","type":"post","link":"https:\/\/revistahubclub.com.br\/portal\/2024\/10\/25\/a-importancia-da-imagem-profissional\/","title":{"rendered":"A import\u00e2ncia da imagem profissional"},"content":{"rendered":"\n<p id=\"viewer-s32891408\">No ambiente competitivo do mercado de trabalho atual, ser competente em sua fun\u00e7\u00e3o n\u00e3o \u00e9 sufi ciente. \u00c9 vital comunicar essa compet\u00eancia de maneira eficaz. A constru\u00e7\u00e3o de uma imagem profissional s\u00f3lida e coerente tornou-se um diferencial indispens\u00e1vel para quem deseja se destacar e alcan\u00e7ar o sucesso.<\/p>\n\n\n\n<p id=\"viewer-czolt1309\">A imagem profissional vai al\u00e9m da apar\u00eancia f\u00edsica; ela \u00e9 uma extens\u00e3o de suas habilidades, valores e da mensagem que voc\u00ea deseja transmitir. Em outras palavras, sua imagem deve refletir n\u00e3o apenas sua autenticidade, mas tamb\u00e9m o estilo profissional que voc\u00ea pretende projetar. Em um mundo onde as primeiras impress\u00f5es s\u00e3o formadas em quest\u00e3o de segundos, a maneira como voc\u00ea se apresenta pode influenciar significativamente a percep\u00e7\u00e3o de colegas, superiores e clientes.<\/p>\n\n\n\n<p id=\"viewer-qzx2r1379\">Por exemplo, um advogado que deseja transmitir seriedade e confian\u00e7a pode optar por um guarda-roupa composto por trajes formais e bem ajustados, em cores s\u00f3brias, complementados por acess\u00f3rios discretos. Por outro lado, um profissional criativo, como um designer, pode preferir um visual mais descontra\u00eddo e inovador, que comunique sua originalidade e capacidade de trazer novas perspectivas. Embora seja crucial alinhar sua imagem com as expectativas do seu setor, \u00e9 igualmente importante que essa imagem seja aut\u00eantica.<\/p>\n\n\n\n<p id=\"viewer-diuc41371\">Projetar uma imagem que n\u00e3o corresponde \u00e0 sua verdadeira identidade pode ser exaustivo e, eventualmente, contraproducente. A autenticidade gera confian\u00e7a e estabelece uma base s\u00f3lida para relacionamentos profissionais genu\u00ednos. Encontrar o equil\u00edbrio entre profissionalismo e individualidade \u00e9 desafiador, mas fundamental. Seu estilo pessoal deve ser adaptado ao ambiente de trabalho sem sacrificar sua ess\u00eancia.<\/p>\n\n\n\n<p id=\"viewer-0w8vz1390\">Essa autenticidade pode se expressar em detalhes sutis, como a escolha das cores, acess\u00f3rios ou cortes de cabelo, que estejam em harmonia com a cultura da empresa e com seu pr\u00f3prio conforto e autoconfian\u00e7a. Em um mercado de trabalho altamente competitivo, sua imagem pode ser o diferencial que o destaca.<\/p>\n\n\n\n<p id=\"viewer-zxuo41401\">Al\u00e9m das habilidades t\u00e9cnicas e experi\u00eancia, empregadores e clientes valorizam a apresenta\u00e7\u00e3o pessoal, que reflete profissionalismo, aten\u00e7\u00e3o aos detalhes e comprometimento. A imagem profissional \u00e9 um componente essencial para o sucesso no mercado de trabalho. Ela complementa suas habilidades e compet\u00eancias, ao mesmo tempo em que reflete quem voc\u00ea \u00e9 e como deseja ser percebido. Investir tempo e esfor\u00e7o na constru\u00e7\u00e3o de uma imagem aut\u00eantica e alinhada com seu estilo profissional pode abrir portas e criar oportunidades significativas para sua carreira.<\/p>\n\n\n\n<p id=\"viewer-7t46n1229\"><em>Samantha Godoy \u00e9 consultora de Imagem Profi ssional e Corporativa. Membro da AICI (Associa\u00e7\u00e3o Internacional dos Consultores de Imagem). Co-autora do livro: Uma nova forma de empreender.<\/em><\/p>\n","protected":false},"excerpt":{"rendered":"<p>No ambiente competitivo do mercado de trabalho atual, ser competente em sua fun\u00e7\u00e3o n\u00e3o \u00e9 sufi ciente. \u00c9 vital comunicar essa compet\u00eancia de maneira eficaz. A constru\u00e7\u00e3o de uma imagem<\/p>\n","protected":false},"author":1,"featured_media":351,"comment_status":"open","ping_status":"open","sticky":false,"template":"","format":"standard","meta":{"footnotes":""},"categories":[1],"tags":[],"class_list":["post-350","post","type-post","status-publish","format-standard","has-post-thumbnail","hentry","category-noticias"],"_links":{"self":[{"href":"https:\/\/revistahubclub.com.br\/portal\/wp-json\/wp\/v2\/posts\/350","targetHints":{"allow":["GET"]}}],"collection":[{"href":"https:\/\/revistahubclub.com.br\/portal\/wp-json\/wp\/v2\/posts"}],"about":[{"href":"https:\/\/revistahubclub.com.br\/portal\/wp-json\/wp\/v2\/types\/post"}],"author":[{"embeddable":true,"href":"https:\/\/revistahubclub.com.br\/portal\/wp-json\/wp\/v2\/users\/1"}],"replies":[{"embeddable":true,"href":"https:\/\/revistahubclub.com.br\/portal\/wp-json\/wp\/v2\/comments?post=350"}],"version-history":[{"count":1,"href":"https:\/\/revistahubclub.com.br\/portal\/wp-json\/wp\/v2\/posts\/350\/revisions"}],"predecessor-version":[{"id":352,"href":"https:\/\/revistahubclub.com.br\/portal\/wp-json\/wp\/v2\/posts\/350\/revisions\/352"}],"wp:featuredmedia":[{"embeddable":true,"href":"https:\/\/revistahubclub.com.br\/portal\/wp-json\/wp\/v2\/media\/351"}],"wp:attachment":[{"href":"https:\/\/revistahubclub.com.br\/portal\/wp-json\/wp\/v2\/media?parent=350"}],"wp:term":[{"taxonomy":"category","embeddable":true,"href":"https:\/\/revistahubclub.com.br\/portal\/wp-json\/wp\/v2\/categories?post=350"},{"taxonomy":"post_tag","embeddable":true,"href":"https:\/\/revistahubclub.com.br\/portal\/wp-json\/wp\/v2\/tags?post=350"}],"curies":[{"name":"wp","href":"https:\/\/api.w.org\/{rel}","templated":true}]}}