{"id":387,"date":"2024-10-23T15:10:29","date_gmt":"2024-10-23T18:10:29","guid":{"rendered":"https:\/\/revistahubclub.com.br\/portal\/?p=387"},"modified":"2024-12-11T15:11:14","modified_gmt":"2024-12-11T18:11:14","slug":"a-era-da-comoditizacao","status":"publish","type":"post","link":"https:\/\/revistahubclub.com.br\/portal\/2024\/10\/23\/a-era-da-comoditizacao\/","title":{"rendered":"A era da \u201ccomoditiza\u00e7\u00e3o\u201d"},"content":{"rendered":"\n<p id=\"viewer-foo\">Avan\u00e7o da tecnologia refor\u00e7a esse conceito<\/p>\n\n\n\n<p id=\"viewer-jzwuj1633\"><strong><em>Cezar Hon\u00f3rio | Fotos Divulga\u00e7\u00e3o<\/em><\/strong><\/p>\n\n\n\n<p id=\"viewer-9wjsd1666\">A chamada intelig\u00eancia artificial, pintada como a maior mudan\u00e7a para a humanidade desde a revolu\u00e7\u00e3o industrial, de fato, tem todo este potencial? S\u00f3 o tempo responder\u00e1 esta pergunta com alguma precis\u00e3o. Mas \u00e9 poss\u00edvel fazer algumas infer\u00eancias. A sociedade atual passa por um momento de \u201ccomoditiza\u00e7\u00e3o\u201d em n\u00edveis nunca imaginados. Inclusive da imagem humana. O avan\u00e7o das tecnologias permite, por exemplo, que se fa\u00e7a ajustes f\u00edsicos no corpo e especialmente na face. O resultado da tal harmoniza\u00e7\u00e3o facial \u2013 em alguns casos \u201cdemoniza\u00e7\u00e3o\u201d facial, segundo defini\u00e7\u00e3o de uma amiga \u2013 \u00e9 a utopia de um padr\u00e3o de beleza homog\u00eaneo. Como se isso fosse uma virtude. De qualquer forma, a hist\u00f3ria mostra que esses movimentos s\u00e3o c\u00edclicos. O que significa dizer que no futuro certamente caracter\u00edsticas que nos tornam \u00fanicos como uma combina\u00e7\u00e3o de nariz grande e boca fina associada a olhos pretos ou coloridos voltar\u00e1 a ter mais valor do que o atual cen\u00e1rio de beleza que quando n\u00e3o nos leva \u00e0 monotonia, por vezes, nos passa sustos com resultados duvidosos. Mas voltando \u00e0 quest\u00e3o inicial sobre a intelig\u00eancia artificial, certamente esta tecnologia est\u00e1 refor\u00e7ando ainda mais este conceito de comoditiza\u00e7\u00e3o da humanidade. Todos os setores precisar\u00e3o se ajustam a este cen\u00e1rio. A educa\u00e7\u00e3o e a comunica\u00e7\u00e3o, por exemplo, passaram a conviver com reda\u00e7\u00f5es, reportagens e textos publicit\u00e1rios iguais ou muito parecidos. O que s\u00f3 tornou a originalidade de ousadia ainda mais admir\u00e1veis. No atacado, isso gera algum resultado. Mas, no varejo, continuar\u00e1 prevalecendo a criatividade e capacidade cognitiva que s\u00f3 existe no c\u00e9rebro humano. Pelo simples fato que nem a intelig\u00eancia artificial mais espetacular ser\u00e1 capaz, mesmo num futuro distante, capitar e digerir com precis\u00e3o as emo\u00e7\u00f5es humanas. Sabe aquela sensa\u00e7\u00e3o que a gente tem quando visita um cen\u00e1rio natural \u00fanico que nenhum equipamento fotogr\u00e1fico \u00e9 capaz de retratar com exatid\u00e3o? Ent\u00e3o, isso ocorre primeiro porque o olho humano ainda \u00e9 a melhor ferramenta para capitar imagens. Segundo porque somente voc\u00ea, que estava ali naquela combina\u00e7\u00e3o \u00fanica de aromas e luzes associada ao seu estado emocional, percebe todo o potencial daquela experi\u00eancia. Para n\u00e3o deixar o caro leitor sem uma conclus\u00e3o, digo que assim como a roda, energia el\u00e9trica e o telefone, a dita intelig\u00eancia artificial \u00e9 sim um instrumento importante que veio para facilitar ainda mais a vida da humanidade. At\u00e9 para que possamos ter mais tempo para vivenciar momentos extraordin\u00e1rios como sentir a emo\u00e7\u00e3o de estar no topo de uma montanha ou vivenciar o calor e o perfume \u00e0 beira mar. Que assim seja!<\/p>\n\n\n\n<p id=\"viewer-1jd0g1650\"><strong><em>Cezar Hon\u00f3rio Teixeira \u00e9 jornalista e fundador da Legatu \u2013 Hist\u00f3ria de Marca <\/em><\/strong><a target=\"_blank\" href=\"http:\/\/www.legatu.com.br\/\" rel=\"noreferrer noopener\"><strong><em>www.legatu.com.br<\/em><\/strong><\/a><\/p>\n","protected":false},"excerpt":{"rendered":"<p>Avan\u00e7o da tecnologia refor\u00e7a esse conceito Cezar Hon\u00f3rio | Fotos Divulga\u00e7\u00e3o A chamada intelig\u00eancia artificial, pintada como a maior mudan\u00e7a para a humanidade desde a revolu\u00e7\u00e3o industrial, de fato, tem<\/p>\n","protected":false},"author":1,"featured_media":388,"comment_status":"open","ping_status":"open","sticky":false,"template":"","format":"standard","meta":{"footnotes":""},"categories":[1],"tags":[],"class_list":["post-387","post","type-post","status-publish","format-standard","has-post-thumbnail","hentry","category-noticias"],"_links":{"self":[{"href":"https:\/\/revistahubclub.com.br\/portal\/wp-json\/wp\/v2\/posts\/387","targetHints":{"allow":["GET"]}}],"collection":[{"href":"https:\/\/revistahubclub.com.br\/portal\/wp-json\/wp\/v2\/posts"}],"about":[{"href":"https:\/\/revistahubclub.com.br\/portal\/wp-json\/wp\/v2\/types\/post"}],"author":[{"embeddable":true,"href":"https:\/\/revistahubclub.com.br\/portal\/wp-json\/wp\/v2\/users\/1"}],"replies":[{"embeddable":true,"href":"https:\/\/revistahubclub.com.br\/portal\/wp-json\/wp\/v2\/comments?post=387"}],"version-history":[{"count":1,"href":"https:\/\/revistahubclub.com.br\/portal\/wp-json\/wp\/v2\/posts\/387\/revisions"}],"predecessor-version":[{"id":389,"href":"https:\/\/revistahubclub.com.br\/portal\/wp-json\/wp\/v2\/posts\/387\/revisions\/389"}],"wp:featuredmedia":[{"embeddable":true,"href":"https:\/\/revistahubclub.com.br\/portal\/wp-json\/wp\/v2\/media\/388"}],"wp:attachment":[{"href":"https:\/\/revistahubclub.com.br\/portal\/wp-json\/wp\/v2\/media?parent=387"}],"wp:term":[{"taxonomy":"category","embeddable":true,"href":"https:\/\/revistahubclub.com.br\/portal\/wp-json\/wp\/v2\/categories?post=387"},{"taxonomy":"post_tag","embeddable":true,"href":"https:\/\/revistahubclub.com.br\/portal\/wp-json\/wp\/v2\/tags?post=387"}],"curies":[{"name":"wp","href":"https:\/\/api.w.org\/{rel}","templated":true}]}}