{"id":422,"date":"2024-10-22T15:36:08","date_gmt":"2024-10-22T18:36:08","guid":{"rendered":"https:\/\/revistahubclub.com.br\/portal\/?p=422"},"modified":"2024-12-11T15:36:51","modified_gmt":"2024-12-11T18:36:51","slug":"visionarios-notaveis-construiram-a-uberlandia-de-2024","status":"publish","type":"post","link":"https:\/\/revistahubclub.com.br\/portal\/2024\/10\/22\/visionarios-notaveis-construiram-a-uberlandia-de-2024\/","title":{"rendered":"Vision\u00e1rios not\u00e1veis constru\u00edram a Uberl\u00e2ndia de 2024"},"content":{"rendered":"\n<p id=\"viewer-foo\">Tend\u00eancia \u00e9 da regi\u00e3o ser cada vez mais cosmopolita.<\/p>\n\n\n\n<p id=\"viewer-xmdq1591\"><strong><em>Jos\u00e9 Mauro Floriano | Foto Divulga\u00e7\u00e3o<\/em><\/strong><\/p>\n\n\n\n<p id=\"viewer-09emg600\">Era uma madrugada de fevereiro de 1962, quando minha m\u00e3e entrou rapidamente nos corredores do Hospital Santo Agostinho, na avenida Jo\u00e3o Pinheiro, quase esquina da Rua Duque de Caxias. N\u00e3o demorou muito e eu nasci. Morava pr\u00f3ximo \u00e0 linha f\u00e9rrea da Mogiana, perto da CALU. Minhas primeiras lembran\u00e7as se originam do ano de 1967. Me mudei para a Rua Jata\u00ed entre as avenidas Afonso Pena e Jo\u00e3o Pinheiro. N\u00e3o havia TV em minha casa. Meu amigo Gerson Menezes de Faria e eu caminh\u00e1vamos at\u00e9 o in\u00edcio da avenida Afonso Pena para ver as TVs HALLEY fabricadas pelos irm\u00e3os Sim\u00e3o. Finalmente, meu pai comprou uma delas em 1969, obviamente, a imagem era preto e branco. Assistimos, em fam\u00edlia, \u00e0 transmiss\u00e3o do astronauta Neil Armstrong a pisar na lua em 1969 e, no ano seguinte, assistimos aos jogos da melhor sele\u00e7\u00e3o brasileira que j\u00e1 vi at\u00e9 hoje, vencedora da Copa de 1970. \u00c0 partir daquela \u00e9poca, Uberl\u00e2ndia se desenvolveu fortemente. Me lembro muito bem dos prefeitos Renato de Freitas e Virg\u00edlio Galassi, que se revezavam na prefeitura e faziam obras futuristas e gigantescas.<\/p>\n\n\n\n<p id=\"viewer-noq1h612\">Posso citar: Rodovi\u00e1ria e Pra\u00e7a S\u00e9rgio Pacheco em 1976, canaliza\u00e7\u00e3o da avenida Rondon Pacheco em 1981 e a constru\u00e7\u00e3o do Parque do Sabi\u00e1, inaugurado em 1982. Com apoio de lideran\u00e7as pol\u00edticas como o governador Rondon Pacheco e de deputados como Valdir Melga\u00e7o, Ronan Tito, Homero Santos, Pedro Gustin, Zaire Rezende, Luiz Humberto, Odelmo Le\u00e3o, dentre muitos outros, viabilizaram recursos federais e estaduais, criando e ampliando universidades e trazendo empresas nacionais e internacionais para a cidade. Na minha adolesc\u00eancia, lembro-me de algumas empresas como ASPASA, Granja Rezende, CTBC, Grupo Carfepe, Instituto Vall\u00e9e, Armaz\u00e9ns Martins, Armaz\u00e9m Peixoto, Armaz\u00e9m do Com\u00e9rcio, distribuidores de petr\u00f3leo como Stefani e Faleiros, onde seus acionistas e fam\u00edlias foram tamb\u00e9m vision\u00e1rios e deixaram seu legado que permanecem at\u00e9 aos dias de hoje. Vale aqui uma reflex\u00e3o: quais vision\u00e1rios estamos tendo o prazer de conviver, ouvir e apoiar? Quais s\u00e3o os seus projetos para os pr\u00f3ximos 100 anos? Uberl\u00e2ndia possui alguns \u00f3timos desafios que podemos citar: a constru\u00e7\u00e3o de vias r\u00e1pidas, linhas para os VLTs e trens de alta velocidade, rodovias e sem\u00e1foros inteligentes, constru\u00e7\u00f5es de resid\u00eancias e centros comerciais sustent\u00e1veis, educa\u00e7\u00e3o e prepara\u00e7\u00e3o das crian\u00e7as, adolescentes e jovens para as demandas e qualifica\u00e7\u00e3o das profiss\u00f5es do futuro, dentre outros. Por conhecer parte da hist\u00f3ria, potencialidades e caracter\u00edsticas de Uberl\u00e2ndia, assim como das nossas cidades do entorno, como Uberaba, Araguari, Monte Carmelo, Ituiutaba, Indian\u00f3polis, onde j\u00e1 residem in\u00fameras empresas e cidad\u00e3os estrangeiros, podemos considerar que j\u00e1 temos uma regi\u00e3o cosmopolita e a tend\u00eancia \u00e9 ser cada vez mais. Portanto, com um toque de aud\u00e1cia, ambi\u00e7\u00e3o e orgulho caracter\u00edsticos do povo que aqui reside, posso visualizar que em 2124 nossa regi\u00e3o ser\u00e1 chamada de \u201cNova Iorque do Tri\u00e2ngulo\u201d. Feliz anivers\u00e1rio Uberl\u00e2ndia! Parab\u00e9ns uberlandenses e uberlandinos!<\/p>\n\n\n\n<p id=\"viewer-zj770633\"><em>Jos\u00e9 Mauro Floriano \u00e9 Corretor e Avaliador Imobili\u00e1rio. MBA Gest\u00e3o Empresarial. Especialista em Gest\u00e3o Empresarial e Investimentos em Neg\u00f3cios Inovadores<\/em><\/p>\n","protected":false},"excerpt":{"rendered":"<p>Tend\u00eancia \u00e9 da regi\u00e3o ser cada vez mais cosmopolita. Jos\u00e9 Mauro Floriano | Foto Divulga\u00e7\u00e3o Era uma madrugada de fevereiro de 1962, quando minha m\u00e3e entrou rapidamente nos corredores do<\/p>\n","protected":false},"author":1,"featured_media":423,"comment_status":"open","ping_status":"open","sticky":false,"template":"","format":"standard","meta":{"footnotes":""},"categories":[1],"tags":[],"class_list":["post-422","post","type-post","status-publish","format-standard","has-post-thumbnail","hentry","category-noticias"],"_links":{"self":[{"href":"https:\/\/revistahubclub.com.br\/portal\/wp-json\/wp\/v2\/posts\/422","targetHints":{"allow":["GET"]}}],"collection":[{"href":"https:\/\/revistahubclub.com.br\/portal\/wp-json\/wp\/v2\/posts"}],"about":[{"href":"https:\/\/revistahubclub.com.br\/portal\/wp-json\/wp\/v2\/types\/post"}],"author":[{"embeddable":true,"href":"https:\/\/revistahubclub.com.br\/portal\/wp-json\/wp\/v2\/users\/1"}],"replies":[{"embeddable":true,"href":"https:\/\/revistahubclub.com.br\/portal\/wp-json\/wp\/v2\/comments?post=422"}],"version-history":[{"count":1,"href":"https:\/\/revistahubclub.com.br\/portal\/wp-json\/wp\/v2\/posts\/422\/revisions"}],"predecessor-version":[{"id":424,"href":"https:\/\/revistahubclub.com.br\/portal\/wp-json\/wp\/v2\/posts\/422\/revisions\/424"}],"wp:featuredmedia":[{"embeddable":true,"href":"https:\/\/revistahubclub.com.br\/portal\/wp-json\/wp\/v2\/media\/423"}],"wp:attachment":[{"href":"https:\/\/revistahubclub.com.br\/portal\/wp-json\/wp\/v2\/media?parent=422"}],"wp:term":[{"taxonomy":"category","embeddable":true,"href":"https:\/\/revistahubclub.com.br\/portal\/wp-json\/wp\/v2\/categories?post=422"},{"taxonomy":"post_tag","embeddable":true,"href":"https:\/\/revistahubclub.com.br\/portal\/wp-json\/wp\/v2\/tags?post=422"}],"curies":[{"name":"wp","href":"https:\/\/api.w.org\/{rel}","templated":true}]}}