{"id":4351,"date":"2023-04-11T14:10:00","date_gmt":"2023-04-11T17:10:00","guid":{"rendered":"https:\/\/revistahubclub.com.br\/portal\/?p=4351"},"modified":"2024-12-17T14:10:56","modified_gmt":"2024-12-17T17:10:56","slug":"prefeitura-de-uberlandia-inaugura-o-maior-viaduto-da-cidade","status":"publish","type":"post","link":"https:\/\/revistahubclub.com.br\/portal\/2023\/04\/11\/prefeitura-de-uberlandia-inaugura-o-maior-viaduto-da-cidade\/","title":{"rendered":"Prefeitura de Uberl\u00e2ndia inaugura o maior viaduto da cidade"},"content":{"rendered":"\n<p id=\"viewer-bag4q\">A Prefeitura de Uberl\u00e2ndia inaugurou, na manh\u00e3 desta segunda-feira (10), o maior viaduto da hist\u00f3ria da cidade. Constru\u00eddo na avenida Nicomedes Alves dos Santos sobre a avenida dos Vinhedos, na regi\u00e3o Sul, o equipamento, denominado viaduto Manoel Carlos Rodrigues de Castro Santos, favorecer\u00e1 a popula\u00e7\u00e3o com mais mobilidade urbana, garantindo qualidade e agilidade na locomo\u00e7\u00e3o. De ponta a ponta, a obra compreende 380 metros de extens\u00e3o.<\/p>\n\n\n\n<figure class=\"wp-block-image\"><img decoding=\"async\" src=\"https:\/\/static.wixstatic.com\/media\/cf07ad_9a568e1f5a4d4b02936f095461c66ea1~mv2.jpeg\/v1\/fill\/w_280,h_337,al_c,q_80,usm_0.66_1.00_0.01,enc_auto\/cf07ad_9a568e1f5a4d4b02936f095461c66ea1~mv2.jpeg\" alt=\"\"\/><\/figure>\n\n\n\n<p id=\"viewer-74ssg\">\u201cHoje materializamos mais um grande sonho da nossa gest\u00e3o, o viaduto da Nicomedes. Essa obra ser\u00e1 fundamental para o acesso entre o setor Sul e a \u00e1rea central de nossa cidade. Os projetos que executamos s\u00e3o pensados no bem comum de todos, no quanto podem contribuir com o cotidiano das pessoas. Assim, espero que esta seja mais uma rota que norteie o progresso de Uberl\u00e2ndia\u201d, celebrou o prefeito Odelmo Le\u00e3o.<\/p>\n\n\n\n<p id=\"viewer-30eb6\"><em>( Na foto: da esq. pra dir. o vice-prefeito Paulo S\u00e9rgio, o prefeito Odelmo Le\u00e3o e Ary de Castro Santos J\u00fanior, presidente do Grupo Parana\u00edba de Comunica\u00e7\u00e3o &#8211; Imagens de: Cleiton Borges\/Secretaria de Governo e Comunica\u00e7\u00e3o-PMU )<\/em><\/p>\n\n\n\n<p id=\"viewer-2t59c\">A previs\u00e3o \u00e9 que o viaduto receba, diariamente, uma m\u00e9dia de 120 mil ve\u00edculos, inclusive do transporte p\u00fablico, trafegando por suas quatro faixas de rolamento, sendo duas no sentido Centro\/Sul e outras duas no sentido Sul\/Centro. Em rela\u00e7\u00e3o \u00e0 largura, o viaduto disp\u00f5e de 15,3 metros e cada uma das faixas conta com 3,5 metros.<\/p>\n\n\n\n<p id=\"viewer-dsjud\">Ao todo, oito linhas do transporte p\u00fablico e mais de dez bairros passam a ser beneficiados com a disponibiliza\u00e7\u00e3o do equipamento pela administra\u00e7\u00e3o municipal. Outra melhoria possibilitada pelo viaduto ser\u00e1 um tr\u00e2nsito mais fluido para quem precisa acessar a BR-050 e o anel vi\u00e1rio pela avenida Nicomedes Alves dos Santos.<\/p>\n\n\n\n<p id=\"viewer-4cfg8\">\u201cEsta \u00e9 mais uma obra que certamente orgulha o nosso povo. Sem d\u00favida, trar\u00e1 um impacto positivo ao tr\u00e2nsito da regi\u00e3o. \u00c9 o maior viaduto de Uberl\u00e2ndia e vai auxiliar no atendimento de quem trafega pela Nicomedes, propiciando mais seguran\u00e7a e praticidade no dia a dia de todos\u201d, definiu o secret\u00e1rio de Obras, Norberto Nunes.<\/p>\n\n\n\n<p id=\"viewer-a976d\">No ponto que cruza sobre a avenida dos Vinhedos, o viaduto tem altura de 5,5 metros, permitindo uma trafegabilidade sem interfer\u00eancias por esta outra importante via da \u00e1rea sul. A obra foi executada pela BT Constru\u00e7\u00f5es Ltda., empresa vencedora de processo licitat\u00f3rio. O recurso investido pelo munic\u00edpio, or\u00e7ado em pouco mais de R$ 14 milh\u00f5es, \u00e9 oriundo de financiamento pelo Pr\u00f3-Transportes, obtido junto \u00e0 Caixa Econ\u00f4mica Federal, por meio do programa Uberl\u00e2ndia Integrada.<\/p>\n\n\n\n<figure class=\"wp-block-image\"><img decoding=\"async\" src=\"https:\/\/static.wixstatic.com\/media\/cf07ad_81e1e918138c4b6f8ab36317a9a46825~mv2.jpeg\/v1\/fill\/w_592,h_394,al_c,q_80,usm_0.66_1.00_0.01,enc_auto\/cf07ad_81e1e918138c4b6f8ab36317a9a46825~mv2.jpeg\" alt=\"\"\/><\/figure>\n\n\n\n<p id=\"viewer-9a7lr\"><em>( Cleiton Borges\/Secretaria de Governo e Comunica\u00e7\u00e3o-PMU )<\/em><\/p>\n\n\n\n<p id=\"viewer-bdia9\"><strong>Linhas de \u00f4nibus<\/strong><\/p>\n\n\n\n<p id=\"viewer-6ioro\">Pelo viaduto, passam a circular oito linhas do transporte p\u00fablico, sendo elas: A137, A142, A147, A148, A161, A162, A331 e I341. Incluindo dias \u00fateis e finais de semana, a estimativa \u00e9 de que cerca de 5.577 passageiros utilizem, diariamente, o novo equipamento entregue pela Prefeitura.<\/p>\n\n\n\n<p id=\"viewer-elvj1\"><strong>Homenageado<\/strong><\/p>\n\n\n\n<p id=\"viewer-960v9\">Nascido em Uberl\u00e2ndia, no dia 15 de setembro de 1984, Manoel Carlos Rodrigues de Castro Santos era analista de sistemas e foi respons\u00e1vel pela implanta\u00e7\u00e3o dos portais P10 e R7 Tri\u00e2ngulo. Esteve \u00e0 frente do processo de digitaliza\u00e7\u00e3o de conte\u00fados da TV Parana\u00edba, criando o centro de documenta\u00e7\u00e3o e mem\u00f3ria da emissora.<\/p>\n\n\n\n<p id=\"viewer-8crii\">Era bisneto de Nicomedes Alves dos Santos e filho de Martha Rodrigues de Castro Santos e Ary de Castro Santos J\u00fanior, presidente do Grupo Parana\u00edba de Comunica\u00e7\u00e3o. Ele faleceu aos 31 anos, em 15 de fevereiro de 2016.<\/p>\n","protected":false},"excerpt":{"rendered":"<p>A Prefeitura de Uberl\u00e2ndia inaugurou, na manh\u00e3 desta segunda-feira (10), o maior viaduto da hist\u00f3ria da cidade. Constru\u00eddo na avenida Nicomedes Alves dos Santos sobre a avenida dos Vinhedos, na<\/p>\n","protected":false},"author":1,"featured_media":4352,"comment_status":"open","ping_status":"open","sticky":false,"template":"","format":"standard","meta":{"footnotes":""},"categories":[1],"tags":[],"class_list":["post-4351","post","type-post","status-publish","format-standard","has-post-thumbnail","hentry","category-noticias"],"_links":{"self":[{"href":"https:\/\/revistahubclub.com.br\/portal\/wp-json\/wp\/v2\/posts\/4351","targetHints":{"allow":["GET"]}}],"collection":[{"href":"https:\/\/revistahubclub.com.br\/portal\/wp-json\/wp\/v2\/posts"}],"about":[{"href":"https:\/\/revistahubclub.com.br\/portal\/wp-json\/wp\/v2\/types\/post"}],"author":[{"embeddable":true,"href":"https:\/\/revistahubclub.com.br\/portal\/wp-json\/wp\/v2\/users\/1"}],"replies":[{"embeddable":true,"href":"https:\/\/revistahubclub.com.br\/portal\/wp-json\/wp\/v2\/comments?post=4351"}],"version-history":[{"count":1,"href":"https:\/\/revistahubclub.com.br\/portal\/wp-json\/wp\/v2\/posts\/4351\/revisions"}],"predecessor-version":[{"id":4353,"href":"https:\/\/revistahubclub.com.br\/portal\/wp-json\/wp\/v2\/posts\/4351\/revisions\/4353"}],"wp:featuredmedia":[{"embeddable":true,"href":"https:\/\/revistahubclub.com.br\/portal\/wp-json\/wp\/v2\/media\/4352"}],"wp:attachment":[{"href":"https:\/\/revistahubclub.com.br\/portal\/wp-json\/wp\/v2\/media?parent=4351"}],"wp:term":[{"taxonomy":"category","embeddable":true,"href":"https:\/\/revistahubclub.com.br\/portal\/wp-json\/wp\/v2\/categories?post=4351"},{"taxonomy":"post_tag","embeddable":true,"href":"https:\/\/revistahubclub.com.br\/portal\/wp-json\/wp\/v2\/tags?post=4351"}],"curies":[{"name":"wp","href":"https:\/\/api.w.org\/{rel}","templated":true}]}}